{"id":141578,"date":"2019-01-05T12:32:22","date_gmt":"2019-01-05T14:32:22","guid":{"rendered":"http:\/\/aconteceunovale.com.br\/portal\/?p=141578"},"modified":"2019-01-05T17:32:56","modified_gmt":"2019-01-05T19:32:56","slug":"dupla-e-detida-por-caca-ilegal-na-zona-rural-de-ninheira-no-norte-de-minas","status":"publish","type":"post","link":"https:\/\/aconteceunovale.com.br\/portal\/?p=141578","title":{"rendered":"Dupla \u00e9 detida por ca\u00e7a ilegal na zona rural de Ninheira, no Norte de Minas"},"content":{"rendered":"<p>Um homem de 35 anos foi preso e um adolescente, de 17, detido durante patrulhamento da Pol\u00edcia Militar na comunidade de Bela Vista, zona rural de Ninheira, na regi\u00e3o Norte de Minas Gerais, na noite dessa sexta-feira (4\/1\/2019). Segundo a PM, a dupla \u00e9 suspeita de ca\u00e7a ilegal de animais. <\/p>\n<p><center><br \/>\n<!-- Erro, o An\u00fancio n\u00e3o est\u00e1 dispon\u00edvel neste momento devido \u00e0s restri\u00e7\u00f5es de agendamento\/geolocaliza\u00e7\u00e3o! --><br \/>\n<\/br><br \/>\n<\/center><\/p>\n<p>Os dois foram abordados quando transitavam por uma estrada rural da comunidade, ap\u00f3s o homem de 35 anos tentar se livrar de uma espingarda escopeta. O suspeito estava ainda com v\u00e1rias muni\u00e7\u00f5es, uma faca, tr\u00eas r\u00e1dios comunicadores, uma codorna abatida e apitos usados para atrair animais silvestres. Com o menor, a pol\u00edcia encontrou outro r\u00e1dio comunicador.<\/p>\n<p>As motocicletas conduzidas pelos envolvidos foram apreendidas, pois os mesmos n\u00e3o eram habilitados.<\/p>\n<p><img decoding=\"async\" src=\"http:\/\/aconteceunovale.com.br\/portal\/wp-content\/uploads\/2019\/01\/cacadores_ninheira.jpeg\" alt=\"\" \/><em>Materiais de ca\u00e7a apreendidos pela pol\u00edcia \u2014 Foto: Pol\u00edcia Militar\/Divulga\u00e7\u00e3o<\/em><br \/>\n<\/br><\/p>\n<p><strong>VER PRIMEIRO<\/strong><\/p>\n<p>Receba as not\u00edcias do Aconteceu no Vale em primeira m\u00e3o. Clique em curtir no endere\u00e7o <a href=\"https:\/\/www.facebook.com\/aconteceunovale\" target=\"_blank\"><font color=\"red\">www.facebook.com\/aconteceunovale<\/font><\/a> ou no box abaixo:<\/p>\n<div class=\"fb-like\" data-href=\"https:\/\/www.facebook.com\/aconteceunovale\" data-width=\"120\" data-layout=\"standard\" data-action=\"like\" data-size=\"small\" data-show-faces=\"true\" data-share=\"true\"><\/div>\n<p><\/br><\/p>\n<p><em>(Fonte: G1 Grande Minas)<\/em><\/p>\n","protected":false},"excerpt":{"rendered":"<p>Um homem de 35 anos foi preso e um adolescente, de 17, detido durante patrulhamento da Pol\u00edcia Militar na comunidade de Bela Vista, zona rural de Ninheira, na regi\u00e3o Norte de Minas Gerais, na noite dessa sexta-feira (4\/1\/2019). Segundo a PM, a dupla \u00e9 suspeita de ca\u00e7a ilegal de animais. Os dois foram abordados quando [&hellip;]<\/p>\n","protected":false},"author":1,"featured_media":141579,"comment_status":"open","ping_status":"closed","sticky":false,"template":"","format":"standard","meta":{"amp_status":"","footnotes":""},"categories":[1236],"tags":[191040,191039,191041,191043,191044,1804,33228,191038,191042],"class_list":["post-141578","post","type-post","status-publish","format-standard","has-post-thumbnail","hentry","category-norte_de_minas","tag-caca-ilegal-ninheira","tag-caca-ninheira","tag-cacadores-presos-em-ninheira","tag-dupla-e-detida-por-caca-ilegal-na-zona-rural-de-ninheira","tag-dupla-e-detida-por-caca-ilegal-na-zona-rural-de-ninheira-no-norte-de-minas","tag-ninheira","tag-no-norte-de-minas","tag-presos-ninheira","tag-presos-por-caca-em-ninheira"],"_links":{"self":[{"href":"https:\/\/aconteceunovale.com.br\/portal\/index.php?rest_route=\/wp\/v2\/posts\/141578","targetHints":{"allow":["GET"]}}],"collection":[{"href":"https:\/\/aconteceunovale.com.br\/portal\/index.php?rest_route=\/wp\/v2\/posts"}],"about":[{"href":"https:\/\/aconteceunovale.com.br\/portal\/index.php?rest_route=\/wp\/v2\/types\/post"}],"author":[{"embeddable":true,"href":"https:\/\/aconteceunovale.com.br\/portal\/index.php?rest_route=\/wp\/v2\/users\/1"}],"replies":[{"embeddable":true,"href":"https:\/\/aconteceunovale.com.br\/portal\/index.php?rest_route=%2Fwp%2Fv2%2Fcomments&post=141578"}],"version-history":[{"count":0,"href":"https:\/\/aconteceunovale.com.br\/portal\/index.php?rest_route=\/wp\/v2\/posts\/141578\/revisions"}],"wp:featuredmedia":[{"embeddable":true,"href":"https:\/\/aconteceunovale.com.br\/portal\/index.php?rest_route=\/wp\/v2\/media\/141579"}],"wp:attachment":[{"href":"https:\/\/aconteceunovale.com.br\/portal\/index.php?rest_route=%2Fwp%2Fv2%2Fmedia&parent=141578"}],"wp:term":[{"taxonomy":"category","embeddable":true,"href":"https:\/\/aconteceunovale.com.br\/portal\/index.php?rest_route=%2Fwp%2Fv2%2Fcategories&post=141578"},{"taxonomy":"post_tag","embeddable":true,"href":"https:\/\/aconteceunovale.com.br\/portal\/index.php?rest_route=%2Fwp%2Fv2%2Ftags&post=141578"}],"curies":[{"name":"wp","href":"https:\/\/api.w.org\/{rel}","templated":true}]}}