{"id":141570,"date":"2019-01-04T12:01:00","date_gmt":"2019-01-04T14:01:00","guid":{"rendered":"http:\/\/aconteceunovale.com.br\/portal\/?p=141570"},"modified":"2019-01-05T17:32:40","modified_gmt":"2019-01-05T19:32:40","slug":"acidentes-deixam-dois-mortos-na-br-135","status":"publish","type":"post","link":"https:\/\/aconteceunovale.com.br\/portal\/?p=141570","title":{"rendered":"Acidentes deixam dois mortos na BR-135"},"content":{"rendered":"<p>O condutor de um carro funer\u00e1rio morreu em um acidente no trevo da BR-135, pr\u00f3ximo a Curvelo, na manh\u00e3 desta sexta-feira (4\/1\/2019). De acordo com as primeiras informa\u00e7\u00f5es da Pol\u00edcia Militar Rodovi\u00e1ria, o motorista sa\u00eda da AMG-910 e, ao entrar na rodovia, n\u00e3o percebeu a aproxima\u00e7\u00e3o de um caminh\u00e3o e bateu na lateral do ve\u00edculo.<\/p>\n<p><center><br \/>\n<!-- Erro, o An\u00fancio n\u00e3o est\u00e1 dispon\u00edvel neste momento devido \u00e0s restri\u00e7\u00f5es de agendamento\/geolocaliza\u00e7\u00e3o! --><br \/>\n<\/br><br \/>\n<\/center><\/p>\n<p>O condutor de 52 anos ficou preso \u00e0s ferragens e morreu no local do acidente; o caminhoneiro n\u00e3o ficou ferido. Ainda segundo a PM, a v\u00edtima fez o translado de um corpo de Uberl\u00e2ndia para Curvelo e retornava quando ocorreu o acidente.<\/p>\n<p>Segundo a Eco-135, concession\u00e1ria que administra a rodovia, o acidente deixou a pista parcialmente interditada e, para manter o fluxo de ve\u00edculos, um desvio foi improvisado no local.<\/p>\n<p><img decoding=\"async\" src=\"http:\/\/aconteceunovale.com.br\/portal\/wp-content\/uploads\/2019\/01\/acidente_135.jpg\" alt=\"\" \/><em>Carro bateu de frente com caminh\u00e3o na BR-135 \u2014 Foto: PMRv\/Divulga\u00e7\u00e3o<\/em><br \/>\n<\/br><\/p>\n<p><strong><\/p>\n<h4>Acidente em Joaquim Fel\u00edcio<\/h4>\n<p><\/strong><\/p>\n<p>Um homem de 33 anos morreu ap\u00f3s ser atropelado na manh\u00e3 desta sexta-feira (4) na BR-135, em Joaquim Fel\u00edcio (MG). De acordo com informa\u00e7\u00f5es da Eco-135, a v\u00edtima seguia pela rodovia quando foi atingida por um carro.<\/p>\n<p>Socorristas da concession\u00e1ria prestaram os primeiros socorros, mas devido \u00e0 gravidade das les\u00f5es, o Samu foi acionado e uma equipe de suporte avan\u00e7ado foi encaminhada ao local. <\/p>\n<p>Segundo o Samu, o homem teve o bra\u00e7o esquerdo amputado e quando era encaminhado ao Hospital de Bocaiuva, sofreu uma parada cardiorrespirat\u00f3ria. Os socorristas tentaram reanim\u00e1-lo, mas ele n\u00e3o resistiu aos ferimentos.<\/p>\n<p><strong>VER PRIMEIRO<\/strong><\/p>\n<p>Receba as not\u00edcias do Aconteceu no Vale em primeira m\u00e3o. Clique em curtir no endere\u00e7o <a href=\"https:\/\/www.facebook.com\/aconteceunovale\" target=\"_blank\"><font color=\"red\">www.facebook.com\/aconteceunovale<\/font><\/a> ou no box abaixo:<\/p>\n<div class=\"fb-like\" data-href=\"https:\/\/www.facebook.com\/aconteceunovale\" data-width=\"120\" data-layout=\"standard\" data-action=\"like\" data-size=\"small\" data-show-faces=\"true\" data-share=\"true\"><\/div>\n<p><\/br><\/p>\n<p><em>(Fonte: G1 Grande Minas)<\/em><\/p>\n","protected":false},"excerpt":{"rendered":"<p>O condutor de um carro funer\u00e1rio morreu em um acidente no trevo da BR-135, pr\u00f3ximo a Curvelo, na manh\u00e3 desta sexta-feira (4\/1\/2019). De acordo com as primeiras informa\u00e7\u00f5es da Pol\u00edcia Militar Rodovi\u00e1ria, o motorista sa\u00eda da AMG-910 e, ao entrar na rodovia, n\u00e3o percebeu a aproxima\u00e7\u00e3o de um caminh\u00e3o e bateu na lateral do ve\u00edculo. [&hellip;]<\/p>\n","protected":false},"author":1,"featured_media":141571,"comment_status":"open","ping_status":"closed","sticky":false,"template":"","format":"standard","meta":{"amp_status":"","footnotes":""},"categories":[123],"tags":[191019,19375,29426,19374,12518,191025,191026,191023,191024,645,1247,191022,1043,191020,191021,191018,144489,221],"class_list":["post-141570","post","type-post","status-publish","format-standard","has-post-thumbnail","hentry","category-gerais","tag-acidente-com-motorista-de-funeraria-na-br-135","tag-acidente-em-curvelo","tag-acidente-em-joaquim-felicio","tag-acidente-na-br-135","tag-acidente-na-br-135-em-curvelo","tag-acidentes-deixam-dois-mortos-na-br-135","tag-acidentes-deixam-dois-mortos-na-br-135-na-regiao-central-de-minas","tag-atropelado-por-carro-em-joaquim-felicio","tag-atropelamento-em-joaquim-felicio","tag-bocaiuva","tag-br-135","tag-eco-135","tag-joaquim-felicio","tag-morte-de-motorista-de-funeraria-na-br-135","tag-motorista-de-funeraria-de-uberlandia-na-br-135","tag-motorista-de-funeraria-na-br-135","tag-na-regiao-central-de-minas","tag-uberlandia"],"yoast_head":"<!-- This site is optimized with the Yoast SEO plugin v28.3 - https:\/\/yoast.com\/product\/yoast-seo-wordpress\/ -->\n<title>Acidentes deixam dois mortos na BR-135 - Aconteceu no Vale<\/title>\n<meta name=\"robots\" content=\"index, follow, max-snippet:-1, max-image-preview:large, max-video-preview:-1\" \/>\n<link rel=\"canonical\" href=\"https:\/\/aconteceunovale.com.br\/portal\/?p=141570\" \/>\n<meta property=\"og:locale\" content=\"pt_BR\" \/>\n<meta property=\"og:type\" content=\"article\" \/>\n<meta property=\"og:title\" content=\"Acidentes deixam dois mortos na BR-135 - Aconteceu no Vale\" \/>\n<meta property=\"og:description\" content=\"O condutor de um carro funer\u00e1rio morreu em um acidente no trevo da BR-135, pr\u00f3ximo a Curvelo, na manh\u00e3 desta sexta-feira (4\/1\/2019). De acordo com as primeiras informa\u00e7\u00f5es da Pol\u00edcia Militar Rodovi\u00e1ria, o motorista sa\u00eda da AMG-910 e, ao entrar na rodovia, n\u00e3o percebeu a aproxima\u00e7\u00e3o de um caminh\u00e3o e bateu na lateral do ve\u00edculo. [&hellip;]\" \/>\n<meta property=\"og:url\" content=\"https:\/\/aconteceunovale.com.br\/portal\/?p=141570\" \/>\n<meta property=\"og:site_name\" content=\"Aconteceu no Vale\" \/>\n<meta property=\"article:publisher\" content=\"https:\/\/www.facebook.com\/aconteceunovale\/\" \/>\n<meta property=\"article:published_time\" content=\"2019-01-04T14:01:00+00:00\" \/>\n<meta property=\"article:modified_time\" content=\"2019-01-05T19:32:40+00:00\" \/>\n<meta property=\"og:image\" content=\"https:\/\/aconteceunovale.com.br\/portal\/wp-content\/uploads\/2019\/01\/acidente_135.jpg\" \/>\n\t<meta property=\"og:image:width\" content=\"600\" \/>\n\t<meta property=\"og:image:height\" content=\"450\" \/>\n\t<meta property=\"og:image:type\" content=\"image\/jpeg\" \/>\n<meta name=\"author\" content=\"Aconteceu no Vale\" \/>\n<meta name=\"twitter:card\" content=\"summary_large_image\" \/>\n<meta name=\"twitter:creator\" content=\"@noticiadosvales\" \/>\n<meta name=\"twitter:site\" content=\"@noticiadosvales\" \/>\n<meta name=\"twitter:label1\" content=\"Escrito por\" \/>\n\t<meta name=\"twitter:data1\" content=\"Aconteceu no Vale\" \/>\n\t<meta name=\"twitter:label2\" content=\"Est. tempo de leitura\" \/>\n\t<meta name=\"twitter:data2\" content=\"1 minuto\" \/>\n<script type=\"application\/ld+json\" class=\"yoast-schema-graph\">{\"@context\":\"https:\\\/\\\/schema.org\",\"@graph\":[{\"@type\":\"Article\",\"@id\":\"https:\\\/\\\/aconteceunovale.com.br\\\/portal\\\/?p=141570#article\",\"isPartOf\":{\"@id\":\"https:\\\/\\\/aconteceunovale.com.br\\\/portal\\\/?p=141570\"},\"author\":{\"name\":\"Aconteceu no Vale\",\"@id\":\"https:\\\/\\\/aconteceunovale.com.br\\\/portal\\\/#\\\/schema\\\/person\\\/633529146f2c94272bef50ac2953d589\"},\"headline\":\"Acidentes deixam dois mortos na BR-135\",\"datePublished\":\"2019-01-04T14:01:00+00:00\",\"dateModified\":\"2019-01-05T19:32:40+00:00\",\"mainEntityOfPage\":{\"@id\":\"https:\\\/\\\/aconteceunovale.com.br\\\/portal\\\/?p=141570\"},\"wordCount\":300,\"commentCount\":1,\"image\":{\"@id\":\"https:\\\/\\\/aconteceunovale.com.br\\\/portal\\\/?p=141570#primaryimage\"},\"thumbnailUrl\":\"https:\\\/\\\/aconteceunovale.com.br\\\/portal\\\/wp-content\\\/uploads\\\/2019\\\/01\\\/acidente_135.jpg\",\"keywords\":[\"Acidente com Motorista de funer\u00e1ria na BR-135\",\"acidente em curvelo\",\"acidente em joaquim fel\u00edcio\",\"acidente na br 135\",\"acidente na br 135 em curvelo\",\"Acidentes deixam dois mortos na BR-135\",\"Acidentes deixam dois mortos na BR-135 na regi\u00e3o Central de Minas\",\"Atropelado por carro em Joaquim Fel\u00edcio\",\"Atropelamento em Joaquim Fel\u00edcio\",\"Bocai\u00fava\",\"br 135\",\"Eco-135\",\"Joaquim Fel\u00edcio\",\"Morte de Motorista de funer\u00e1ria na BR-135\",\"Motorista de funer\u00e1ria de Uberl\u00e2ndia na BR-135\",\"Motorista de funer\u00e1ria na BR-135\",\"na regi\u00e3o Central de Minas\",\"Uberl\u00e2ndia\"],\"articleSection\":[\"Minas Gerais\"],\"inLanguage\":\"pt-BR\",\"potentialAction\":[{\"@type\":\"CommentAction\",\"name\":\"Comment\",\"target\":[\"https:\\\/\\\/aconteceunovale.com.br\\\/portal\\\/?p=141570#respond\"]}]},{\"@type\":\"WebPage\",\"@id\":\"https:\\\/\\\/aconteceunovale.com.br\\\/portal\\\/?p=141570\",\"url\":\"https:\\\/\\\/aconteceunovale.com.br\\\/portal\\\/?p=141570\",\"name\":\"Acidentes deixam dois mortos na BR-135 - Aconteceu no Vale\",\"isPartOf\":{\"@id\":\"https:\\\/\\\/aconteceunovale.com.br\\\/portal\\\/#website\"},\"primaryImageOfPage\":{\"@id\":\"https:\\\/\\\/aconteceunovale.com.br\\\/portal\\\/?p=141570#primaryimage\"},\"image\":{\"@id\":\"https:\\\/\\\/aconteceunovale.com.br\\\/portal\\\/?p=141570#primaryimage\"},\"thumbnailUrl\":\"https:\\\/\\\/aconteceunovale.com.br\\\/portal\\\/wp-content\\\/uploads\\\/2019\\\/01\\\/acidente_135.jpg\",\"datePublished\":\"2019-01-04T14:01:00+00:00\",\"dateModified\":\"2019-01-05T19:32:40+00:00\",\"author\":{\"@id\":\"https:\\\/\\\/aconteceunovale.com.br\\\/portal\\\/#\\\/schema\\\/person\\\/633529146f2c94272bef50ac2953d589\"},\"breadcrumb\":{\"@id\":\"https:\\\/\\\/aconteceunovale.com.br\\\/portal\\\/?p=141570#breadcrumb\"},\"inLanguage\":\"pt-BR\",\"potentialAction\":[{\"@type\":\"ReadAction\",\"target\":[\"https:\\\/\\\/aconteceunovale.com.br\\\/portal\\\/?p=141570\"]}]},{\"@type\":\"ImageObject\",\"inLanguage\":\"pt-BR\",\"@id\":\"https:\\\/\\\/aconteceunovale.com.br\\\/portal\\\/?p=141570#primaryimage\",\"url\":\"https:\\\/\\\/aconteceunovale.com.br\\\/portal\\\/wp-content\\\/uploads\\\/2019\\\/01\\\/acidente_135.jpg\",\"contentUrl\":\"https:\\\/\\\/aconteceunovale.com.br\\\/portal\\\/wp-content\\\/uploads\\\/2019\\\/01\\\/acidente_135.jpg\",\"width\":600,\"height\":450},{\"@type\":\"BreadcrumbList\",\"@id\":\"https:\\\/\\\/aconteceunovale.com.br\\\/portal\\\/?p=141570#breadcrumb\",\"itemListElement\":[{\"@type\":\"ListItem\",\"position\":1,\"name\":\"In\u00edcio\",\"item\":\"https:\\\/\\\/aconteceunovale.com.br\\\/portal\\\/\"},{\"@type\":\"ListItem\",\"position\":2,\"name\":\"Acidentes deixam dois mortos na BR-135\"}]},{\"@type\":\"WebSite\",\"@id\":\"https:\\\/\\\/aconteceunovale.com.br\\\/portal\\\/#website\",\"url\":\"https:\\\/\\\/aconteceunovale.com.br\\\/portal\\\/\",\"name\":\"Aconteceu no Vale\",\"description\":\"Portal de Not\u00edcias\",\"potentialAction\":[{\"@type\":\"SearchAction\",\"target\":{\"@type\":\"EntryPoint\",\"urlTemplate\":\"https:\\\/\\\/aconteceunovale.com.br\\\/portal\\\/?s={search_term_string}\"},\"query-input\":{\"@type\":\"PropertyValueSpecification\",\"valueRequired\":true,\"valueName\":\"search_term_string\"}}],\"inLanguage\":\"pt-BR\"},{\"@type\":\"Person\",\"@id\":\"https:\\\/\\\/aconteceunovale.com.br\\\/portal\\\/#\\\/schema\\\/person\\\/633529146f2c94272bef50ac2953d589\",\"name\":\"Aconteceu no Vale\",\"description\":\"Equipe de reportagem do Aconteceu no Vale, portal de not\u00edcias do Vale do Jequitinhonha, em Minas Gerais. Cobrimos as 51 cidades do Vale desde 2013. Sugest\u00f5es de pauta e pedidos de corre\u00e7\u00e3o: contato@aconteceunovale.com.br\",\"sameAs\":[\"http:\\\/\\\/www.aconteceunovale.com.br\"],\"url\":\"https:\\\/\\\/aconteceunovale.com.br\\\/portal\\\/?author=1\"}]}<\/script>\n<!-- \/ Yoast SEO plugin. -->","yoast_head_json":{"title":"Acidentes deixam dois mortos na BR-135 - Aconteceu no Vale","robots":{"index":"index","follow":"follow","max-snippet":"max-snippet:-1","max-image-preview":"max-image-preview:large","max-video-preview":"max-video-preview:-1"},"canonical":"https:\/\/aconteceunovale.com.br\/portal\/?p=141570","og_locale":"pt_BR","og_type":"article","og_title":"Acidentes deixam dois mortos na BR-135 - Aconteceu no Vale","og_description":"O condutor de um carro funer\u00e1rio morreu em um acidente no trevo da BR-135, pr\u00f3ximo a Curvelo, na manh\u00e3 desta sexta-feira (4\/1\/2019). De acordo com as primeiras informa\u00e7\u00f5es da Pol\u00edcia Militar Rodovi\u00e1ria, o motorista sa\u00eda da AMG-910 e, ao entrar na rodovia, n\u00e3o percebeu a aproxima\u00e7\u00e3o de um caminh\u00e3o e bateu na lateral do ve\u00edculo. [&hellip;]","og_url":"https:\/\/aconteceunovale.com.br\/portal\/?p=141570","og_site_name":"Aconteceu no Vale","article_publisher":"https:\/\/www.facebook.com\/aconteceunovale\/","article_published_time":"2019-01-04T14:01:00+00:00","article_modified_time":"2019-01-05T19:32:40+00:00","og_image":[{"width":600,"height":450,"url":"https:\/\/aconteceunovale.com.br\/portal\/wp-content\/uploads\/2019\/01\/acidente_135.jpg","type":"image\/jpeg"}],"author":"Aconteceu no Vale","twitter_card":"summary_large_image","twitter_creator":"@noticiadosvales","twitter_site":"@noticiadosvales","twitter_misc":{"Escrito por":"Aconteceu no Vale","Est. tempo de leitura":"1 minuto"},"schema":{"@context":"https:\/\/schema.org","@graph":[{"@type":"Article","@id":"https:\/\/aconteceunovale.com.br\/portal\/?p=141570#article","isPartOf":{"@id":"https:\/\/aconteceunovale.com.br\/portal\/?p=141570"},"author":{"name":"Aconteceu no Vale","@id":"https:\/\/aconteceunovale.com.br\/portal\/#\/schema\/person\/633529146f2c94272bef50ac2953d589"},"headline":"Acidentes deixam dois mortos na BR-135","datePublished":"2019-01-04T14:01:00+00:00","dateModified":"2019-01-05T19:32:40+00:00","mainEntityOfPage":{"@id":"https:\/\/aconteceunovale.com.br\/portal\/?p=141570"},"wordCount":300,"commentCount":1,"image":{"@id":"https:\/\/aconteceunovale.com.br\/portal\/?p=141570#primaryimage"},"thumbnailUrl":"https:\/\/aconteceunovale.com.br\/portal\/wp-content\/uploads\/2019\/01\/acidente_135.jpg","keywords":["Acidente com Motorista de funer\u00e1ria na BR-135","acidente em curvelo","acidente em joaquim fel\u00edcio","acidente na br 135","acidente na br 135 em curvelo","Acidentes deixam dois mortos na BR-135","Acidentes deixam dois mortos na BR-135 na regi\u00e3o Central de Minas","Atropelado por carro em Joaquim Fel\u00edcio","Atropelamento em Joaquim Fel\u00edcio","Bocai\u00fava","br 135","Eco-135","Joaquim Fel\u00edcio","Morte de Motorista de funer\u00e1ria na BR-135","Motorista de funer\u00e1ria de Uberl\u00e2ndia na BR-135","Motorista de funer\u00e1ria na BR-135","na regi\u00e3o Central de Minas","Uberl\u00e2ndia"],"articleSection":["Minas Gerais"],"inLanguage":"pt-BR","potentialAction":[{"@type":"CommentAction","name":"Comment","target":["https:\/\/aconteceunovale.com.br\/portal\/?p=141570#respond"]}]},{"@type":"WebPage","@id":"https:\/\/aconteceunovale.com.br\/portal\/?p=141570","url":"https:\/\/aconteceunovale.com.br\/portal\/?p=141570","name":"Acidentes deixam dois mortos na BR-135 - Aconteceu no Vale","isPartOf":{"@id":"https:\/\/aconteceunovale.com.br\/portal\/#website"},"primaryImageOfPage":{"@id":"https:\/\/aconteceunovale.com.br\/portal\/?p=141570#primaryimage"},"image":{"@id":"https:\/\/aconteceunovale.com.br\/portal\/?p=141570#primaryimage"},"thumbnailUrl":"https:\/\/aconteceunovale.com.br\/portal\/wp-content\/uploads\/2019\/01\/acidente_135.jpg","datePublished":"2019-01-04T14:01:00+00:00","dateModified":"2019-01-05T19:32:40+00:00","author":{"@id":"https:\/\/aconteceunovale.com.br\/portal\/#\/schema\/person\/633529146f2c94272bef50ac2953d589"},"breadcrumb":{"@id":"https:\/\/aconteceunovale.com.br\/portal\/?p=141570#breadcrumb"},"inLanguage":"pt-BR","potentialAction":[{"@type":"ReadAction","target":["https:\/\/aconteceunovale.com.br\/portal\/?p=141570"]}]},{"@type":"ImageObject","inLanguage":"pt-BR","@id":"https:\/\/aconteceunovale.com.br\/portal\/?p=141570#primaryimage","url":"https:\/\/aconteceunovale.com.br\/portal\/wp-content\/uploads\/2019\/01\/acidente_135.jpg","contentUrl":"https:\/\/aconteceunovale.com.br\/portal\/wp-content\/uploads\/2019\/01\/acidente_135.jpg","width":600,"height":450},{"@type":"BreadcrumbList","@id":"https:\/\/aconteceunovale.com.br\/portal\/?p=141570#breadcrumb","itemListElement":[{"@type":"ListItem","position":1,"name":"In\u00edcio","item":"https:\/\/aconteceunovale.com.br\/portal\/"},{"@type":"ListItem","position":2,"name":"Acidentes deixam dois mortos na BR-135"}]},{"@type":"WebSite","@id":"https:\/\/aconteceunovale.com.br\/portal\/#website","url":"https:\/\/aconteceunovale.com.br\/portal\/","name":"Aconteceu no Vale","description":"Portal de Not\u00edcias","potentialAction":[{"@type":"SearchAction","target":{"@type":"EntryPoint","urlTemplate":"https:\/\/aconteceunovale.com.br\/portal\/?s={search_term_string}"},"query-input":{"@type":"PropertyValueSpecification","valueRequired":true,"valueName":"search_term_string"}}],"inLanguage":"pt-BR"},{"@type":"Person","@id":"https:\/\/aconteceunovale.com.br\/portal\/#\/schema\/person\/633529146f2c94272bef50ac2953d589","name":"Aconteceu no Vale","description":"Equipe de reportagem do Aconteceu no Vale, portal de not\u00edcias do Vale do Jequitinhonha, em Minas Gerais. Cobrimos as 51 cidades do Vale desde 2013. Sugest\u00f5es de pauta e pedidos de corre\u00e7\u00e3o: contato@aconteceunovale.com.br","sameAs":["http:\/\/www.aconteceunovale.com.br"],"url":"https:\/\/aconteceunovale.com.br\/portal\/?author=1"}]}},"_links":{"self":[{"href":"https:\/\/aconteceunovale.com.br\/portal\/index.php?rest_route=\/wp\/v2\/posts\/141570","targetHints":{"allow":["GET"]}}],"collection":[{"href":"https:\/\/aconteceunovale.com.br\/portal\/index.php?rest_route=\/wp\/v2\/posts"}],"about":[{"href":"https:\/\/aconteceunovale.com.br\/portal\/index.php?rest_route=\/wp\/v2\/types\/post"}],"author":[{"embeddable":true,"href":"https:\/\/aconteceunovale.com.br\/portal\/index.php?rest_route=\/wp\/v2\/users\/1"}],"replies":[{"embeddable":true,"href":"https:\/\/aconteceunovale.com.br\/portal\/index.php?rest_route=%2Fwp%2Fv2%2Fcomments&post=141570"}],"version-history":[{"count":0,"href":"https:\/\/aconteceunovale.com.br\/portal\/index.php?rest_route=\/wp\/v2\/posts\/141570\/revisions"}],"wp:featuredmedia":[{"embeddable":true,"href":"https:\/\/aconteceunovale.com.br\/portal\/index.php?rest_route=\/wp\/v2\/media\/141571"}],"wp:attachment":[{"href":"https:\/\/aconteceunovale.com.br\/portal\/index.php?rest_route=%2Fwp%2Fv2%2Fmedia&parent=141570"}],"wp:term":[{"taxonomy":"category","embeddable":true,"href":"https:\/\/aconteceunovale.com.br\/portal\/index.php?rest_route=%2Fwp%2Fv2%2Fcategories&post=141570"},{"taxonomy":"post_tag","embeddable":true,"href":"https:\/\/aconteceunovale.com.br\/portal\/index.php?rest_route=%2Fwp%2Fv2%2Ftags&post=141570"}],"curies":[{"name":"wp","href":"https:\/\/api.w.org\/{rel}","templated":true}]}}