{"id":141568,"date":"2019-01-04T11:39:07","date_gmt":"2019-01-04T13:39:07","guid":{"rendered":"http:\/\/aconteceunovale.com.br\/portal\/?p=141568"},"modified":"2019-01-04T11:39:07","modified_gmt":"2019-01-04T13:39:07","slug":"governador-diz-que-13o-sera-parcelado-e-que-fara-esforco-para-pagar-em-2019","status":"publish","type":"post","link":"https:\/\/aconteceunovale.com.br\/portal\/?p=141568","title":{"rendered":"Governador diz que 13\u00ba ser\u00e1 parcelado e que far\u00e1 esfor\u00e7o para pagar em 2019"},"content":{"rendered":"<p>O governador Romeu Zema (Novo) disse nessa sexta-feira que o 13\u00ba sal\u00e1rio dos servidores de Minas ser\u00e1 parcelado e que pretende pag\u00e1-lo ainda em 2019. Em entrevista \u00e0 rede GloboNews, Zema afirmou que far\u00e1 o \u201cposs\u00edvel e o imposs\u00edvel&#8221; e que quer &#8220;priorizar esse pagamento&#8221;.<\/p>\n<p>O ex-governador Fernando Pimentel deixou a gest\u00e3o sem quitar o 13\u00ba ao funcionalismo p\u00fablico. Na quarta-feira (2), Romeu Zema chegou a dizer que o 13\u00ba n\u00e3o seria pago &#8220;t\u00e3o cedo&#8221;.<\/p>\n<p>Nesta sexta, Zema disse que o pagamento depende de uma renegocia\u00e7\u00e3o com o tesouro nacional. \u201cN\u00f3s vamos fazer de tudo. O poss\u00edvel e o imposs\u00edvel. T\u00e3o logo a renegocia\u00e7\u00e3o com o tesouro nacional seja levada adiante, com toda a certeza isso vai ser poss\u00edvel. E eu quero priorizar esse pagamento. \u00c9 um direito do funcion\u00e1rio p\u00fablico e n\u00e3o quero que ele fique com isso aqui em aberto. Vamos fazer de tudo para que isso seja pago durante o decorrer deste ano, mas n\u00e3o quero afirmar isso agora, porque os dados est\u00e3o sendo levantados\u201d, disse ao programa GloboNews em Ponto.<\/p>\n<p>Zema tamb\u00e9m destacou a dificuldade de acertar as contas, dizendo que para pagar o 13\u00ba alguns repasses que est\u00e3o atrasados para as prefeituras podem ficar pendentes. \u201cO cobertor \u00e9 muito curto. Na hora que voc\u00ea tampa uma parte, voc\u00ea destampa outra. Mas vamos estar tentando conciliar de forma que o impacto seja o menor poss\u00edvel para ambos\u201d, declarou.<\/p>\n<p><strong>VER PRIMEIRO<\/strong><\/p>\n<p>Receba as not\u00edcias do Aconteceu no Vale em primeira m\u00e3o. Clique em curtir no endere\u00e7o <a href=\"https:\/\/www.facebook.com\/aconteceunovale\" target=\"_blank\"><font color=\"red\">www.facebook.com\/aconteceunovale<\/font><\/a> ou no box abaixo:<\/p>\n<div class=\"fb-like\" data-href=\"https:\/\/www.facebook.com\/aconteceunovale\" data-width=\"120\" data-layout=\"standard\" data-action=\"like\" data-size=\"small\" data-show-faces=\"true\" data-share=\"true\"><\/div>\n<p><\/br><\/p>\n<p><em>(Fonte: O Tempo)<\/em><\/p>\n","protected":false},"excerpt":{"rendered":"<p>O governador Romeu Zema (Novo) disse nessa sexta-feira que o 13\u00ba sal\u00e1rio dos servidores de Minas ser\u00e1 parcelado e que pretende pag\u00e1-lo ainda em 2019. Em entrevista \u00e0 rede GloboNews, Zema afirmou que far\u00e1 o \u201cposs\u00edvel e o imposs\u00edvel&#8221; e que quer &#8220;priorizar esse pagamento&#8221;. O ex-governador Fernando Pimentel deixou a gest\u00e3o sem quitar o [&hellip;]<\/p>\n","protected":false},"author":1,"featured_media":141441,"comment_status":"open","ping_status":"closed","sticky":false,"template":"","format":"standard","meta":{"amp_status":"","footnotes":""},"categories":[123,40240],"tags":[191016,190763,190764,190765,191015,190759,150628,190761,12826,191017,184213,190766,190768,190758,190769,177497,190760,758,190767,178207,190762],"class_list":["post-141568","post","type-post","status-publish","format-standard","has-post-thumbnail","hentry","category-gerais","category-politica","tag-13o-nao-seria-pago-tao-cedo","tag-13o-salario-de-2018","tag-13o-salario-de-2018-governo-de-minas","tag-13o-salario-de-2018-governo-pimentel","tag-13o-salario-dos-servidores-de-minas","tag-13o-salario-dos-servidores-de-minas-gerais","tag-carlos-calazans","tag-data-pagamento-13o-salario-dos-servidores-de-minas-gerais","tag-fernando-pimentel","tag-governador-diz-que-13o-sera-parcelado-e-que-fara-esforco-para-pagar-em-2019","tag-governador-romeu-zema","tag-governo-de-minas-gerais-nao-pagara-13o-salario-aos-seus-servidores-em-2018","tag-governo-pimentel-da-calote-no-13o-salario","tag-governo-pimentel-da-calote-no-13o-salario-dos-servidores-de-minas-gerais","tag-governo-pimentel-nao-pagara-13o-salario","tag-novo","tag-pagamento-13o-salario-dos-servidores-de-minas-gerais","tag-pt","tag-relacoes-trabalhistas-do-governo-de-minas-gerais","tag-romeu-zema","tag-servidores-de-minas-gerais-nao-tem-data-para-receber-o-13o-salario-de-2018"],"yoast_head":"<!-- This site is optimized with the Yoast SEO plugin v28.3 - https:\/\/yoast.com\/product\/yoast-seo-wordpress\/ -->\n<title>Governador diz que 13\u00ba ser\u00e1 parcelado e que far\u00e1 esfor\u00e7o para pagar em 2019 - Aconteceu no Vale<\/title>\n<meta name=\"robots\" content=\"index, follow, max-snippet:-1, max-image-preview:large, max-video-preview:-1\" \/>\n<link rel=\"canonical\" href=\"https:\/\/aconteceunovale.com.br\/portal\/?p=141568\" \/>\n<meta property=\"og:locale\" content=\"pt_BR\" \/>\n<meta property=\"og:type\" content=\"article\" \/>\n<meta property=\"og:title\" content=\"Governador diz que 13\u00ba ser\u00e1 parcelado e que far\u00e1 esfor\u00e7o para pagar em 2019 - Aconteceu no Vale\" \/>\n<meta property=\"og:description\" content=\"O governador Romeu Zema (Novo) disse nessa sexta-feira que o 13\u00ba sal\u00e1rio dos servidores de Minas ser\u00e1 parcelado e que pretende pag\u00e1-lo ainda em 2019. Em entrevista \u00e0 rede GloboNews, Zema afirmou que far\u00e1 o \u201cposs\u00edvel e o imposs\u00edvel&#8221; e que quer &#8220;priorizar esse pagamento&#8221;. O ex-governador Fernando Pimentel deixou a gest\u00e3o sem quitar o [&hellip;]\" \/>\n<meta property=\"og:url\" content=\"https:\/\/aconteceunovale.com.br\/portal\/?p=141568\" \/>\n<meta property=\"og:site_name\" content=\"Aconteceu no Vale\" \/>\n<meta property=\"article:publisher\" content=\"https:\/\/www.facebook.com\/aconteceunovale\/\" \/>\n<meta property=\"article:published_time\" content=\"2019-01-04T13:39:07+00:00\" \/>\n<meta property=\"og:image\" content=\"https:\/\/aconteceunovale.com.br\/portal\/wp-content\/uploads\/2019\/01\/romeu_zema_posse.jpg\" \/>\n\t<meta property=\"og:image:width\" content=\"676\" \/>\n\t<meta property=\"og:image:height\" content=\"450\" \/>\n\t<meta property=\"og:image:type\" content=\"image\/jpeg\" \/>\n<meta name=\"author\" content=\"Aconteceu no Vale\" \/>\n<meta name=\"twitter:card\" content=\"summary_large_image\" \/>\n<meta name=\"twitter:creator\" content=\"@noticiadosvales\" \/>\n<meta name=\"twitter:site\" content=\"@noticiadosvales\" \/>\n<meta name=\"twitter:label1\" content=\"Escrito por\" \/>\n\t<meta name=\"twitter:data1\" content=\"Aconteceu no Vale\" \/>\n\t<meta name=\"twitter:label2\" content=\"Est. tempo de leitura\" \/>\n\t<meta name=\"twitter:data2\" content=\"1 minuto\" \/>\n<script type=\"application\/ld+json\" class=\"yoast-schema-graph\">{\"@context\":\"https:\\\/\\\/schema.org\",\"@graph\":[{\"@type\":\"Article\",\"@id\":\"https:\\\/\\\/aconteceunovale.com.br\\\/portal\\\/?p=141568#article\",\"isPartOf\":{\"@id\":\"https:\\\/\\\/aconteceunovale.com.br\\\/portal\\\/?p=141568\"},\"author\":{\"name\":\"Aconteceu no Vale\",\"@id\":\"https:\\\/\\\/aconteceunovale.com.br\\\/portal\\\/#\\\/schema\\\/person\\\/633529146f2c94272bef50ac2953d589\"},\"headline\":\"Governador diz que 13\u00ba ser\u00e1 parcelado e que far\u00e1 esfor\u00e7o para pagar em 2019\",\"datePublished\":\"2019-01-04T13:39:07+00:00\",\"mainEntityOfPage\":{\"@id\":\"https:\\\/\\\/aconteceunovale.com.br\\\/portal\\\/?p=141568\"},\"wordCount\":290,\"commentCount\":0,\"image\":{\"@id\":\"https:\\\/\\\/aconteceunovale.com.br\\\/portal\\\/?p=141568#primaryimage\"},\"thumbnailUrl\":\"https:\\\/\\\/aconteceunovale.com.br\\\/portal\\\/wp-content\\\/uploads\\\/2019\\\/01\\\/romeu_zema_posse.jpg\",\"keywords\":[\"13\u00ba n\u00e3o seria pago t\u00e3o cedo\",\"13\u00ba sal\u00e1rio de 2018\",\"13\u00ba sal\u00e1rio de 2018 Governo de Minas\",\"13\u00ba sal\u00e1rio de 2018 Governo Pimentel\",\"13\u00ba sal\u00e1rio dos servidores de Minas\",\"13\u00ba sal\u00e1rio dos servidores de Minas Gerais\",\"Carlos Calazans\",\"Data pagamento 13\u00ba sal\u00e1rio dos servidores de Minas Gerais\",\"Fernando Pimentel\",\"Governador diz que 13\u00ba ser\u00e1 parcelado e que far\u00e1 esfor\u00e7o para pagar em 2019\",\"Governador Romeu Zema\",\"Governo de Minas Gerais n\u00e3o pagar\u00e1 13\u00ba sal\u00e1rio aos seus servidores em 2018\",\"Governo Pimentel d\u00e1 calote no 13\u00ba sal\u00e1rio\",\"Governo Pimentel d\u00e1 calote no 13\u00ba sal\u00e1rio dos servidores de Minas Gerais\",\"Governo Pimentel n\u00e3o pagar\u00e1 13\u00ba sal\u00e1rio\",\"novo\",\"Pagamento 13\u00ba sal\u00e1rio dos servidores de Minas Gerais\",\"PT\",\"Rela\u00e7\u00f5es Trabalhistas do Governo de Minas Gerais\",\"Romeu Zema\",\"servidores de Minas Gerais n\u00e3o t\u00eam data para receber o 13\u00ba sal\u00e1rio de 2018\"],\"articleSection\":[\"Minas Gerais\",\"Pol\u00edtica\"],\"inLanguage\":\"pt-BR\",\"potentialAction\":[{\"@type\":\"CommentAction\",\"name\":\"Comment\",\"target\":[\"https:\\\/\\\/aconteceunovale.com.br\\\/portal\\\/?p=141568#respond\"]}]},{\"@type\":\"WebPage\",\"@id\":\"https:\\\/\\\/aconteceunovale.com.br\\\/portal\\\/?p=141568\",\"url\":\"https:\\\/\\\/aconteceunovale.com.br\\\/portal\\\/?p=141568\",\"name\":\"Governador diz que 13\u00ba ser\u00e1 parcelado e que far\u00e1 esfor\u00e7o para pagar em 2019 - Aconteceu no Vale\",\"isPartOf\":{\"@id\":\"https:\\\/\\\/aconteceunovale.com.br\\\/portal\\\/#website\"},\"primaryImageOfPage\":{\"@id\":\"https:\\\/\\\/aconteceunovale.com.br\\\/portal\\\/?p=141568#primaryimage\"},\"image\":{\"@id\":\"https:\\\/\\\/aconteceunovale.com.br\\\/portal\\\/?p=141568#primaryimage\"},\"thumbnailUrl\":\"https:\\\/\\\/aconteceunovale.com.br\\\/portal\\\/wp-content\\\/uploads\\\/2019\\\/01\\\/romeu_zema_posse.jpg\",\"datePublished\":\"2019-01-04T13:39:07+00:00\",\"author\":{\"@id\":\"https:\\\/\\\/aconteceunovale.com.br\\\/portal\\\/#\\\/schema\\\/person\\\/633529146f2c94272bef50ac2953d589\"},\"breadcrumb\":{\"@id\":\"https:\\\/\\\/aconteceunovale.com.br\\\/portal\\\/?p=141568#breadcrumb\"},\"inLanguage\":\"pt-BR\",\"potentialAction\":[{\"@type\":\"ReadAction\",\"target\":[\"https:\\\/\\\/aconteceunovale.com.br\\\/portal\\\/?p=141568\"]}]},{\"@type\":\"ImageObject\",\"inLanguage\":\"pt-BR\",\"@id\":\"https:\\\/\\\/aconteceunovale.com.br\\\/portal\\\/?p=141568#primaryimage\",\"url\":\"https:\\\/\\\/aconteceunovale.com.br\\\/portal\\\/wp-content\\\/uploads\\\/2019\\\/01\\\/romeu_zema_posse.jpg\",\"contentUrl\":\"https:\\\/\\\/aconteceunovale.com.br\\\/portal\\\/wp-content\\\/uploads\\\/2019\\\/01\\\/romeu_zema_posse.jpg\",\"width\":676,\"height\":450},{\"@type\":\"BreadcrumbList\",\"@id\":\"https:\\\/\\\/aconteceunovale.com.br\\\/portal\\\/?p=141568#breadcrumb\",\"itemListElement\":[{\"@type\":\"ListItem\",\"position\":1,\"name\":\"In\u00edcio\",\"item\":\"https:\\\/\\\/aconteceunovale.com.br\\\/portal\\\/\"},{\"@type\":\"ListItem\",\"position\":2,\"name\":\"Governador diz que 13\u00ba ser\u00e1 parcelado e que far\u00e1 esfor\u00e7o para pagar em 2019\"}]},{\"@type\":\"WebSite\",\"@id\":\"https:\\\/\\\/aconteceunovale.com.br\\\/portal\\\/#website\",\"url\":\"https:\\\/\\\/aconteceunovale.com.br\\\/portal\\\/\",\"name\":\"Aconteceu no Vale\",\"description\":\"Portal de Not\u00edcias\",\"potentialAction\":[{\"@type\":\"SearchAction\",\"target\":{\"@type\":\"EntryPoint\",\"urlTemplate\":\"https:\\\/\\\/aconteceunovale.com.br\\\/portal\\\/?s={search_term_string}\"},\"query-input\":{\"@type\":\"PropertyValueSpecification\",\"valueRequired\":true,\"valueName\":\"search_term_string\"}}],\"inLanguage\":\"pt-BR\"},{\"@type\":\"Person\",\"@id\":\"https:\\\/\\\/aconteceunovale.com.br\\\/portal\\\/#\\\/schema\\\/person\\\/633529146f2c94272bef50ac2953d589\",\"name\":\"Aconteceu no Vale\",\"description\":\"Equipe de reportagem do Aconteceu no Vale, portal de not\u00edcias do Vale do Jequitinhonha, em Minas Gerais. Cobrimos as 51 cidades do Vale desde 2013. Sugest\u00f5es de pauta e pedidos de corre\u00e7\u00e3o: contato@aconteceunovale.com.br\",\"sameAs\":[\"http:\\\/\\\/www.aconteceunovale.com.br\"],\"url\":\"https:\\\/\\\/aconteceunovale.com.br\\\/portal\\\/?author=1\"}]}<\/script>\n<!-- \/ Yoast SEO plugin. -->","yoast_head_json":{"title":"Governador diz que 13\u00ba ser\u00e1 parcelado e que far\u00e1 esfor\u00e7o para pagar em 2019 - Aconteceu no Vale","robots":{"index":"index","follow":"follow","max-snippet":"max-snippet:-1","max-image-preview":"max-image-preview:large","max-video-preview":"max-video-preview:-1"},"canonical":"https:\/\/aconteceunovale.com.br\/portal\/?p=141568","og_locale":"pt_BR","og_type":"article","og_title":"Governador diz que 13\u00ba ser\u00e1 parcelado e que far\u00e1 esfor\u00e7o para pagar em 2019 - Aconteceu no Vale","og_description":"O governador Romeu Zema (Novo) disse nessa sexta-feira que o 13\u00ba sal\u00e1rio dos servidores de Minas ser\u00e1 parcelado e que pretende pag\u00e1-lo ainda em 2019. Em entrevista \u00e0 rede GloboNews, Zema afirmou que far\u00e1 o \u201cposs\u00edvel e o imposs\u00edvel&#8221; e que quer &#8220;priorizar esse pagamento&#8221;. O ex-governador Fernando Pimentel deixou a gest\u00e3o sem quitar o [&hellip;]","og_url":"https:\/\/aconteceunovale.com.br\/portal\/?p=141568","og_site_name":"Aconteceu no Vale","article_publisher":"https:\/\/www.facebook.com\/aconteceunovale\/","article_published_time":"2019-01-04T13:39:07+00:00","og_image":[{"width":676,"height":450,"url":"https:\/\/aconteceunovale.com.br\/portal\/wp-content\/uploads\/2019\/01\/romeu_zema_posse.jpg","type":"image\/jpeg"}],"author":"Aconteceu no Vale","twitter_card":"summary_large_image","twitter_creator":"@noticiadosvales","twitter_site":"@noticiadosvales","twitter_misc":{"Escrito por":"Aconteceu no Vale","Est. tempo de leitura":"1 minuto"},"schema":{"@context":"https:\/\/schema.org","@graph":[{"@type":"Article","@id":"https:\/\/aconteceunovale.com.br\/portal\/?p=141568#article","isPartOf":{"@id":"https:\/\/aconteceunovale.com.br\/portal\/?p=141568"},"author":{"name":"Aconteceu no Vale","@id":"https:\/\/aconteceunovale.com.br\/portal\/#\/schema\/person\/633529146f2c94272bef50ac2953d589"},"headline":"Governador diz que 13\u00ba ser\u00e1 parcelado e que far\u00e1 esfor\u00e7o para pagar em 2019","datePublished":"2019-01-04T13:39:07+00:00","mainEntityOfPage":{"@id":"https:\/\/aconteceunovale.com.br\/portal\/?p=141568"},"wordCount":290,"commentCount":0,"image":{"@id":"https:\/\/aconteceunovale.com.br\/portal\/?p=141568#primaryimage"},"thumbnailUrl":"https:\/\/aconteceunovale.com.br\/portal\/wp-content\/uploads\/2019\/01\/romeu_zema_posse.jpg","keywords":["13\u00ba n\u00e3o seria pago t\u00e3o cedo","13\u00ba sal\u00e1rio de 2018","13\u00ba sal\u00e1rio de 2018 Governo de Minas","13\u00ba sal\u00e1rio de 2018 Governo Pimentel","13\u00ba sal\u00e1rio dos servidores de Minas","13\u00ba sal\u00e1rio dos servidores de Minas Gerais","Carlos Calazans","Data pagamento 13\u00ba sal\u00e1rio dos servidores de Minas Gerais","Fernando Pimentel","Governador diz que 13\u00ba ser\u00e1 parcelado e que far\u00e1 esfor\u00e7o para pagar em 2019","Governador Romeu Zema","Governo de Minas Gerais n\u00e3o pagar\u00e1 13\u00ba sal\u00e1rio aos seus servidores em 2018","Governo Pimentel d\u00e1 calote no 13\u00ba sal\u00e1rio","Governo Pimentel d\u00e1 calote no 13\u00ba sal\u00e1rio dos servidores de Minas Gerais","Governo Pimentel n\u00e3o pagar\u00e1 13\u00ba sal\u00e1rio","novo","Pagamento 13\u00ba sal\u00e1rio dos servidores de Minas Gerais","PT","Rela\u00e7\u00f5es Trabalhistas do Governo de Minas Gerais","Romeu Zema","servidores de Minas Gerais n\u00e3o t\u00eam data para receber o 13\u00ba sal\u00e1rio de 2018"],"articleSection":["Minas Gerais","Pol\u00edtica"],"inLanguage":"pt-BR","potentialAction":[{"@type":"CommentAction","name":"Comment","target":["https:\/\/aconteceunovale.com.br\/portal\/?p=141568#respond"]}]},{"@type":"WebPage","@id":"https:\/\/aconteceunovale.com.br\/portal\/?p=141568","url":"https:\/\/aconteceunovale.com.br\/portal\/?p=141568","name":"Governador diz que 13\u00ba ser\u00e1 parcelado e que far\u00e1 esfor\u00e7o para pagar em 2019 - Aconteceu no Vale","isPartOf":{"@id":"https:\/\/aconteceunovale.com.br\/portal\/#website"},"primaryImageOfPage":{"@id":"https:\/\/aconteceunovale.com.br\/portal\/?p=141568#primaryimage"},"image":{"@id":"https:\/\/aconteceunovale.com.br\/portal\/?p=141568#primaryimage"},"thumbnailUrl":"https:\/\/aconteceunovale.com.br\/portal\/wp-content\/uploads\/2019\/01\/romeu_zema_posse.jpg","datePublished":"2019-01-04T13:39:07+00:00","author":{"@id":"https:\/\/aconteceunovale.com.br\/portal\/#\/schema\/person\/633529146f2c94272bef50ac2953d589"},"breadcrumb":{"@id":"https:\/\/aconteceunovale.com.br\/portal\/?p=141568#breadcrumb"},"inLanguage":"pt-BR","potentialAction":[{"@type":"ReadAction","target":["https:\/\/aconteceunovale.com.br\/portal\/?p=141568"]}]},{"@type":"ImageObject","inLanguage":"pt-BR","@id":"https:\/\/aconteceunovale.com.br\/portal\/?p=141568#primaryimage","url":"https:\/\/aconteceunovale.com.br\/portal\/wp-content\/uploads\/2019\/01\/romeu_zema_posse.jpg","contentUrl":"https:\/\/aconteceunovale.com.br\/portal\/wp-content\/uploads\/2019\/01\/romeu_zema_posse.jpg","width":676,"height":450},{"@type":"BreadcrumbList","@id":"https:\/\/aconteceunovale.com.br\/portal\/?p=141568#breadcrumb","itemListElement":[{"@type":"ListItem","position":1,"name":"In\u00edcio","item":"https:\/\/aconteceunovale.com.br\/portal\/"},{"@type":"ListItem","position":2,"name":"Governador diz que 13\u00ba ser\u00e1 parcelado e que far\u00e1 esfor\u00e7o para pagar em 2019"}]},{"@type":"WebSite","@id":"https:\/\/aconteceunovale.com.br\/portal\/#website","url":"https:\/\/aconteceunovale.com.br\/portal\/","name":"Aconteceu no Vale","description":"Portal de Not\u00edcias","potentialAction":[{"@type":"SearchAction","target":{"@type":"EntryPoint","urlTemplate":"https:\/\/aconteceunovale.com.br\/portal\/?s={search_term_string}"},"query-input":{"@type":"PropertyValueSpecification","valueRequired":true,"valueName":"search_term_string"}}],"inLanguage":"pt-BR"},{"@type":"Person","@id":"https:\/\/aconteceunovale.com.br\/portal\/#\/schema\/person\/633529146f2c94272bef50ac2953d589","name":"Aconteceu no Vale","description":"Equipe de reportagem do Aconteceu no Vale, portal de not\u00edcias do Vale do Jequitinhonha, em Minas Gerais. Cobrimos as 51 cidades do Vale desde 2013. Sugest\u00f5es de pauta e pedidos de corre\u00e7\u00e3o: contato@aconteceunovale.com.br","sameAs":["http:\/\/www.aconteceunovale.com.br"],"url":"https:\/\/aconteceunovale.com.br\/portal\/?author=1"}]}},"_links":{"self":[{"href":"https:\/\/aconteceunovale.com.br\/portal\/index.php?rest_route=\/wp\/v2\/posts\/141568","targetHints":{"allow":["GET"]}}],"collection":[{"href":"https:\/\/aconteceunovale.com.br\/portal\/index.php?rest_route=\/wp\/v2\/posts"}],"about":[{"href":"https:\/\/aconteceunovale.com.br\/portal\/index.php?rest_route=\/wp\/v2\/types\/post"}],"author":[{"embeddable":true,"href":"https:\/\/aconteceunovale.com.br\/portal\/index.php?rest_route=\/wp\/v2\/users\/1"}],"replies":[{"embeddable":true,"href":"https:\/\/aconteceunovale.com.br\/portal\/index.php?rest_route=%2Fwp%2Fv2%2Fcomments&post=141568"}],"version-history":[{"count":0,"href":"https:\/\/aconteceunovale.com.br\/portal\/index.php?rest_route=\/wp\/v2\/posts\/141568\/revisions"}],"wp:featuredmedia":[{"embeddable":true,"href":"https:\/\/aconteceunovale.com.br\/portal\/index.php?rest_route=\/wp\/v2\/media\/141441"}],"wp:attachment":[{"href":"https:\/\/aconteceunovale.com.br\/portal\/index.php?rest_route=%2Fwp%2Fv2%2Fmedia&parent=141568"}],"wp:term":[{"taxonomy":"category","embeddable":true,"href":"https:\/\/aconteceunovale.com.br\/portal\/index.php?rest_route=%2Fwp%2Fv2%2Fcategories&post=141568"},{"taxonomy":"post_tag","embeddable":true,"href":"https:\/\/aconteceunovale.com.br\/portal\/index.php?rest_route=%2Fwp%2Fv2%2Ftags&post=141568"}],"curies":[{"name":"wp","href":"https:\/\/api.w.org\/{rel}","templated":true}]}}