{"id":141559,"date":"2019-01-04T11:17:10","date_gmt":"2019-01-04T13:17:10","guid":{"rendered":"http:\/\/aconteceunovale.com.br\/portal\/?p=141559"},"modified":"2019-01-04T11:17:10","modified_gmt":"2019-01-04T13:17:10","slug":"presidente-diz-que-avancara-em-debate-sobre-valor-de-auxilio-reclusao","status":"publish","type":"post","link":"https:\/\/aconteceunovale.com.br\/portal\/?p=141559","title":{"rendered":"Presidente diz que avan\u00e7ar\u00e1 em debate sobre valor de aux\u00edlio-reclus\u00e3o"},"content":{"rendered":"<p>O presidente Jair Bolsonaro usou hoje (4) o Twitter para dizer que avan\u00e7ar\u00e1 na discuss\u00e3o do valor do aux\u00edlio-reclus\u00e3o, que atualmente ultrapassa os R$ 1,3 mil. Dois dias depois de assinar o decreto que reajusta o sal\u00e1rio m\u00ednimo, de R$ 954 para R$ 998, ele criticou o fato de que aux\u00edlios sociais concedidos a presos ainda tenham valor superior da base de remunera\u00e7\u00e3o dos trabalhadores brasileiros.<\/p>\n<p>\u201cO aux\u00edlio-reclus\u00e3o ultrapassa o valor do sal\u00e1rio m\u00ednimo. Em reuni\u00e3o com ministros, decidimos que avan\u00e7aremos nesta quest\u00e3o ignorada, quando se trata de reforma da Previd\u00eancia e indevidos. Em cima de muitos detalhes vamos desinchando a m\u00e1quina e fazendo justi\u00e7a!\u201d, destacou no Twitter.<\/p>\n<p>Bolsonaro tamb\u00e9m defendeu mais apoio aos agentes de seguran\u00e7a p\u00fablica para que executem suas tarefas.<\/p>\n<p>Ontem (3), durante reuni\u00e3o ministerial, Bolsonaro ressaltou a necessidade de redu\u00e7\u00e3o de gastos p\u00fablicos. O presidente defendeu uma revis\u00e3o das contas e voltou a destacar a import\u00e2ncia da reforma da Previd\u00eancia em favor do ajuste financeiro. Ele indicou que a revis\u00e3o do pagamento do aux\u00edlio-exclus\u00e3o deve ser analisada no \u00e2mbito da reforma.<\/p>\n<p>O aux\u00edlio-reclus\u00e3o \u00e9 pago a dependentes do segurado do INSS preso em regime fechado ou semiaberto, durante o per\u00edodo de reclus\u00e3o ou deten\u00e7\u00e3o. O per\u00edodo de recebimento do benef\u00edcio varia, de acordo com crit\u00e9rios, mas pode ser pago de forma vital\u00edcia.<\/p>\n<p><strong>Seguran\u00e7a<\/strong><\/p>\n<p>Em uma segunda postagem nesta manh\u00e3, o presidente defendeu a implanta\u00e7\u00e3o de medidas que deem garantias de trabalho para os agentes de seguran\u00e7a p\u00fablica. Segundo ele, os tr\u00eas Poderes Executivo, Legislativo e Judici\u00e1rio t\u00eam de assumir esse compromisso.<\/p>\n<p>\u201cSem garantias necess\u00e1rias para os agentes de seguran\u00e7a p\u00fablica agirem em prol do cidad\u00e3o de bem, a diminui\u00e7\u00e3o dos crimes n\u00e3o vai ocorrer na velocidade que o brasileiro exige. Os Poderes Legislativo, Executivo e Judici\u00e1rio t\u00eam que assumir este compromisso urgentemente.\u201d<\/p>\n<p><strong>Enxugamento<\/strong><\/p>\n<p>Tamb\u00e9m no Twitter, Bolsonaro  reiterou ainda a necessidade de enxugamento da estrutura do Estado. Foram exonerados mais de 300 funcion\u00e1rios que ocupavam cargos comissionados na Casa Civil. Haver\u00e1 reavalia\u00e7\u00e3o, se quiserem retornar a seus postos. O crit\u00e9rio ser\u00e1 t\u00e9cnico, segundo o ministro-chefe da Casa Civil, Onyx Lorenzoni.<\/p>\n<p>A medida foi transformada em recomenda\u00e7\u00e3o para todas as \u00e1reas de governo, na reuni\u00e3o que ocorreu ontem no Pal\u00e1cio do Planalto. Bolsonaro disse que \u00e9 necess\u00e1rio fazer revis\u00e3o em contratos e libera\u00e7\u00e3o de recursos p\u00fablico para identificar desvios. \u201cEm cima de muitos detalhes vamos desinchando a m\u00e1quina e fazendo justi\u00e7a\u201d, disse.<\/p>\n<p><strong>VER PRIMEIRO<\/strong><\/p>\n<p>Receba as not\u00edcias do Aconteceu no Vale em primeira m\u00e3o. Clique em curtir no endere\u00e7o <a href=\"https:\/\/www.facebook.com\/aconteceunovale\" target=\"_blank\"><font color=\"red\">www.facebook.com\/aconteceunovale<\/font><\/a> ou no box abaixo:<\/p>\n<div class=\"fb-like\" data-href=\"https:\/\/www.facebook.com\/aconteceunovale\" data-width=\"120\" data-layout=\"standard\" data-action=\"like\" data-size=\"small\" data-show-faces=\"true\" data-share=\"true\"><\/div>\n<p><\/br><\/p>\n<p><em>(Fonte: Ag\u00eancia Brasil)<\/em><\/p>\n","protected":false},"excerpt":{"rendered":"<p>O presidente Jair Bolsonaro usou hoje (4) o Twitter para dizer que avan\u00e7ar\u00e1 na discuss\u00e3o do valor do aux\u00edlio-reclus\u00e3o, que atualmente ultrapassa os R$ 1,3 mil. Dois dias depois de assinar o decreto que reajusta o sal\u00e1rio m\u00ednimo, de R$ 954 para R$ 998, ele criticou o fato de que aux\u00edlios sociais concedidos a presos [&hellip;]<\/p>\n","protected":false},"author":1,"featured_media":141560,"comment_status":"open","ping_status":"closed","sticky":false,"template":"","format":"standard","meta":{"amp_status":"","footnotes":""},"categories":[6],"tags":[191005,6528,26436,191008,174222,191007,191006],"class_list":["post-141559","post","type-post","status-publish","format-standard","has-post-thumbnail","hentry","category-br","tag-discussao-do-valor-do-auxilio-reclusao","tag-inss","tag-jair-bolsonaro","tag-presidente-diz-que-avancara-em-debate-sobre-valor-de-auxilio-reclusao","tag-presidente-jair-bolsonaro","tag-reducao-do-valor-do-auxilio-reclusao","tag-valor-do-auxilio-reclusao"],"yoast_head":"<!-- This site is optimized with the Yoast SEO plugin v28.3 - https:\/\/yoast.com\/product\/yoast-seo-wordpress\/ -->\n<title>Presidente diz que avan\u00e7ar\u00e1 em debate sobre valor de aux\u00edlio-reclus\u00e3o - Aconteceu no Vale<\/title>\n<meta name=\"robots\" content=\"index, follow, max-snippet:-1, max-image-preview:large, max-video-preview:-1\" \/>\n<link rel=\"canonical\" href=\"https:\/\/aconteceunovale.com.br\/portal\/?p=141559\" \/>\n<meta property=\"og:locale\" content=\"pt_BR\" \/>\n<meta property=\"og:type\" content=\"article\" \/>\n<meta property=\"og:title\" content=\"Presidente diz que avan\u00e7ar\u00e1 em debate sobre valor de aux\u00edlio-reclus\u00e3o - Aconteceu no Vale\" \/>\n<meta property=\"og:description\" content=\"O presidente Jair Bolsonaro usou hoje (4) o Twitter para dizer que avan\u00e7ar\u00e1 na discuss\u00e3o do valor do aux\u00edlio-reclus\u00e3o, que atualmente ultrapassa os R$ 1,3 mil. Dois dias depois de assinar o decreto que reajusta o sal\u00e1rio m\u00ednimo, de R$ 954 para R$ 998, ele criticou o fato de que aux\u00edlios sociais concedidos a presos [&hellip;]\" \/>\n<meta property=\"og:url\" content=\"https:\/\/aconteceunovale.com.br\/portal\/?p=141559\" \/>\n<meta property=\"og:site_name\" content=\"Aconteceu no Vale\" \/>\n<meta property=\"article:publisher\" content=\"https:\/\/www.facebook.com\/aconteceunovale\/\" \/>\n<meta property=\"article:published_time\" content=\"2019-01-04T13:17:10+00:00\" \/>\n<meta property=\"og:image\" content=\"https:\/\/aconteceunovale.com.br\/portal\/wp-content\/uploads\/2019\/01\/presos.jpg\" \/>\n\t<meta property=\"og:image:width\" content=\"675\" \/>\n\t<meta property=\"og:image:height\" content=\"450\" \/>\n\t<meta property=\"og:image:type\" content=\"image\/jpeg\" \/>\n<meta name=\"author\" content=\"Aconteceu no Vale\" \/>\n<meta name=\"twitter:card\" content=\"summary_large_image\" \/>\n<meta name=\"twitter:creator\" content=\"@noticiadosvales\" \/>\n<meta name=\"twitter:site\" content=\"@noticiadosvales\" \/>\n<meta name=\"twitter:label1\" content=\"Escrito por\" \/>\n\t<meta name=\"twitter:data1\" content=\"Aconteceu no Vale\" \/>\n\t<meta name=\"twitter:label2\" content=\"Est. tempo de leitura\" \/>\n\t<meta name=\"twitter:data2\" content=\"2 minutos\" \/>\n<script type=\"application\/ld+json\" class=\"yoast-schema-graph\">{\"@context\":\"https:\\\/\\\/schema.org\",\"@graph\":[{\"@type\":\"Article\",\"@id\":\"https:\\\/\\\/aconteceunovale.com.br\\\/portal\\\/?p=141559#article\",\"isPartOf\":{\"@id\":\"https:\\\/\\\/aconteceunovale.com.br\\\/portal\\\/?p=141559\"},\"author\":{\"name\":\"Aconteceu no Vale\",\"@id\":\"https:\\\/\\\/aconteceunovale.com.br\\\/portal\\\/#\\\/schema\\\/person\\\/633529146f2c94272bef50ac2953d589\"},\"headline\":\"Presidente diz que avan\u00e7ar\u00e1 em debate sobre valor de aux\u00edlio-reclus\u00e3o\",\"datePublished\":\"2019-01-04T13:17:10+00:00\",\"mainEntityOfPage\":{\"@id\":\"https:\\\/\\\/aconteceunovale.com.br\\\/portal\\\/?p=141559\"},\"wordCount\":500,\"commentCount\":0,\"image\":{\"@id\":\"https:\\\/\\\/aconteceunovale.com.br\\\/portal\\\/?p=141559#primaryimage\"},\"thumbnailUrl\":\"https:\\\/\\\/aconteceunovale.com.br\\\/portal\\\/wp-content\\\/uploads\\\/2019\\\/01\\\/presos.jpg\",\"keywords\":[\"discuss\u00e3o do valor do aux\u00edlio-reclus\u00e3o\",\"INSS\",\"Jair Bolsonaro\",\"Presidente diz que avan\u00e7ar\u00e1 em debate sobre valor de aux\u00edlio-reclus\u00e3o\",\"Presidente Jair Bolsonaro\",\"Redu\u00e7\u00e3o do valor do aux\u00edlio-reclus\u00e3o\",\"valor do aux\u00edlio-reclus\u00e3o\"],\"articleSection\":[\"Brasil\"],\"inLanguage\":\"pt-BR\",\"potentialAction\":[{\"@type\":\"CommentAction\",\"name\":\"Comment\",\"target\":[\"https:\\\/\\\/aconteceunovale.com.br\\\/portal\\\/?p=141559#respond\"]}]},{\"@type\":\"WebPage\",\"@id\":\"https:\\\/\\\/aconteceunovale.com.br\\\/portal\\\/?p=141559\",\"url\":\"https:\\\/\\\/aconteceunovale.com.br\\\/portal\\\/?p=141559\",\"name\":\"Presidente diz que avan\u00e7ar\u00e1 em debate sobre valor de aux\u00edlio-reclus\u00e3o - Aconteceu no Vale\",\"isPartOf\":{\"@id\":\"https:\\\/\\\/aconteceunovale.com.br\\\/portal\\\/#website\"},\"primaryImageOfPage\":{\"@id\":\"https:\\\/\\\/aconteceunovale.com.br\\\/portal\\\/?p=141559#primaryimage\"},\"image\":{\"@id\":\"https:\\\/\\\/aconteceunovale.com.br\\\/portal\\\/?p=141559#primaryimage\"},\"thumbnailUrl\":\"https:\\\/\\\/aconteceunovale.com.br\\\/portal\\\/wp-content\\\/uploads\\\/2019\\\/01\\\/presos.jpg\",\"datePublished\":\"2019-01-04T13:17:10+00:00\",\"author\":{\"@id\":\"https:\\\/\\\/aconteceunovale.com.br\\\/portal\\\/#\\\/schema\\\/person\\\/633529146f2c94272bef50ac2953d589\"},\"breadcrumb\":{\"@id\":\"https:\\\/\\\/aconteceunovale.com.br\\\/portal\\\/?p=141559#breadcrumb\"},\"inLanguage\":\"pt-BR\",\"potentialAction\":[{\"@type\":\"ReadAction\",\"target\":[\"https:\\\/\\\/aconteceunovale.com.br\\\/portal\\\/?p=141559\"]}]},{\"@type\":\"ImageObject\",\"inLanguage\":\"pt-BR\",\"@id\":\"https:\\\/\\\/aconteceunovale.com.br\\\/portal\\\/?p=141559#primaryimage\",\"url\":\"https:\\\/\\\/aconteceunovale.com.br\\\/portal\\\/wp-content\\\/uploads\\\/2019\\\/01\\\/presos.jpg\",\"contentUrl\":\"https:\\\/\\\/aconteceunovale.com.br\\\/portal\\\/wp-content\\\/uploads\\\/2019\\\/01\\\/presos.jpg\",\"width\":675,\"height\":450},{\"@type\":\"BreadcrumbList\",\"@id\":\"https:\\\/\\\/aconteceunovale.com.br\\\/portal\\\/?p=141559#breadcrumb\",\"itemListElement\":[{\"@type\":\"ListItem\",\"position\":1,\"name\":\"In\u00edcio\",\"item\":\"https:\\\/\\\/aconteceunovale.com.br\\\/portal\\\/\"},{\"@type\":\"ListItem\",\"position\":2,\"name\":\"Presidente diz que avan\u00e7ar\u00e1 em debate sobre valor de aux\u00edlio-reclus\u00e3o\"}]},{\"@type\":\"WebSite\",\"@id\":\"https:\\\/\\\/aconteceunovale.com.br\\\/portal\\\/#website\",\"url\":\"https:\\\/\\\/aconteceunovale.com.br\\\/portal\\\/\",\"name\":\"Aconteceu no Vale\",\"description\":\"Portal de Not\u00edcias\",\"potentialAction\":[{\"@type\":\"SearchAction\",\"target\":{\"@type\":\"EntryPoint\",\"urlTemplate\":\"https:\\\/\\\/aconteceunovale.com.br\\\/portal\\\/?s={search_term_string}\"},\"query-input\":{\"@type\":\"PropertyValueSpecification\",\"valueRequired\":true,\"valueName\":\"search_term_string\"}}],\"inLanguage\":\"pt-BR\"},{\"@type\":\"Person\",\"@id\":\"https:\\\/\\\/aconteceunovale.com.br\\\/portal\\\/#\\\/schema\\\/person\\\/633529146f2c94272bef50ac2953d589\",\"name\":\"Aconteceu no Vale\",\"description\":\"Equipe de reportagem do Aconteceu no Vale, portal de not\u00edcias do Vale do Jequitinhonha, em Minas Gerais. Cobrimos as 51 cidades do Vale desde 2013. Sugest\u00f5es de pauta e pedidos de corre\u00e7\u00e3o: contato@aconteceunovale.com.br\",\"sameAs\":[\"http:\\\/\\\/www.aconteceunovale.com.br\"],\"url\":\"https:\\\/\\\/aconteceunovale.com.br\\\/portal\\\/?author=1\"}]}<\/script>\n<!-- \/ Yoast SEO plugin. -->","yoast_head_json":{"title":"Presidente diz que avan\u00e7ar\u00e1 em debate sobre valor de aux\u00edlio-reclus\u00e3o - Aconteceu no Vale","robots":{"index":"index","follow":"follow","max-snippet":"max-snippet:-1","max-image-preview":"max-image-preview:large","max-video-preview":"max-video-preview:-1"},"canonical":"https:\/\/aconteceunovale.com.br\/portal\/?p=141559","og_locale":"pt_BR","og_type":"article","og_title":"Presidente diz que avan\u00e7ar\u00e1 em debate sobre valor de aux\u00edlio-reclus\u00e3o - Aconteceu no Vale","og_description":"O presidente Jair Bolsonaro usou hoje (4) o Twitter para dizer que avan\u00e7ar\u00e1 na discuss\u00e3o do valor do aux\u00edlio-reclus\u00e3o, que atualmente ultrapassa os R$ 1,3 mil. Dois dias depois de assinar o decreto que reajusta o sal\u00e1rio m\u00ednimo, de R$ 954 para R$ 998, ele criticou o fato de que aux\u00edlios sociais concedidos a presos [&hellip;]","og_url":"https:\/\/aconteceunovale.com.br\/portal\/?p=141559","og_site_name":"Aconteceu no Vale","article_publisher":"https:\/\/www.facebook.com\/aconteceunovale\/","article_published_time":"2019-01-04T13:17:10+00:00","og_image":[{"width":675,"height":450,"url":"https:\/\/aconteceunovale.com.br\/portal\/wp-content\/uploads\/2019\/01\/presos.jpg","type":"image\/jpeg"}],"author":"Aconteceu no Vale","twitter_card":"summary_large_image","twitter_creator":"@noticiadosvales","twitter_site":"@noticiadosvales","twitter_misc":{"Escrito por":"Aconteceu no Vale","Est. tempo de leitura":"2 minutos"},"schema":{"@context":"https:\/\/schema.org","@graph":[{"@type":"Article","@id":"https:\/\/aconteceunovale.com.br\/portal\/?p=141559#article","isPartOf":{"@id":"https:\/\/aconteceunovale.com.br\/portal\/?p=141559"},"author":{"name":"Aconteceu no Vale","@id":"https:\/\/aconteceunovale.com.br\/portal\/#\/schema\/person\/633529146f2c94272bef50ac2953d589"},"headline":"Presidente diz que avan\u00e7ar\u00e1 em debate sobre valor de aux\u00edlio-reclus\u00e3o","datePublished":"2019-01-04T13:17:10+00:00","mainEntityOfPage":{"@id":"https:\/\/aconteceunovale.com.br\/portal\/?p=141559"},"wordCount":500,"commentCount":0,"image":{"@id":"https:\/\/aconteceunovale.com.br\/portal\/?p=141559#primaryimage"},"thumbnailUrl":"https:\/\/aconteceunovale.com.br\/portal\/wp-content\/uploads\/2019\/01\/presos.jpg","keywords":["discuss\u00e3o do valor do aux\u00edlio-reclus\u00e3o","INSS","Jair Bolsonaro","Presidente diz que avan\u00e7ar\u00e1 em debate sobre valor de aux\u00edlio-reclus\u00e3o","Presidente Jair Bolsonaro","Redu\u00e7\u00e3o do valor do aux\u00edlio-reclus\u00e3o","valor do aux\u00edlio-reclus\u00e3o"],"articleSection":["Brasil"],"inLanguage":"pt-BR","potentialAction":[{"@type":"CommentAction","name":"Comment","target":["https:\/\/aconteceunovale.com.br\/portal\/?p=141559#respond"]}]},{"@type":"WebPage","@id":"https:\/\/aconteceunovale.com.br\/portal\/?p=141559","url":"https:\/\/aconteceunovale.com.br\/portal\/?p=141559","name":"Presidente diz que avan\u00e7ar\u00e1 em debate sobre valor de aux\u00edlio-reclus\u00e3o - Aconteceu no Vale","isPartOf":{"@id":"https:\/\/aconteceunovale.com.br\/portal\/#website"},"primaryImageOfPage":{"@id":"https:\/\/aconteceunovale.com.br\/portal\/?p=141559#primaryimage"},"image":{"@id":"https:\/\/aconteceunovale.com.br\/portal\/?p=141559#primaryimage"},"thumbnailUrl":"https:\/\/aconteceunovale.com.br\/portal\/wp-content\/uploads\/2019\/01\/presos.jpg","datePublished":"2019-01-04T13:17:10+00:00","author":{"@id":"https:\/\/aconteceunovale.com.br\/portal\/#\/schema\/person\/633529146f2c94272bef50ac2953d589"},"breadcrumb":{"@id":"https:\/\/aconteceunovale.com.br\/portal\/?p=141559#breadcrumb"},"inLanguage":"pt-BR","potentialAction":[{"@type":"ReadAction","target":["https:\/\/aconteceunovale.com.br\/portal\/?p=141559"]}]},{"@type":"ImageObject","inLanguage":"pt-BR","@id":"https:\/\/aconteceunovale.com.br\/portal\/?p=141559#primaryimage","url":"https:\/\/aconteceunovale.com.br\/portal\/wp-content\/uploads\/2019\/01\/presos.jpg","contentUrl":"https:\/\/aconteceunovale.com.br\/portal\/wp-content\/uploads\/2019\/01\/presos.jpg","width":675,"height":450},{"@type":"BreadcrumbList","@id":"https:\/\/aconteceunovale.com.br\/portal\/?p=141559#breadcrumb","itemListElement":[{"@type":"ListItem","position":1,"name":"In\u00edcio","item":"https:\/\/aconteceunovale.com.br\/portal\/"},{"@type":"ListItem","position":2,"name":"Presidente diz que avan\u00e7ar\u00e1 em debate sobre valor de aux\u00edlio-reclus\u00e3o"}]},{"@type":"WebSite","@id":"https:\/\/aconteceunovale.com.br\/portal\/#website","url":"https:\/\/aconteceunovale.com.br\/portal\/","name":"Aconteceu no Vale","description":"Portal de Not\u00edcias","potentialAction":[{"@type":"SearchAction","target":{"@type":"EntryPoint","urlTemplate":"https:\/\/aconteceunovale.com.br\/portal\/?s={search_term_string}"},"query-input":{"@type":"PropertyValueSpecification","valueRequired":true,"valueName":"search_term_string"}}],"inLanguage":"pt-BR"},{"@type":"Person","@id":"https:\/\/aconteceunovale.com.br\/portal\/#\/schema\/person\/633529146f2c94272bef50ac2953d589","name":"Aconteceu no Vale","description":"Equipe de reportagem do Aconteceu no Vale, portal de not\u00edcias do Vale do Jequitinhonha, em Minas Gerais. Cobrimos as 51 cidades do Vale desde 2013. Sugest\u00f5es de pauta e pedidos de corre\u00e7\u00e3o: contato@aconteceunovale.com.br","sameAs":["http:\/\/www.aconteceunovale.com.br"],"url":"https:\/\/aconteceunovale.com.br\/portal\/?author=1"}]}},"_links":{"self":[{"href":"https:\/\/aconteceunovale.com.br\/portal\/index.php?rest_route=\/wp\/v2\/posts\/141559","targetHints":{"allow":["GET"]}}],"collection":[{"href":"https:\/\/aconteceunovale.com.br\/portal\/index.php?rest_route=\/wp\/v2\/posts"}],"about":[{"href":"https:\/\/aconteceunovale.com.br\/portal\/index.php?rest_route=\/wp\/v2\/types\/post"}],"author":[{"embeddable":true,"href":"https:\/\/aconteceunovale.com.br\/portal\/index.php?rest_route=\/wp\/v2\/users\/1"}],"replies":[{"embeddable":true,"href":"https:\/\/aconteceunovale.com.br\/portal\/index.php?rest_route=%2Fwp%2Fv2%2Fcomments&post=141559"}],"version-history":[{"count":0,"href":"https:\/\/aconteceunovale.com.br\/portal\/index.php?rest_route=\/wp\/v2\/posts\/141559\/revisions"}],"wp:featuredmedia":[{"embeddable":true,"href":"https:\/\/aconteceunovale.com.br\/portal\/index.php?rest_route=\/wp\/v2\/media\/141560"}],"wp:attachment":[{"href":"https:\/\/aconteceunovale.com.br\/portal\/index.php?rest_route=%2Fwp%2Fv2%2Fmedia&parent=141559"}],"wp:term":[{"taxonomy":"category","embeddable":true,"href":"https:\/\/aconteceunovale.com.br\/portal\/index.php?rest_route=%2Fwp%2Fv2%2Fcategories&post=141559"},{"taxonomy":"post_tag","embeddable":true,"href":"https:\/\/aconteceunovale.com.br\/portal\/index.php?rest_route=%2Fwp%2Fv2%2Ftags&post=141559"}],"curies":[{"name":"wp","href":"https:\/\/api.w.org\/{rel}","templated":true}]}}