{"id":141549,"date":"2019-01-03T23:58:55","date_gmt":"2019-01-04T01:58:55","guid":{"rendered":"http:\/\/aconteceunovale.com.br\/portal\/?p=141549"},"modified":"2019-01-03T23:58:55","modified_gmt":"2019-01-04T01:58:55","slug":"presidente-da-camara-assume-prefeitura-de-santa-maria-do-suacui-apos-renuncia-do-prefeito","status":"publish","type":"post","link":"https:\/\/aconteceunovale.com.br\/portal\/?p=141549","title":{"rendered":"Presidente da C\u00e2mara assume Prefeitura de Santa Maria do Sua\u00e7u\u00ed ap\u00f3s ren\u00fancia do prefeito"},"content":{"rendered":"<p>O vereador Jaci da Silva Pinto (PMDB) tomou posse como prefeito de Santa Maria do Sua\u00e7u\u00ed, no Vale do Rio Doce, na manh\u00e3 desta quinta-feira (3\/1\/2019). O ent\u00e3o presidente da C\u00e2mara Municipal assumiu o cargo de Chefe do Executivo depois que o prefeito Jo\u00e3o Lopes Nunes Filho (PV), conhecido como Jo\u00e3o Fidel, protocolou carta de ren\u00fancia na tarde de quarta-feira (2).<\/p>\n<p>A carta redigida pelo prefeito foi entregue na C\u00e2mara pelo irm\u00e3o dele, Eunilton Lopes de Sena, e pelo sobrinho e advogado, Einstein Lopes, que explicou os motivos que levaram o tio a renunciar. \u201cEle estava fazendo tratamentos m\u00e9dicos e, somado \u00e0 instabilidade do governo, reuniu os familiares e discutiu a quest\u00e3o. Por motivos pessoais de sa\u00fade ele chegou \u00e0 conclus\u00e3o que n\u00e3o possu\u00eda condi\u00e7\u00f5es de gerir o cargo\u201d, explicou.<\/p>\n<p>Jo\u00e3o Fidel era vice na chapa que tinha Rodolfo Lima Neto como prefeito. Com a morte de Rodolfo ainda no in\u00edcio do mandato, Jo\u00e3o assumiu o cargo em fevereiro de 2017.<\/p>\n<p>De acordo com a C\u00e2mara Municipal, o vereador Jaci da Silva Pinto assume a Chefia do Executivo de forma tempor\u00e1ria. O artigo 93 da Lei Org\u00e2nica do Munic\u00edpio aponta que, havendo vac\u00e2ncia do cargo de prefeito nos \u00faltimos dois anos do mandato, uma nova elei\u00e7\u00e3o deve ser realizada em 30 dias em car\u00e1ter indireto. Ou seja, os vereadores v\u00e3o eleger o novo prefeito da cidade.<\/p>\n<p><img decoding=\"async\" src=\"http:\/\/aconteceunovale.com.br\/portal\/wp-content\/uploads\/2019\/01\/renuncia_sms.jpg\" alt=\"\" \/><em>Advogado protocolou carta de renuncia de Jo\u00e3o Fidel \u2014 Foto: Divulga\u00e7\u00e3o<\/em><br \/>\n<\/br><\/p>\n<p><strong>Carta de ren\u00fancia<\/strong><\/p>\n<p><img decoding=\"async\" src=\"http:\/\/aconteceunovale.com.br\/portal\/wp-content\/uploads\/2019\/01\/carta_renuncia_sms_1.jpg\" alt=\"\" \/><img decoding=\"async\" src=\"http:\/\/aconteceunovale.com.br\/portal\/wp-content\/uploads\/2019\/01\/carta_renuncia_sms_2.jpg\" alt=\"\" \/><img decoding=\"async\" src=\"http:\/\/aconteceunovale.com.br\/portal\/wp-content\/uploads\/2019\/01\/carta_renuncia_sms_3.jpg\" alt=\"\" \/><br \/>\n<\/br><\/p>\n<p><strong>VER PRIMEIRO<\/strong><\/p>\n<p>Receba as not\u00edcias do Aconteceu no Vale em primeira m\u00e3o. Clique em curtir no endere\u00e7o <a href=\"https:\/\/www.facebook.com\/aconteceunovale\" target=\"_blank\"><font color=\"red\">www.facebook.com\/aconteceunovale<\/font><\/a> ou no box abaixo:<\/p>\n<div class=\"fb-like\" data-href=\"https:\/\/www.facebook.com\/aconteceunovale\" data-width=\"120\" data-layout=\"standard\" data-action=\"like\" data-size=\"small\" data-show-faces=\"true\" data-share=\"true\"><\/div>\n<p><\/br><\/p>\n<p><em>(Fonte: G1 Vales e Prefeitura de Santa Maria do Sua\u00e7u\u00ed)<\/em><\/p>\n","protected":false},"excerpt":{"rendered":"<p>O vereador Jaci da Silva Pinto (PMDB) tomou posse como prefeito de Santa Maria do Sua\u00e7u\u00ed, no Vale do Rio Doce, na manh\u00e3 desta quinta-feira (3\/1\/2019). O ent\u00e3o presidente da C\u00e2mara Municipal assumiu o cargo de Chefe do Executivo depois que o prefeito Jo\u00e3o Lopes Nunes Filho (PV), conhecido como Jo\u00e3o Fidel, protocolou carta de [&hellip;]<\/p>\n","protected":false},"author":1,"featured_media":141555,"comment_status":"open","ping_status":"closed","sticky":false,"template":"","format":"standard","meta":{"amp_status":"","footnotes":""},"categories":[121,40240],"tags":[191002,191001,190996,190998,190997,190995,104705,190993,190999,191000,190994,191003,240],"class_list":["post-141549","post","type-post","status-publish","format-standard","has-post-thumbnail","hentry","category-leste","category-politica","tag-einstein-lopes","tag-eunilton-lopes-de-sena","tag-jaci-da-silva-pinto","tag-joao-fidel","tag-joao-lopes-nunes-filho","tag-novo-prefeito-de-santa-maria-do-suacui","tag-prefeitura-de-santa-maria-do-suacui","tag-presidente-da-camara-assume-prefeitura-de-santa-maria-do-suacui-apos-renuncia-do-prefeito","tag-renuncia-joao-fidel","tag-renuncia-prefeito-joao-fidel","tag-renuncia-prefeito-santa-maria-do-suacui","tag-rodolfo-lima-neto","tag-santa-maria-do-suacui"],"yoast_head":"<!-- This site is optimized with the Yoast SEO plugin v28.3 - https:\/\/yoast.com\/product\/yoast-seo-wordpress\/ -->\n<title>Presidente da C\u00e2mara assume Prefeitura de Santa Maria do Sua\u00e7u\u00ed ap\u00f3s ren\u00fancia do prefeito - Aconteceu no Vale<\/title>\n<meta name=\"robots\" content=\"index, follow, max-snippet:-1, max-image-preview:large, max-video-preview:-1\" \/>\n<link rel=\"canonical\" href=\"https:\/\/aconteceunovale.com.br\/portal\/?p=141549\" \/>\n<meta property=\"og:locale\" content=\"pt_BR\" \/>\n<meta property=\"og:type\" content=\"article\" \/>\n<meta property=\"og:title\" content=\"Presidente da C\u00e2mara assume Prefeitura de Santa Maria do Sua\u00e7u\u00ed ap\u00f3s ren\u00fancia do prefeito - Aconteceu no Vale\" \/>\n<meta property=\"og:description\" content=\"O vereador Jaci da Silva Pinto (PMDB) tomou posse como prefeito de Santa Maria do Sua\u00e7u\u00ed, no Vale do Rio Doce, na manh\u00e3 desta quinta-feira (3\/1\/2019). O ent\u00e3o presidente da C\u00e2mara Municipal assumiu o cargo de Chefe do Executivo depois que o prefeito Jo\u00e3o Lopes Nunes Filho (PV), conhecido como Jo\u00e3o Fidel, protocolou carta de [&hellip;]\" \/>\n<meta property=\"og:url\" content=\"https:\/\/aconteceunovale.com.br\/portal\/?p=141549\" \/>\n<meta property=\"og:site_name\" content=\"Aconteceu no Vale\" \/>\n<meta property=\"article:publisher\" content=\"https:\/\/www.facebook.com\/aconteceunovale\/\" \/>\n<meta property=\"article:published_time\" content=\"2019-01-04T01:58:55+00:00\" \/>\n<meta property=\"og:image\" content=\"https:\/\/aconteceunovale.com.br\/portal\/wp-content\/uploads\/2019\/01\/carta_renuncia_sms_4.jpg\" \/>\n\t<meta property=\"og:image:width\" content=\"678\" \/>\n\t<meta property=\"og:image:height\" content=\"306\" \/>\n\t<meta property=\"og:image:type\" content=\"image\/jpeg\" \/>\n<meta name=\"author\" content=\"Aconteceu no Vale\" \/>\n<meta name=\"twitter:card\" content=\"summary_large_image\" \/>\n<meta name=\"twitter:creator\" content=\"@noticiadosvales\" \/>\n<meta name=\"twitter:site\" content=\"@noticiadosvales\" \/>\n<meta name=\"twitter:label1\" content=\"Escrito por\" \/>\n\t<meta name=\"twitter:data1\" content=\"Aconteceu no Vale\" \/>\n\t<meta name=\"twitter:label2\" content=\"Est. tempo de leitura\" \/>\n\t<meta name=\"twitter:data2\" content=\"2 minutos\" \/>\n<script type=\"application\/ld+json\" class=\"yoast-schema-graph\">{\"@context\":\"https:\\\/\\\/schema.org\",\"@graph\":[{\"@type\":\"Article\",\"@id\":\"https:\\\/\\\/aconteceunovale.com.br\\\/portal\\\/?p=141549#article\",\"isPartOf\":{\"@id\":\"https:\\\/\\\/aconteceunovale.com.br\\\/portal\\\/?p=141549\"},\"author\":{\"name\":\"Aconteceu no Vale\",\"@id\":\"https:\\\/\\\/aconteceunovale.com.br\\\/portal\\\/#\\\/schema\\\/person\\\/633529146f2c94272bef50ac2953d589\"},\"headline\":\"Presidente da C\u00e2mara assume Prefeitura de Santa Maria do Sua\u00e7u\u00ed ap\u00f3s ren\u00fancia do prefeito\",\"datePublished\":\"2019-01-04T01:58:55+00:00\",\"mainEntityOfPage\":{\"@id\":\"https:\\\/\\\/aconteceunovale.com.br\\\/portal\\\/?p=141549\"},\"wordCount\":318,\"commentCount\":0,\"image\":{\"@id\":\"https:\\\/\\\/aconteceunovale.com.br\\\/portal\\\/?p=141549#primaryimage\"},\"thumbnailUrl\":\"https:\\\/\\\/aconteceunovale.com.br\\\/portal\\\/wp-content\\\/uploads\\\/2019\\\/01\\\/carta_renuncia_sms_4.jpg\",\"keywords\":[\"Einstein Lopes\",\"Eunilton Lopes de Sena\",\"Jaci da Silva Pinto\",\"Jo\u00e3o Fidel\",\"Jo\u00e3o Lopes Nunes Filho\",\"Novo prefeito de Santa Maria do Sua\u00e7u\u00ed\",\"Prefeitura de Santa Maria do Sua\u00e7u\u00ed\",\"Presidente da C\u00e2mara assume Prefeitura de Santa Maria do Sua\u00e7u\u00ed ap\u00f3s ren\u00fancia do prefeito\",\"Ren\u00fancia Jo\u00e3o Fidel\",\"Ren\u00fancia prefeito Jo\u00e3o Fidel\",\"Ren\u00fancia prefeito Santa Maria do Sua\u00e7u\u00ed\",\"Rodolfo Lima Neto\",\"Santa Maria do Sua\u00e7u\u00ed\"],\"articleSection\":[\"Leste de Minas\",\"Pol\u00edtica\"],\"inLanguage\":\"pt-BR\",\"potentialAction\":[{\"@type\":\"CommentAction\",\"name\":\"Comment\",\"target\":[\"https:\\\/\\\/aconteceunovale.com.br\\\/portal\\\/?p=141549#respond\"]}]},{\"@type\":\"WebPage\",\"@id\":\"https:\\\/\\\/aconteceunovale.com.br\\\/portal\\\/?p=141549\",\"url\":\"https:\\\/\\\/aconteceunovale.com.br\\\/portal\\\/?p=141549\",\"name\":\"Presidente da C\u00e2mara assume Prefeitura de Santa Maria do Sua\u00e7u\u00ed ap\u00f3s ren\u00fancia do prefeito - Aconteceu no Vale\",\"isPartOf\":{\"@id\":\"https:\\\/\\\/aconteceunovale.com.br\\\/portal\\\/#website\"},\"primaryImageOfPage\":{\"@id\":\"https:\\\/\\\/aconteceunovale.com.br\\\/portal\\\/?p=141549#primaryimage\"},\"image\":{\"@id\":\"https:\\\/\\\/aconteceunovale.com.br\\\/portal\\\/?p=141549#primaryimage\"},\"thumbnailUrl\":\"https:\\\/\\\/aconteceunovale.com.br\\\/portal\\\/wp-content\\\/uploads\\\/2019\\\/01\\\/carta_renuncia_sms_4.jpg\",\"datePublished\":\"2019-01-04T01:58:55+00:00\",\"author\":{\"@id\":\"https:\\\/\\\/aconteceunovale.com.br\\\/portal\\\/#\\\/schema\\\/person\\\/633529146f2c94272bef50ac2953d589\"},\"breadcrumb\":{\"@id\":\"https:\\\/\\\/aconteceunovale.com.br\\\/portal\\\/?p=141549#breadcrumb\"},\"inLanguage\":\"pt-BR\",\"potentialAction\":[{\"@type\":\"ReadAction\",\"target\":[\"https:\\\/\\\/aconteceunovale.com.br\\\/portal\\\/?p=141549\"]}]},{\"@type\":\"ImageObject\",\"inLanguage\":\"pt-BR\",\"@id\":\"https:\\\/\\\/aconteceunovale.com.br\\\/portal\\\/?p=141549#primaryimage\",\"url\":\"https:\\\/\\\/aconteceunovale.com.br\\\/portal\\\/wp-content\\\/uploads\\\/2019\\\/01\\\/carta_renuncia_sms_4.jpg\",\"contentUrl\":\"https:\\\/\\\/aconteceunovale.com.br\\\/portal\\\/wp-content\\\/uploads\\\/2019\\\/01\\\/carta_renuncia_sms_4.jpg\",\"width\":678,\"height\":306},{\"@type\":\"BreadcrumbList\",\"@id\":\"https:\\\/\\\/aconteceunovale.com.br\\\/portal\\\/?p=141549#breadcrumb\",\"itemListElement\":[{\"@type\":\"ListItem\",\"position\":1,\"name\":\"In\u00edcio\",\"item\":\"https:\\\/\\\/aconteceunovale.com.br\\\/portal\\\/\"},{\"@type\":\"ListItem\",\"position\":2,\"name\":\"Presidente da C\u00e2mara assume Prefeitura de Santa Maria do Sua\u00e7u\u00ed ap\u00f3s ren\u00fancia do prefeito\"}]},{\"@type\":\"WebSite\",\"@id\":\"https:\\\/\\\/aconteceunovale.com.br\\\/portal\\\/#website\",\"url\":\"https:\\\/\\\/aconteceunovale.com.br\\\/portal\\\/\",\"name\":\"Aconteceu no Vale\",\"description\":\"Portal de Not\u00edcias\",\"potentialAction\":[{\"@type\":\"SearchAction\",\"target\":{\"@type\":\"EntryPoint\",\"urlTemplate\":\"https:\\\/\\\/aconteceunovale.com.br\\\/portal\\\/?s={search_term_string}\"},\"query-input\":{\"@type\":\"PropertyValueSpecification\",\"valueRequired\":true,\"valueName\":\"search_term_string\"}}],\"inLanguage\":\"pt-BR\"},{\"@type\":\"Person\",\"@id\":\"https:\\\/\\\/aconteceunovale.com.br\\\/portal\\\/#\\\/schema\\\/person\\\/633529146f2c94272bef50ac2953d589\",\"name\":\"Aconteceu no Vale\",\"description\":\"Equipe de reportagem do Aconteceu no Vale, portal de not\u00edcias do Vale do Jequitinhonha, em Minas Gerais. Cobrimos as 51 cidades do Vale desde 2013. Sugest\u00f5es de pauta e pedidos de corre\u00e7\u00e3o: contato@aconteceunovale.com.br\",\"sameAs\":[\"http:\\\/\\\/www.aconteceunovale.com.br\"],\"url\":\"https:\\\/\\\/aconteceunovale.com.br\\\/portal\\\/?author=1\"}]}<\/script>\n<!-- \/ Yoast SEO plugin. -->","yoast_head_json":{"title":"Presidente da C\u00e2mara assume Prefeitura de Santa Maria do Sua\u00e7u\u00ed ap\u00f3s ren\u00fancia do prefeito - Aconteceu no Vale","robots":{"index":"index","follow":"follow","max-snippet":"max-snippet:-1","max-image-preview":"max-image-preview:large","max-video-preview":"max-video-preview:-1"},"canonical":"https:\/\/aconteceunovale.com.br\/portal\/?p=141549","og_locale":"pt_BR","og_type":"article","og_title":"Presidente da C\u00e2mara assume Prefeitura de Santa Maria do Sua\u00e7u\u00ed ap\u00f3s ren\u00fancia do prefeito - Aconteceu no Vale","og_description":"O vereador Jaci da Silva Pinto (PMDB) tomou posse como prefeito de Santa Maria do Sua\u00e7u\u00ed, no Vale do Rio Doce, na manh\u00e3 desta quinta-feira (3\/1\/2019). O ent\u00e3o presidente da C\u00e2mara Municipal assumiu o cargo de Chefe do Executivo depois que o prefeito Jo\u00e3o Lopes Nunes Filho (PV), conhecido como Jo\u00e3o Fidel, protocolou carta de [&hellip;]","og_url":"https:\/\/aconteceunovale.com.br\/portal\/?p=141549","og_site_name":"Aconteceu no Vale","article_publisher":"https:\/\/www.facebook.com\/aconteceunovale\/","article_published_time":"2019-01-04T01:58:55+00:00","og_image":[{"width":678,"height":306,"url":"https:\/\/aconteceunovale.com.br\/portal\/wp-content\/uploads\/2019\/01\/carta_renuncia_sms_4.jpg","type":"image\/jpeg"}],"author":"Aconteceu no Vale","twitter_card":"summary_large_image","twitter_creator":"@noticiadosvales","twitter_site":"@noticiadosvales","twitter_misc":{"Escrito por":"Aconteceu no Vale","Est. tempo de leitura":"2 minutos"},"schema":{"@context":"https:\/\/schema.org","@graph":[{"@type":"Article","@id":"https:\/\/aconteceunovale.com.br\/portal\/?p=141549#article","isPartOf":{"@id":"https:\/\/aconteceunovale.com.br\/portal\/?p=141549"},"author":{"name":"Aconteceu no Vale","@id":"https:\/\/aconteceunovale.com.br\/portal\/#\/schema\/person\/633529146f2c94272bef50ac2953d589"},"headline":"Presidente da C\u00e2mara assume Prefeitura de Santa Maria do Sua\u00e7u\u00ed ap\u00f3s ren\u00fancia do prefeito","datePublished":"2019-01-04T01:58:55+00:00","mainEntityOfPage":{"@id":"https:\/\/aconteceunovale.com.br\/portal\/?p=141549"},"wordCount":318,"commentCount":0,"image":{"@id":"https:\/\/aconteceunovale.com.br\/portal\/?p=141549#primaryimage"},"thumbnailUrl":"https:\/\/aconteceunovale.com.br\/portal\/wp-content\/uploads\/2019\/01\/carta_renuncia_sms_4.jpg","keywords":["Einstein Lopes","Eunilton Lopes de Sena","Jaci da Silva Pinto","Jo\u00e3o Fidel","Jo\u00e3o Lopes Nunes Filho","Novo prefeito de Santa Maria do Sua\u00e7u\u00ed","Prefeitura de Santa Maria do Sua\u00e7u\u00ed","Presidente da C\u00e2mara assume Prefeitura de Santa Maria do Sua\u00e7u\u00ed ap\u00f3s ren\u00fancia do prefeito","Ren\u00fancia Jo\u00e3o Fidel","Ren\u00fancia prefeito Jo\u00e3o Fidel","Ren\u00fancia prefeito Santa Maria do Sua\u00e7u\u00ed","Rodolfo Lima Neto","Santa Maria do Sua\u00e7u\u00ed"],"articleSection":["Leste de Minas","Pol\u00edtica"],"inLanguage":"pt-BR","potentialAction":[{"@type":"CommentAction","name":"Comment","target":["https:\/\/aconteceunovale.com.br\/portal\/?p=141549#respond"]}]},{"@type":"WebPage","@id":"https:\/\/aconteceunovale.com.br\/portal\/?p=141549","url":"https:\/\/aconteceunovale.com.br\/portal\/?p=141549","name":"Presidente da C\u00e2mara assume Prefeitura de Santa Maria do Sua\u00e7u\u00ed ap\u00f3s ren\u00fancia do prefeito - Aconteceu no Vale","isPartOf":{"@id":"https:\/\/aconteceunovale.com.br\/portal\/#website"},"primaryImageOfPage":{"@id":"https:\/\/aconteceunovale.com.br\/portal\/?p=141549#primaryimage"},"image":{"@id":"https:\/\/aconteceunovale.com.br\/portal\/?p=141549#primaryimage"},"thumbnailUrl":"https:\/\/aconteceunovale.com.br\/portal\/wp-content\/uploads\/2019\/01\/carta_renuncia_sms_4.jpg","datePublished":"2019-01-04T01:58:55+00:00","author":{"@id":"https:\/\/aconteceunovale.com.br\/portal\/#\/schema\/person\/633529146f2c94272bef50ac2953d589"},"breadcrumb":{"@id":"https:\/\/aconteceunovale.com.br\/portal\/?p=141549#breadcrumb"},"inLanguage":"pt-BR","potentialAction":[{"@type":"ReadAction","target":["https:\/\/aconteceunovale.com.br\/portal\/?p=141549"]}]},{"@type":"ImageObject","inLanguage":"pt-BR","@id":"https:\/\/aconteceunovale.com.br\/portal\/?p=141549#primaryimage","url":"https:\/\/aconteceunovale.com.br\/portal\/wp-content\/uploads\/2019\/01\/carta_renuncia_sms_4.jpg","contentUrl":"https:\/\/aconteceunovale.com.br\/portal\/wp-content\/uploads\/2019\/01\/carta_renuncia_sms_4.jpg","width":678,"height":306},{"@type":"BreadcrumbList","@id":"https:\/\/aconteceunovale.com.br\/portal\/?p=141549#breadcrumb","itemListElement":[{"@type":"ListItem","position":1,"name":"In\u00edcio","item":"https:\/\/aconteceunovale.com.br\/portal\/"},{"@type":"ListItem","position":2,"name":"Presidente da C\u00e2mara assume Prefeitura de Santa Maria do Sua\u00e7u\u00ed ap\u00f3s ren\u00fancia do prefeito"}]},{"@type":"WebSite","@id":"https:\/\/aconteceunovale.com.br\/portal\/#website","url":"https:\/\/aconteceunovale.com.br\/portal\/","name":"Aconteceu no Vale","description":"Portal de Not\u00edcias","potentialAction":[{"@type":"SearchAction","target":{"@type":"EntryPoint","urlTemplate":"https:\/\/aconteceunovale.com.br\/portal\/?s={search_term_string}"},"query-input":{"@type":"PropertyValueSpecification","valueRequired":true,"valueName":"search_term_string"}}],"inLanguage":"pt-BR"},{"@type":"Person","@id":"https:\/\/aconteceunovale.com.br\/portal\/#\/schema\/person\/633529146f2c94272bef50ac2953d589","name":"Aconteceu no Vale","description":"Equipe de reportagem do Aconteceu no Vale, portal de not\u00edcias do Vale do Jequitinhonha, em Minas Gerais. Cobrimos as 51 cidades do Vale desde 2013. Sugest\u00f5es de pauta e pedidos de corre\u00e7\u00e3o: contato@aconteceunovale.com.br","sameAs":["http:\/\/www.aconteceunovale.com.br"],"url":"https:\/\/aconteceunovale.com.br\/portal\/?author=1"}]}},"_links":{"self":[{"href":"https:\/\/aconteceunovale.com.br\/portal\/index.php?rest_route=\/wp\/v2\/posts\/141549","targetHints":{"allow":["GET"]}}],"collection":[{"href":"https:\/\/aconteceunovale.com.br\/portal\/index.php?rest_route=\/wp\/v2\/posts"}],"about":[{"href":"https:\/\/aconteceunovale.com.br\/portal\/index.php?rest_route=\/wp\/v2\/types\/post"}],"author":[{"embeddable":true,"href":"https:\/\/aconteceunovale.com.br\/portal\/index.php?rest_route=\/wp\/v2\/users\/1"}],"replies":[{"embeddable":true,"href":"https:\/\/aconteceunovale.com.br\/portal\/index.php?rest_route=%2Fwp%2Fv2%2Fcomments&post=141549"}],"version-history":[{"count":0,"href":"https:\/\/aconteceunovale.com.br\/portal\/index.php?rest_route=\/wp\/v2\/posts\/141549\/revisions"}],"wp:featuredmedia":[{"embeddable":true,"href":"https:\/\/aconteceunovale.com.br\/portal\/index.php?rest_route=\/wp\/v2\/media\/141555"}],"wp:attachment":[{"href":"https:\/\/aconteceunovale.com.br\/portal\/index.php?rest_route=%2Fwp%2Fv2%2Fmedia&parent=141549"}],"wp:term":[{"taxonomy":"category","embeddable":true,"href":"https:\/\/aconteceunovale.com.br\/portal\/index.php?rest_route=%2Fwp%2Fv2%2Fcategories&post=141549"},{"taxonomy":"post_tag","embeddable":true,"href":"https:\/\/aconteceunovale.com.br\/portal\/index.php?rest_route=%2Fwp%2Fv2%2Ftags&post=141549"}],"curies":[{"name":"wp","href":"https:\/\/api.w.org\/{rel}","templated":true}]}}