{"id":141546,"date":"2019-01-03T22:47:49","date_gmt":"2019-01-04T00:47:49","guid":{"rendered":"http:\/\/aconteceunovale.com.br\/portal\/?p=141546"},"modified":"2019-01-03T22:47:49","modified_gmt":"2019-01-04T00:47:49","slug":"reforma-da-previdencia-bolsonaro-propoe-idade-minima-de-62-anos-para-homem-e-57-para-mulher","status":"publish","type":"post","link":"https:\/\/aconteceunovale.com.br\/portal\/?p=141546","title":{"rendered":"Reforma da Previd\u00eancia: Bolsonaro prop\u00f5e idade m\u00ednima de 62 anos para homem e 57 para mulher"},"content":{"rendered":"<p>O presidente Jair Bolsonaro disse que a proposta de reforma da Previd\u00eancia em discuss\u00e3o no governo prev\u00ea a idade m\u00ednima de 62 anos para os homens e 57 anos para as mulheres com aumento gradativo. Segundo Bolsonaro, seria mais um ano a partir da promulga\u00e7\u00e3o e outro em 2022, mas com diferen\u00e7as de idade m\u00ednima de acordo com a categoria profissional e a expectativa de vida.<\/p>\n<p>Segundo Bolsonaro, o futuro presidente avaliaria a necessidade de novos ajustes no sistema previdenci\u00e1rio. \u201cQuando voc\u00ea coloca tudo de uma vez s\u00f3 no pacote, voc\u00ea pode errar, e n\u00f3s n\u00e3o queremos errar\u201d, disse em entrevista ao SBT, a primeira ap\u00f3s ter tomado posse. <\/p>\n<p>O presidente indicou que as medidas visam principalmente a previd\u00eancia dos servidores p\u00fablicos. \u201cO que mais pesa no Or\u00e7amento \u00e9 a quest\u00e3o da previd\u00eancia p\u00fablica, que ter\u00e1 maior aten\u00e7\u00e3o da nossa parte. Vamos buscar tamb\u00e9m eliminar privil\u00e9gios\u201d, afirmou o presidente, que descartou aumentar a al\u00edquota de contribui\u00e7\u00e3o previdenci\u00e1ria dos servidores, hoje em 11%.<\/p>\n<p><strong>Aprova\u00e7\u00e3o<\/strong><\/p>\n<p>Bolsonaro disse que a reforma n\u00e3o vai estabelecer regras \u00fanicas para todos os setores e todas as categorias profissionais. Citou a expectativa de vida no Piau\u00ed, que \u00e9 69 anos, argumentando que seria \u201cum pouco forte estabelecer a idade m\u00ednima de 65 anos\u201d, como previa o texto da reforma enviado ao Congresso pelo governo do ex-presidente Michel Temer.  <\/p>\n<p>A diferencia\u00e7\u00e3o visa, conforme Bolsonaro, facilitar a aprova\u00e7\u00e3o no Congresso, mas tamb\u00e9m evitar \u201cinjusti\u00e7a com aqueles que t\u00eam expectativa de vida menor\u201d. O presidente voltou a dizer que poder\u00e1 aproveitar a proposta j\u00e1 em tramita\u00e7\u00e3o na C\u00e2mara dos Deputados, com alguns ajustes.<\/p>\n<p>\u201cO que queremos \u00e9 aproveitar a reforma que j\u00e1 est\u00e1 na C\u00e2mara, que come\u00e7ou com o senhor Michel Temer. A boa reforma \u00e9 aquela que passa na C\u00e2mara e no Senado, n\u00e3o aquela que est\u00e1 na minha cabe\u00e7a ou na [cabe\u00e7a] da equipe econ\u00f4mica\u201d, afirmou.<\/p>\n<p>Bolsonaro argumentou que a reforma \u00e9 necess\u00e1ria para impedir que o pa\u00eds \u201cem mais dois ou tr\u00eas anos entre em colapso\u201d, a exemplo do que ocorreu com a Gr\u00e9cia. \u201cAgora todos ter\u00e3o de contribuir um pouco para que ela seja aprovada. Eu acredito que o Parlamento n\u00e3o vai faltar ao Brasil\u201d, disse.<\/p>\n<p><img decoding=\"async\" src=\"http:\/\/aconteceunovale.com.br\/portal\/wp-content\/uploads\/2019\/01\/bolsonaro.jpg\" alt=\"\" \/><em>Foto: Antonio Cruz\/Ag\u00eancia Brasil<\/em><br \/>\n<\/br><\/p>\n<p><strong>Justi\u00e7a do Trabalho<\/strong><\/p>\n<p>Segundo o presidente, o governo poder\u00e1 propor a extin\u00e7\u00e3o da Justi\u00e7a do Trabalho, transferindo para a Justi\u00e7a comum as a\u00e7\u00f5es trabalhistas. \u201cQual pa\u00eds do mundo que tem? Tem que ser Justi\u00e7a comum e tem que ter a sucumb\u00eancia \u2013 quem entrou na Justi\u00e7a e perdeu tem de pagar\u201d, argumentou.<\/p>\n<p>Bolsonaro disse que, antes da reforma trabalhista, havia 4 milh\u00f5es de a\u00e7\u00f5es trabalhistas em tramita\u00e7\u00e3o. \u201cNingu\u00e9m aguenta isso. N\u00f3s temos mais a\u00e7\u00f5es trabalhistas que o mundo inteiro. Algo est\u00e1 errado, \u00e9 o excesso de prote\u00e7\u00e3o\u201d, afirmou.<\/p>\n<p>O presidente voltou a criticar o excesso de encargos trabalhistas, que acabam onerando a m\u00e3o de obra no pa\u00eds. Bolsonaro afirmou que n\u00e3o vai mexer em direitos trabalhistas previstos na Constitui\u00e7\u00e3o, mas que vai aprofundar a reforma trabalhista. \u201cO Brasil \u00e9 um pa\u00eds de direitos em excesso, mas falta emprego. Nos Estados Unidos, n\u00e3o t\u00eam quase direito trabalhista. N\u00e3o adianta voc\u00ea ter direitos e n\u00e3o ter emprego\u201d, afirmou.<\/p>\n<p><strong>VER PRIMEIRO<\/strong><\/p>\n<p>Receba as not\u00edcias do Aconteceu no Vale em primeira m\u00e3o. Clique em curtir no endere\u00e7o <a href=\"https:\/\/www.facebook.com\/aconteceunovale\" target=\"_blank\"><font color=\"red\">www.facebook.com\/aconteceunovale<\/font><\/a> ou no box abaixo:<\/p>\n<div class=\"fb-like\" data-href=\"https:\/\/www.facebook.com\/aconteceunovale\" data-width=\"120\" data-layout=\"standard\" data-action=\"like\" data-size=\"small\" data-show-faces=\"true\" data-share=\"true\"><\/div>\n<p><\/br><\/p>\n<p><em>(Fonte: Ag\u00eancia Brasil)<\/em><\/p>\n","protected":false},"excerpt":{"rendered":"<p>O presidente Jair Bolsonaro disse que a proposta de reforma da Previd\u00eancia em discuss\u00e3o no governo prev\u00ea a idade m\u00ednima de 62 anos para os homens e 57 anos para as mulheres com aumento gradativo. Segundo Bolsonaro, seria mais um ano a partir da promulga\u00e7\u00e3o e outro em 2022, mas com diferen\u00e7as de idade m\u00ednima [&hellip;]<\/p>\n","protected":false},"author":1,"featured_media":141547,"comment_status":"open","ping_status":"closed","sticky":false,"template":"","format":"standard","meta":{"amp_status":"","footnotes":""},"categories":[6,40240],"tags":[190988,100375,1018,184405,190986,128916,26436,190990,174222,190991,190989,190987,110209,190992],"class_list":["post-141546","post","type-post","status-publish","format-standard","has-post-thumbnail","hentry","category-br","category-politica","tag-aposentadoria-bolsonaro","tag-bolsonaro","tag-destaque","tag-governo-bolsonaro","tag-idade-minima-bolsonaro","tag-idade-para-aposentar","tag-jair-bolsonaro","tag-nova-idade-para-aposentar","tag-presidente-jair-bolsonaro","tag-presidente-jair-bolsonaro-propoe-idade-minima-de-62-anos-para-homem-e-57-para-mulher","tag-proposta-aposentadoria-bolsonaro","tag-proposta-previdencia-bolsonaro","tag-reforma-da-previdencia","tag-reforma-da-previdencia-bolsonaro-propoe-idade-minima-de-62-anos-para-homem-e-57-para-mulher"],"yoast_head":"<!-- This site is optimized with the Yoast SEO plugin v28.3 - https:\/\/yoast.com\/product\/yoast-seo-wordpress\/ -->\n<title>Reforma da Previd\u00eancia: Bolsonaro prop\u00f5e idade m\u00ednima de 62 anos para homem e 57 para mulher - Aconteceu no Vale<\/title>\n<meta name=\"robots\" content=\"index, follow, max-snippet:-1, max-image-preview:large, max-video-preview:-1\" \/>\n<link rel=\"canonical\" href=\"https:\/\/aconteceunovale.com.br\/portal\/?p=141546\" \/>\n<meta property=\"og:locale\" content=\"pt_BR\" \/>\n<meta property=\"og:type\" content=\"article\" \/>\n<meta property=\"og:title\" content=\"Reforma da Previd\u00eancia: Bolsonaro prop\u00f5e idade m\u00ednima de 62 anos para homem e 57 para mulher - Aconteceu no Vale\" \/>\n<meta property=\"og:description\" content=\"O presidente Jair Bolsonaro disse que a proposta de reforma da Previd\u00eancia em discuss\u00e3o no governo prev\u00ea a idade m\u00ednima de 62 anos para os homens e 57 anos para as mulheres com aumento gradativo. Segundo Bolsonaro, seria mais um ano a partir da promulga\u00e7\u00e3o e outro em 2022, mas com diferen\u00e7as de idade m\u00ednima [&hellip;]\" \/>\n<meta property=\"og:url\" content=\"https:\/\/aconteceunovale.com.br\/portal\/?p=141546\" \/>\n<meta property=\"og:site_name\" content=\"Aconteceu no Vale\" \/>\n<meta property=\"article:publisher\" content=\"https:\/\/www.facebook.com\/aconteceunovale\/\" \/>\n<meta property=\"article:published_time\" content=\"2019-01-04T00:47:49+00:00\" \/>\n<meta property=\"og:image\" content=\"https:\/\/aconteceunovale.com.br\/portal\/wp-content\/uploads\/2019\/01\/bolsonaro.jpg\" \/>\n\t<meta property=\"og:image:width\" content=\"675\" \/>\n\t<meta property=\"og:image:height\" content=\"450\" \/>\n\t<meta property=\"og:image:type\" content=\"image\/jpeg\" \/>\n<meta name=\"author\" content=\"Aconteceu no Vale\" \/>\n<meta name=\"twitter:card\" content=\"summary_large_image\" \/>\n<meta name=\"twitter:creator\" content=\"@noticiadosvales\" \/>\n<meta name=\"twitter:site\" content=\"@noticiadosvales\" \/>\n<meta name=\"twitter:label1\" content=\"Escrito por\" \/>\n\t<meta name=\"twitter:data1\" content=\"Aconteceu no Vale\" \/>\n\t<meta name=\"twitter:label2\" content=\"Est. tempo de leitura\" \/>\n\t<meta name=\"twitter:data2\" content=\"3 minutos\" \/>\n<script type=\"application\/ld+json\" class=\"yoast-schema-graph\">{\"@context\":\"https:\\\/\\\/schema.org\",\"@graph\":[{\"@type\":\"Article\",\"@id\":\"https:\\\/\\\/aconteceunovale.com.br\\\/portal\\\/?p=141546#article\",\"isPartOf\":{\"@id\":\"https:\\\/\\\/aconteceunovale.com.br\\\/portal\\\/?p=141546\"},\"author\":{\"name\":\"Aconteceu no Vale\",\"@id\":\"https:\\\/\\\/aconteceunovale.com.br\\\/portal\\\/#\\\/schema\\\/person\\\/633529146f2c94272bef50ac2953d589\"},\"headline\":\"Reforma da Previd\u00eancia: Bolsonaro prop\u00f5e idade m\u00ednima de 62 anos para homem e 57 para mulher\",\"datePublished\":\"2019-01-04T00:47:49+00:00\",\"mainEntityOfPage\":{\"@id\":\"https:\\\/\\\/aconteceunovale.com.br\\\/portal\\\/?p=141546\"},\"wordCount\":626,\"commentCount\":0,\"image\":{\"@id\":\"https:\\\/\\\/aconteceunovale.com.br\\\/portal\\\/?p=141546#primaryimage\"},\"thumbnailUrl\":\"https:\\\/\\\/aconteceunovale.com.br\\\/portal\\\/wp-content\\\/uploads\\\/2019\\\/01\\\/bolsonaro.jpg\",\"keywords\":[\"Aposentadoria Bolsonaro\",\"Bolsonaro\",\"destaque\",\"Governo Bolsonaro\",\"Idade m\u00ednima Bolsonaro\",\"Idade para aposentar\",\"Jair Bolsonaro\",\"Nova idade para aposentar\",\"Presidente Jair Bolsonaro\",\"Presidente Jair Bolsonaro prop\u00f5e idade m\u00ednima de 62 anos para homem e 57 para mulher\",\"Proposta aposentadoria Bolsonaro\",\"Proposta previd\u00eancia Bolsonaro\",\"reforma da Previd\u00eancia\",\"Reforma da Previd\u00eancia: Bolsonaro prop\u00f5e idade m\u00ednima de 62 anos para homem e 57 para mulher\"],\"articleSection\":[\"Brasil\",\"Pol\u00edtica\"],\"inLanguage\":\"pt-BR\",\"potentialAction\":[{\"@type\":\"CommentAction\",\"name\":\"Comment\",\"target\":[\"https:\\\/\\\/aconteceunovale.com.br\\\/portal\\\/?p=141546#respond\"]}]},{\"@type\":\"WebPage\",\"@id\":\"https:\\\/\\\/aconteceunovale.com.br\\\/portal\\\/?p=141546\",\"url\":\"https:\\\/\\\/aconteceunovale.com.br\\\/portal\\\/?p=141546\",\"name\":\"Reforma da Previd\u00eancia: Bolsonaro prop\u00f5e idade m\u00ednima de 62 anos para homem e 57 para mulher - Aconteceu no Vale\",\"isPartOf\":{\"@id\":\"https:\\\/\\\/aconteceunovale.com.br\\\/portal\\\/#website\"},\"primaryImageOfPage\":{\"@id\":\"https:\\\/\\\/aconteceunovale.com.br\\\/portal\\\/?p=141546#primaryimage\"},\"image\":{\"@id\":\"https:\\\/\\\/aconteceunovale.com.br\\\/portal\\\/?p=141546#primaryimage\"},\"thumbnailUrl\":\"https:\\\/\\\/aconteceunovale.com.br\\\/portal\\\/wp-content\\\/uploads\\\/2019\\\/01\\\/bolsonaro.jpg\",\"datePublished\":\"2019-01-04T00:47:49+00:00\",\"author\":{\"@id\":\"https:\\\/\\\/aconteceunovale.com.br\\\/portal\\\/#\\\/schema\\\/person\\\/633529146f2c94272bef50ac2953d589\"},\"breadcrumb\":{\"@id\":\"https:\\\/\\\/aconteceunovale.com.br\\\/portal\\\/?p=141546#breadcrumb\"},\"inLanguage\":\"pt-BR\",\"potentialAction\":[{\"@type\":\"ReadAction\",\"target\":[\"https:\\\/\\\/aconteceunovale.com.br\\\/portal\\\/?p=141546\"]}]},{\"@type\":\"ImageObject\",\"inLanguage\":\"pt-BR\",\"@id\":\"https:\\\/\\\/aconteceunovale.com.br\\\/portal\\\/?p=141546#primaryimage\",\"url\":\"https:\\\/\\\/aconteceunovale.com.br\\\/portal\\\/wp-content\\\/uploads\\\/2019\\\/01\\\/bolsonaro.jpg\",\"contentUrl\":\"https:\\\/\\\/aconteceunovale.com.br\\\/portal\\\/wp-content\\\/uploads\\\/2019\\\/01\\\/bolsonaro.jpg\",\"width\":675,\"height\":450},{\"@type\":\"BreadcrumbList\",\"@id\":\"https:\\\/\\\/aconteceunovale.com.br\\\/portal\\\/?p=141546#breadcrumb\",\"itemListElement\":[{\"@type\":\"ListItem\",\"position\":1,\"name\":\"In\u00edcio\",\"item\":\"https:\\\/\\\/aconteceunovale.com.br\\\/portal\\\/\"},{\"@type\":\"ListItem\",\"position\":2,\"name\":\"Reforma da Previd\u00eancia: Bolsonaro prop\u00f5e idade m\u00ednima de 62 anos para homem e 57 para mulher\"}]},{\"@type\":\"WebSite\",\"@id\":\"https:\\\/\\\/aconteceunovale.com.br\\\/portal\\\/#website\",\"url\":\"https:\\\/\\\/aconteceunovale.com.br\\\/portal\\\/\",\"name\":\"Aconteceu no Vale\",\"description\":\"Portal de Not\u00edcias\",\"potentialAction\":[{\"@type\":\"SearchAction\",\"target\":{\"@type\":\"EntryPoint\",\"urlTemplate\":\"https:\\\/\\\/aconteceunovale.com.br\\\/portal\\\/?s={search_term_string}\"},\"query-input\":{\"@type\":\"PropertyValueSpecification\",\"valueRequired\":true,\"valueName\":\"search_term_string\"}}],\"inLanguage\":\"pt-BR\"},{\"@type\":\"Person\",\"@id\":\"https:\\\/\\\/aconteceunovale.com.br\\\/portal\\\/#\\\/schema\\\/person\\\/633529146f2c94272bef50ac2953d589\",\"name\":\"Aconteceu no Vale\",\"description\":\"Equipe de reportagem do Aconteceu no Vale, portal de not\u00edcias do Vale do Jequitinhonha, em Minas Gerais. Cobrimos as 51 cidades do Vale desde 2013. Sugest\u00f5es de pauta e pedidos de corre\u00e7\u00e3o: contato@aconteceunovale.com.br\",\"sameAs\":[\"http:\\\/\\\/www.aconteceunovale.com.br\"],\"url\":\"https:\\\/\\\/aconteceunovale.com.br\\\/portal\\\/?author=1\"}]}<\/script>\n<!-- \/ Yoast SEO plugin. -->","yoast_head_json":{"title":"Reforma da Previd\u00eancia: Bolsonaro prop\u00f5e idade m\u00ednima de 62 anos para homem e 57 para mulher - Aconteceu no Vale","robots":{"index":"index","follow":"follow","max-snippet":"max-snippet:-1","max-image-preview":"max-image-preview:large","max-video-preview":"max-video-preview:-1"},"canonical":"https:\/\/aconteceunovale.com.br\/portal\/?p=141546","og_locale":"pt_BR","og_type":"article","og_title":"Reforma da Previd\u00eancia: Bolsonaro prop\u00f5e idade m\u00ednima de 62 anos para homem e 57 para mulher - Aconteceu no Vale","og_description":"O presidente Jair Bolsonaro disse que a proposta de reforma da Previd\u00eancia em discuss\u00e3o no governo prev\u00ea a idade m\u00ednima de 62 anos para os homens e 57 anos para as mulheres com aumento gradativo. Segundo Bolsonaro, seria mais um ano a partir da promulga\u00e7\u00e3o e outro em 2022, mas com diferen\u00e7as de idade m\u00ednima [&hellip;]","og_url":"https:\/\/aconteceunovale.com.br\/portal\/?p=141546","og_site_name":"Aconteceu no Vale","article_publisher":"https:\/\/www.facebook.com\/aconteceunovale\/","article_published_time":"2019-01-04T00:47:49+00:00","og_image":[{"width":675,"height":450,"url":"https:\/\/aconteceunovale.com.br\/portal\/wp-content\/uploads\/2019\/01\/bolsonaro.jpg","type":"image\/jpeg"}],"author":"Aconteceu no Vale","twitter_card":"summary_large_image","twitter_creator":"@noticiadosvales","twitter_site":"@noticiadosvales","twitter_misc":{"Escrito por":"Aconteceu no Vale","Est. tempo de leitura":"3 minutos"},"schema":{"@context":"https:\/\/schema.org","@graph":[{"@type":"Article","@id":"https:\/\/aconteceunovale.com.br\/portal\/?p=141546#article","isPartOf":{"@id":"https:\/\/aconteceunovale.com.br\/portal\/?p=141546"},"author":{"name":"Aconteceu no Vale","@id":"https:\/\/aconteceunovale.com.br\/portal\/#\/schema\/person\/633529146f2c94272bef50ac2953d589"},"headline":"Reforma da Previd\u00eancia: Bolsonaro prop\u00f5e idade m\u00ednima de 62 anos para homem e 57 para mulher","datePublished":"2019-01-04T00:47:49+00:00","mainEntityOfPage":{"@id":"https:\/\/aconteceunovale.com.br\/portal\/?p=141546"},"wordCount":626,"commentCount":0,"image":{"@id":"https:\/\/aconteceunovale.com.br\/portal\/?p=141546#primaryimage"},"thumbnailUrl":"https:\/\/aconteceunovale.com.br\/portal\/wp-content\/uploads\/2019\/01\/bolsonaro.jpg","keywords":["Aposentadoria Bolsonaro","Bolsonaro","destaque","Governo Bolsonaro","Idade m\u00ednima Bolsonaro","Idade para aposentar","Jair Bolsonaro","Nova idade para aposentar","Presidente Jair Bolsonaro","Presidente Jair Bolsonaro prop\u00f5e idade m\u00ednima de 62 anos para homem e 57 para mulher","Proposta aposentadoria Bolsonaro","Proposta previd\u00eancia Bolsonaro","reforma da Previd\u00eancia","Reforma da Previd\u00eancia: Bolsonaro prop\u00f5e idade m\u00ednima de 62 anos para homem e 57 para mulher"],"articleSection":["Brasil","Pol\u00edtica"],"inLanguage":"pt-BR","potentialAction":[{"@type":"CommentAction","name":"Comment","target":["https:\/\/aconteceunovale.com.br\/portal\/?p=141546#respond"]}]},{"@type":"WebPage","@id":"https:\/\/aconteceunovale.com.br\/portal\/?p=141546","url":"https:\/\/aconteceunovale.com.br\/portal\/?p=141546","name":"Reforma da Previd\u00eancia: Bolsonaro prop\u00f5e idade m\u00ednima de 62 anos para homem e 57 para mulher - Aconteceu no Vale","isPartOf":{"@id":"https:\/\/aconteceunovale.com.br\/portal\/#website"},"primaryImageOfPage":{"@id":"https:\/\/aconteceunovale.com.br\/portal\/?p=141546#primaryimage"},"image":{"@id":"https:\/\/aconteceunovale.com.br\/portal\/?p=141546#primaryimage"},"thumbnailUrl":"https:\/\/aconteceunovale.com.br\/portal\/wp-content\/uploads\/2019\/01\/bolsonaro.jpg","datePublished":"2019-01-04T00:47:49+00:00","author":{"@id":"https:\/\/aconteceunovale.com.br\/portal\/#\/schema\/person\/633529146f2c94272bef50ac2953d589"},"breadcrumb":{"@id":"https:\/\/aconteceunovale.com.br\/portal\/?p=141546#breadcrumb"},"inLanguage":"pt-BR","potentialAction":[{"@type":"ReadAction","target":["https:\/\/aconteceunovale.com.br\/portal\/?p=141546"]}]},{"@type":"ImageObject","inLanguage":"pt-BR","@id":"https:\/\/aconteceunovale.com.br\/portal\/?p=141546#primaryimage","url":"https:\/\/aconteceunovale.com.br\/portal\/wp-content\/uploads\/2019\/01\/bolsonaro.jpg","contentUrl":"https:\/\/aconteceunovale.com.br\/portal\/wp-content\/uploads\/2019\/01\/bolsonaro.jpg","width":675,"height":450},{"@type":"BreadcrumbList","@id":"https:\/\/aconteceunovale.com.br\/portal\/?p=141546#breadcrumb","itemListElement":[{"@type":"ListItem","position":1,"name":"In\u00edcio","item":"https:\/\/aconteceunovale.com.br\/portal\/"},{"@type":"ListItem","position":2,"name":"Reforma da Previd\u00eancia: Bolsonaro prop\u00f5e idade m\u00ednima de 62 anos para homem e 57 para mulher"}]},{"@type":"WebSite","@id":"https:\/\/aconteceunovale.com.br\/portal\/#website","url":"https:\/\/aconteceunovale.com.br\/portal\/","name":"Aconteceu no Vale","description":"Portal de Not\u00edcias","potentialAction":[{"@type":"SearchAction","target":{"@type":"EntryPoint","urlTemplate":"https:\/\/aconteceunovale.com.br\/portal\/?s={search_term_string}"},"query-input":{"@type":"PropertyValueSpecification","valueRequired":true,"valueName":"search_term_string"}}],"inLanguage":"pt-BR"},{"@type":"Person","@id":"https:\/\/aconteceunovale.com.br\/portal\/#\/schema\/person\/633529146f2c94272bef50ac2953d589","name":"Aconteceu no Vale","description":"Equipe de reportagem do Aconteceu no Vale, portal de not\u00edcias do Vale do Jequitinhonha, em Minas Gerais. Cobrimos as 51 cidades do Vale desde 2013. Sugest\u00f5es de pauta e pedidos de corre\u00e7\u00e3o: contato@aconteceunovale.com.br","sameAs":["http:\/\/www.aconteceunovale.com.br"],"url":"https:\/\/aconteceunovale.com.br\/portal\/?author=1"}]}},"_links":{"self":[{"href":"https:\/\/aconteceunovale.com.br\/portal\/index.php?rest_route=\/wp\/v2\/posts\/141546","targetHints":{"allow":["GET"]}}],"collection":[{"href":"https:\/\/aconteceunovale.com.br\/portal\/index.php?rest_route=\/wp\/v2\/posts"}],"about":[{"href":"https:\/\/aconteceunovale.com.br\/portal\/index.php?rest_route=\/wp\/v2\/types\/post"}],"author":[{"embeddable":true,"href":"https:\/\/aconteceunovale.com.br\/portal\/index.php?rest_route=\/wp\/v2\/users\/1"}],"replies":[{"embeddable":true,"href":"https:\/\/aconteceunovale.com.br\/portal\/index.php?rest_route=%2Fwp%2Fv2%2Fcomments&post=141546"}],"version-history":[{"count":0,"href":"https:\/\/aconteceunovale.com.br\/portal\/index.php?rest_route=\/wp\/v2\/posts\/141546\/revisions"}],"wp:featuredmedia":[{"embeddable":true,"href":"https:\/\/aconteceunovale.com.br\/portal\/index.php?rest_route=\/wp\/v2\/media\/141547"}],"wp:attachment":[{"href":"https:\/\/aconteceunovale.com.br\/portal\/index.php?rest_route=%2Fwp%2Fv2%2Fmedia&parent=141546"}],"wp:term":[{"taxonomy":"category","embeddable":true,"href":"https:\/\/aconteceunovale.com.br\/portal\/index.php?rest_route=%2Fwp%2Fv2%2Fcategories&post=141546"},{"taxonomy":"post_tag","embeddable":true,"href":"https:\/\/aconteceunovale.com.br\/portal\/index.php?rest_route=%2Fwp%2Fv2%2Ftags&post=141546"}],"curies":[{"name":"wp","href":"https:\/\/api.w.org\/{rel}","templated":true}]}}