{"id":141527,"date":"2019-01-03T12:11:42","date_gmt":"2019-01-03T14:11:42","guid":{"rendered":"http:\/\/aconteceunovale.com.br\/portal\/?p=141527"},"modified":"2026-09-02T12:37:28","modified_gmt":"2026-09-02T15:37:28","slug":"dois-homens-sao-assassinados-na-zona-rural-de-carai-no-vale-do-jequitinhonha","status":"publish","type":"post","link":"https:\/\/aconteceunovale.com.br\/portal\/?p=141527","title":{"rendered":"Dois homens s\u00e3o assassinados na zona rural de Cara\u00ed, no Vale do Jequitinhonha"},"content":{"rendered":"<p>Dois homens foram encontrados mortos na zona rural de Cara\u00ed, no Vale do Jequitinhonha, na tarde dessa quarta-feira (2\/1\/2019). Segundo a Pol\u00edcia Militar (PM), os corpos das v\u00edtimas Mayke Gomes Gon\u00e7alves, de 23 anos, e de seu cunhado Joseilton Gomes dos Santos, de 36, estavam em uma estrada que liga as comunidades de Ponto do Marambaia e C\u00f3rrego dos Lopes.<\/p>\n<p>Ainda de acordo com a PM, as circunst\u00e2ncias do crime indicam que as v\u00edtimas foram alvo de emboscada. Mayke Gomes e Joseilton foram mortos com v\u00e1rios tiros, a maioria na cabe\u00e7a. Os corpos estavam pr\u00f3ximos a uma motocicleta.<\/p>\n<p>Ap\u00f3s o trabalho da per\u00edcia, os corpos foram encaminhados ao Instituto M\u00e9dico Legal (IML) de Te\u00f3filo Otoni. O caso ser\u00e1 investigado pela Pol\u00edcia Civil e ainda n\u00e3o h\u00e1 informa\u00e7\u00f5es sobre a motiva\u00e7\u00e3o do crime. At\u00e9 o momento, ningu\u00e9m foi preso.<\/p>\n<p><img decoding=\"async\" src=\"http:\/\/aconteceunovale.com.br\/portal\/wp-content\/uploads\/2019\/01\/mortos_carai.jpg\" alt=\"\" \/><em>Corpos estavam em estrada na zona rural de Cara\u00ed \u2014 Foto: Dion Lenon Dias\/Arquivo Pessoal<\/em><br \/>\n<\/br><\/p>\n<h4><strong>Adolescente \u00e9 morto a facada na zona rural de Novo Cruzeiro<\/strong><\/h4>\n<p>Um adolescente de 15 anos foi morto a facadas na madrugada de quarta-feira (2) na zona rural de Novo Cruzeiro, no Vale do Jequitinhonha. Segundo a Pol\u00edcia Militar, Josimar Ferreira Rodrigues estava com a fam\u00edlia na comunidade de C\u00f3rrego Maxixe (Novilhona) quando foi esfaqueado pelo tio, de 30 anos.<\/p>\n<p>Ainda de acordo com a PM, o homem chegou a fugir, mas foi encontrado em uma planta\u00e7\u00e3o de milho e preso. A motiva\u00e7\u00e3o do crime ser\u00e1 investigada. Ap\u00f3s trabalho da per\u00edcia, o corpo foi encaminhado ao IML de Te\u00f3filo Otoni.<\/p>\n<p><strong>VER PRIMEIRO<\/strong><\/p>\n<p>Receba as not\u00edcias do Aconteceu no Vale em primeira m\u00e3o. Clique em curtir no endere\u00e7o <a href=\"https:\/\/www.facebook.com\/aconteceunovale\" target=\"_blank\"><font color=\"red\">www.facebook.com\/aconteceunovale<\/font><\/a> ou no box abaixo:<\/p>\n<div class=\"fb-like\" data-href=\"https:\/\/www.facebook.com\/aconteceunovale\" data-width=\"120\" data-layout=\"standard\" data-action=\"like\" data-size=\"small\" data-show-faces=\"true\" data-share=\"true\"><\/div>\n<p><\/br><\/p>\n<p><em>(Fonte: G1 Vales e PM)<\/em><\/p>\n","protected":false},"excerpt":{"rendered":"<p>Dois homens foram encontrados mortos na zona rural de Cara\u00ed, no Vale do Jequitinhonha, na tarde dessa quarta-feira (2\/1\/2019). Segundo a Pol\u00edcia Militar (PM), os corpos das v\u00edtimas Mayke Gomes Gon\u00e7alves, de 23 anos, e de seu cunhado Joseilton Gomes dos Santos, de 36, estavam em uma estrada que liga as comunidades de Ponto do [&hellip;]<\/p>\n","protected":false},"author":1,"featured_media":141528,"comment_status":"open","ping_status":"closed","sticky":false,"template":"","format":"standard","meta":{"amp_status":"","footnotes":""},"categories":[272536,120],"tags":[190951,190950,176450,190946,490,190944,190941,190943,190942,190949,190947,190952,190948,176451,190945,175,4620,56132],"class_list":["post-141527","post","type-post","status-publish","format-standard","has-post-thumbnail","hentry","category-carai","category-jequi","tag-adolescente-e-morto-a-facada-na-zona-rural-de-novo-cruzeiro","tag-adolescente-e-morto-pelo-tio-na-zona-rural-de-novo-cruzeiro","tag-assassinados-em-carai","tag-assassinados-na-estrada-entre-ponto-do-marambaia-e-corrego-dos-lopes","tag-carai","tag-corrego-dos-lopes","tag-dois-homens-sao-assassinados-na-zona-rural-de-carai","tag-dois-homens-sao-assassinados-na-zona-rural-de-carai-no-vale-do-jequitinhonha","tag-duplo-homicidio-em-carai","tag-duplo-homicidio-na-zona-rural-de-carai","tag-joseilton-gomes-dos-santos","tag-josimar-ferreira-rodrigues","tag-mayke-gomes-goncalves","tag-mortos-em-carai","tag-mortos-na-estrada-entre-ponto-do-marambaia-e-corrego-dos-lopes","tag-novo-cruzeiro","tag-ponto-do-marambaia","tag-violencia-em-carai"],"yoast_head":"<!-- This site is optimized with the Yoast SEO plugin v28.3 - https:\/\/yoast.com\/product\/yoast-seo-wordpress\/ -->\n<title>Dois homens s\u00e3o assassinados na zona rural de Cara\u00ed, no Vale do Jequitinhonha - Aconteceu no Vale<\/title>\n<meta name=\"robots\" content=\"index, follow, max-snippet:-1, max-image-preview:large, max-video-preview:-1\" \/>\n<link rel=\"canonical\" href=\"https:\/\/aconteceunovale.com.br\/portal\/?p=141527\" \/>\n<meta property=\"og:locale\" content=\"pt_BR\" \/>\n<meta property=\"og:type\" content=\"article\" \/>\n<meta property=\"og:title\" content=\"Dois homens s\u00e3o assassinados na zona rural de Cara\u00ed, no Vale do Jequitinhonha - Aconteceu no Vale\" \/>\n<meta property=\"og:description\" content=\"Dois homens foram encontrados mortos na zona rural de Cara\u00ed, no Vale do Jequitinhonha, na tarde dessa quarta-feira (2\/1\/2019). Segundo a Pol\u00edcia Militar (PM), os corpos das v\u00edtimas Mayke Gomes Gon\u00e7alves, de 23 anos, e de seu cunhado Joseilton Gomes dos Santos, de 36, estavam em uma estrada que liga as comunidades de Ponto do [&hellip;]\" \/>\n<meta property=\"og:url\" content=\"https:\/\/aconteceunovale.com.br\/portal\/?p=141527\" \/>\n<meta property=\"og:site_name\" content=\"Aconteceu no Vale\" \/>\n<meta property=\"article:publisher\" content=\"https:\/\/www.facebook.com\/aconteceunovale\/\" \/>\n<meta property=\"article:published_time\" content=\"2019-01-03T14:11:42+00:00\" \/>\n<meta property=\"article:modified_time\" content=\"2026-09-02T15:37:28+00:00\" \/>\n<meta property=\"og:image\" content=\"https:\/\/aconteceunovale.com.br\/portal\/wp-content\/uploads\/2019\/01\/mortos_carai.jpg\" \/>\n\t<meta property=\"og:image:width\" content=\"600\" \/>\n\t<meta property=\"og:image:height\" content=\"450\" \/>\n\t<meta property=\"og:image:type\" content=\"image\/jpeg\" \/>\n<meta name=\"author\" content=\"Aconteceu no Vale\" \/>\n<meta name=\"twitter:card\" content=\"summary_large_image\" \/>\n<meta name=\"twitter:creator\" content=\"@noticiadosvales\" \/>\n<meta name=\"twitter:site\" content=\"@noticiadosvales\" \/>\n<meta name=\"twitter:label1\" content=\"Escrito por\" \/>\n\t<meta name=\"twitter:data1\" content=\"Aconteceu no Vale\" \/>\n\t<meta name=\"twitter:label2\" content=\"Est. tempo de leitura\" \/>\n\t<meta name=\"twitter:data2\" content=\"2 minutos\" \/>\n<script type=\"application\/ld+json\" class=\"yoast-schema-graph\">{\"@context\":\"https:\\\/\\\/schema.org\",\"@graph\":[{\"@type\":\"Article\",\"@id\":\"https:\\\/\\\/aconteceunovale.com.br\\\/portal\\\/?p=141527#article\",\"isPartOf\":{\"@id\":\"https:\\\/\\\/aconteceunovale.com.br\\\/portal\\\/?p=141527\"},\"author\":{\"name\":\"Aconteceu no Vale\",\"@id\":\"https:\\\/\\\/aconteceunovale.com.br\\\/portal\\\/#\\\/schema\\\/person\\\/633529146f2c94272bef50ac2953d589\"},\"headline\":\"Dois homens s\u00e3o assassinados na zona rural de Cara\u00ed, no Vale do Jequitinhonha\",\"datePublished\":\"2019-01-03T14:11:42+00:00\",\"dateModified\":\"2026-09-02T15:37:28+00:00\",\"mainEntityOfPage\":{\"@id\":\"https:\\\/\\\/aconteceunovale.com.br\\\/portal\\\/?p=141527\"},\"wordCount\":319,\"commentCount\":0,\"image\":{\"@id\":\"https:\\\/\\\/aconteceunovale.com.br\\\/portal\\\/?p=141527#primaryimage\"},\"thumbnailUrl\":\"https:\\\/\\\/aconteceunovale.com.br\\\/portal\\\/wp-content\\\/uploads\\\/2019\\\/01\\\/mortos_carai.jpg\",\"keywords\":[\"Adolescente \u00e9 morto a facada na zona rural de Novo Cruzeiro\",\"Adolescente \u00e9 morto pelo tio na zona rural de Novo Cruzeiro\",\"Assassinados em Cara\u00ed\",\"Assassinados na estrada entre Ponto do Marambaia e C\u00f3rrego dos Lopes\",\"Cara\u00ed\",\"C\u00f3rrego dos Lopes\",\"Dois homens s\u00e3o assassinados na zona rural de Cara\u00ed\",\"Dois homens s\u00e3o assassinados na zona rural de Cara\u00ed no Vale do Jequitinhonha\",\"Duplo homic\u00eddio em Cara\u00ed\",\"Duplo Homic\u00eddio na zona rural de Cara\u00ed\",\"Joseilton Gomes dos Santos\",\"Josimar Ferreira Rodrigues\",\"Mayke Gomes Gon\u00e7alves\",\"Mortos em Cara\u00ed\",\"Mortos na estrada entre Ponto do Marambaia e C\u00f3rrego dos Lopes\",\"Novo Cruzeiro\",\"Ponto do Marambaia\",\"viol\u00eancia em cara\u00ed\"],\"articleSection\":[\"Cara\u00ed\",\"Vale do Jequitinhonha\"],\"inLanguage\":\"pt-BR\",\"potentialAction\":[{\"@type\":\"CommentAction\",\"name\":\"Comment\",\"target\":[\"https:\\\/\\\/aconteceunovale.com.br\\\/portal\\\/?p=141527#respond\"]}]},{\"@type\":\"WebPage\",\"@id\":\"https:\\\/\\\/aconteceunovale.com.br\\\/portal\\\/?p=141527\",\"url\":\"https:\\\/\\\/aconteceunovale.com.br\\\/portal\\\/?p=141527\",\"name\":\"Dois homens s\u00e3o assassinados na zona rural de Cara\u00ed, no Vale do Jequitinhonha - Aconteceu no Vale\",\"isPartOf\":{\"@id\":\"https:\\\/\\\/aconteceunovale.com.br\\\/portal\\\/#website\"},\"primaryImageOfPage\":{\"@id\":\"https:\\\/\\\/aconteceunovale.com.br\\\/portal\\\/?p=141527#primaryimage\"},\"image\":{\"@id\":\"https:\\\/\\\/aconteceunovale.com.br\\\/portal\\\/?p=141527#primaryimage\"},\"thumbnailUrl\":\"https:\\\/\\\/aconteceunovale.com.br\\\/portal\\\/wp-content\\\/uploads\\\/2019\\\/01\\\/mortos_carai.jpg\",\"datePublished\":\"2019-01-03T14:11:42+00:00\",\"dateModified\":\"2026-09-02T15:37:28+00:00\",\"author\":{\"@id\":\"https:\\\/\\\/aconteceunovale.com.br\\\/portal\\\/#\\\/schema\\\/person\\\/633529146f2c94272bef50ac2953d589\"},\"breadcrumb\":{\"@id\":\"https:\\\/\\\/aconteceunovale.com.br\\\/portal\\\/?p=141527#breadcrumb\"},\"inLanguage\":\"pt-BR\",\"potentialAction\":[{\"@type\":\"ReadAction\",\"target\":[\"https:\\\/\\\/aconteceunovale.com.br\\\/portal\\\/?p=141527\"]}]},{\"@type\":\"ImageObject\",\"inLanguage\":\"pt-BR\",\"@id\":\"https:\\\/\\\/aconteceunovale.com.br\\\/portal\\\/?p=141527#primaryimage\",\"url\":\"https:\\\/\\\/aconteceunovale.com.br\\\/portal\\\/wp-content\\\/uploads\\\/2019\\\/01\\\/mortos_carai.jpg\",\"contentUrl\":\"https:\\\/\\\/aconteceunovale.com.br\\\/portal\\\/wp-content\\\/uploads\\\/2019\\\/01\\\/mortos_carai.jpg\",\"width\":600,\"height\":450},{\"@type\":\"BreadcrumbList\",\"@id\":\"https:\\\/\\\/aconteceunovale.com.br\\\/portal\\\/?p=141527#breadcrumb\",\"itemListElement\":[{\"@type\":\"ListItem\",\"position\":1,\"name\":\"In\u00edcio\",\"item\":\"https:\\\/\\\/aconteceunovale.com.br\\\/portal\\\/\"},{\"@type\":\"ListItem\",\"position\":2,\"name\":\"Dois homens s\u00e3o assassinados na zona rural de Cara\u00ed, no Vale do Jequitinhonha\"}]},{\"@type\":\"WebSite\",\"@id\":\"https:\\\/\\\/aconteceunovale.com.br\\\/portal\\\/#website\",\"url\":\"https:\\\/\\\/aconteceunovale.com.br\\\/portal\\\/\",\"name\":\"Aconteceu no Vale\",\"description\":\"Portal de Not\u00edcias\",\"potentialAction\":[{\"@type\":\"SearchAction\",\"target\":{\"@type\":\"EntryPoint\",\"urlTemplate\":\"https:\\\/\\\/aconteceunovale.com.br\\\/portal\\\/?s={search_term_string}\"},\"query-input\":{\"@type\":\"PropertyValueSpecification\",\"valueRequired\":true,\"valueName\":\"search_term_string\"}}],\"inLanguage\":\"pt-BR\"},{\"@type\":\"Person\",\"@id\":\"https:\\\/\\\/aconteceunovale.com.br\\\/portal\\\/#\\\/schema\\\/person\\\/633529146f2c94272bef50ac2953d589\",\"name\":\"Aconteceu no Vale\",\"description\":\"Equipe de reportagem do Aconteceu no Vale, portal de not\u00edcias do Vale do Jequitinhonha, em Minas Gerais. Cobrimos as 51 cidades do Vale desde 2013. Sugest\u00f5es de pauta e pedidos de corre\u00e7\u00e3o: contato@aconteceunovale.com.br\",\"sameAs\":[\"http:\\\/\\\/www.aconteceunovale.com.br\"],\"url\":\"https:\\\/\\\/aconteceunovale.com.br\\\/portal\\\/?author=1\"}]}<\/script>\n<!-- \/ Yoast SEO plugin. -->","yoast_head_json":{"title":"Dois homens s\u00e3o assassinados na zona rural de Cara\u00ed, no Vale do Jequitinhonha - Aconteceu no Vale","robots":{"index":"index","follow":"follow","max-snippet":"max-snippet:-1","max-image-preview":"max-image-preview:large","max-video-preview":"max-video-preview:-1"},"canonical":"https:\/\/aconteceunovale.com.br\/portal\/?p=141527","og_locale":"pt_BR","og_type":"article","og_title":"Dois homens s\u00e3o assassinados na zona rural de Cara\u00ed, no Vale do Jequitinhonha - Aconteceu no Vale","og_description":"Dois homens foram encontrados mortos na zona rural de Cara\u00ed, no Vale do Jequitinhonha, na tarde dessa quarta-feira (2\/1\/2019). Segundo a Pol\u00edcia Militar (PM), os corpos das v\u00edtimas Mayke Gomes Gon\u00e7alves, de 23 anos, e de seu cunhado Joseilton Gomes dos Santos, de 36, estavam em uma estrada que liga as comunidades de Ponto do [&hellip;]","og_url":"https:\/\/aconteceunovale.com.br\/portal\/?p=141527","og_site_name":"Aconteceu no Vale","article_publisher":"https:\/\/www.facebook.com\/aconteceunovale\/","article_published_time":"2019-01-03T14:11:42+00:00","article_modified_time":"2026-09-02T15:37:28+00:00","og_image":[{"width":600,"height":450,"url":"https:\/\/aconteceunovale.com.br\/portal\/wp-content\/uploads\/2019\/01\/mortos_carai.jpg","type":"image\/jpeg"}],"author":"Aconteceu no Vale","twitter_card":"summary_large_image","twitter_creator":"@noticiadosvales","twitter_site":"@noticiadosvales","twitter_misc":{"Escrito por":"Aconteceu no Vale","Est. tempo de leitura":"2 minutos"},"schema":{"@context":"https:\/\/schema.org","@graph":[{"@type":"Article","@id":"https:\/\/aconteceunovale.com.br\/portal\/?p=141527#article","isPartOf":{"@id":"https:\/\/aconteceunovale.com.br\/portal\/?p=141527"},"author":{"name":"Aconteceu no Vale","@id":"https:\/\/aconteceunovale.com.br\/portal\/#\/schema\/person\/633529146f2c94272bef50ac2953d589"},"headline":"Dois homens s\u00e3o assassinados na zona rural de Cara\u00ed, no Vale do Jequitinhonha","datePublished":"2019-01-03T14:11:42+00:00","dateModified":"2026-09-02T15:37:28+00:00","mainEntityOfPage":{"@id":"https:\/\/aconteceunovale.com.br\/portal\/?p=141527"},"wordCount":319,"commentCount":0,"image":{"@id":"https:\/\/aconteceunovale.com.br\/portal\/?p=141527#primaryimage"},"thumbnailUrl":"https:\/\/aconteceunovale.com.br\/portal\/wp-content\/uploads\/2019\/01\/mortos_carai.jpg","keywords":["Adolescente \u00e9 morto a facada na zona rural de Novo Cruzeiro","Adolescente \u00e9 morto pelo tio na zona rural de Novo Cruzeiro","Assassinados em Cara\u00ed","Assassinados na estrada entre Ponto do Marambaia e C\u00f3rrego dos Lopes","Cara\u00ed","C\u00f3rrego dos Lopes","Dois homens s\u00e3o assassinados na zona rural de Cara\u00ed","Dois homens s\u00e3o assassinados na zona rural de Cara\u00ed no Vale do Jequitinhonha","Duplo homic\u00eddio em Cara\u00ed","Duplo Homic\u00eddio na zona rural de Cara\u00ed","Joseilton Gomes dos Santos","Josimar Ferreira Rodrigues","Mayke Gomes Gon\u00e7alves","Mortos em Cara\u00ed","Mortos na estrada entre Ponto do Marambaia e C\u00f3rrego dos Lopes","Novo Cruzeiro","Ponto do Marambaia","viol\u00eancia em cara\u00ed"],"articleSection":["Cara\u00ed","Vale do Jequitinhonha"],"inLanguage":"pt-BR","potentialAction":[{"@type":"CommentAction","name":"Comment","target":["https:\/\/aconteceunovale.com.br\/portal\/?p=141527#respond"]}]},{"@type":"WebPage","@id":"https:\/\/aconteceunovale.com.br\/portal\/?p=141527","url":"https:\/\/aconteceunovale.com.br\/portal\/?p=141527","name":"Dois homens s\u00e3o assassinados na zona rural de Cara\u00ed, no Vale do Jequitinhonha - Aconteceu no Vale","isPartOf":{"@id":"https:\/\/aconteceunovale.com.br\/portal\/#website"},"primaryImageOfPage":{"@id":"https:\/\/aconteceunovale.com.br\/portal\/?p=141527#primaryimage"},"image":{"@id":"https:\/\/aconteceunovale.com.br\/portal\/?p=141527#primaryimage"},"thumbnailUrl":"https:\/\/aconteceunovale.com.br\/portal\/wp-content\/uploads\/2019\/01\/mortos_carai.jpg","datePublished":"2019-01-03T14:11:42+00:00","dateModified":"2026-09-02T15:37:28+00:00","author":{"@id":"https:\/\/aconteceunovale.com.br\/portal\/#\/schema\/person\/633529146f2c94272bef50ac2953d589"},"breadcrumb":{"@id":"https:\/\/aconteceunovale.com.br\/portal\/?p=141527#breadcrumb"},"inLanguage":"pt-BR","potentialAction":[{"@type":"ReadAction","target":["https:\/\/aconteceunovale.com.br\/portal\/?p=141527"]}]},{"@type":"ImageObject","inLanguage":"pt-BR","@id":"https:\/\/aconteceunovale.com.br\/portal\/?p=141527#primaryimage","url":"https:\/\/aconteceunovale.com.br\/portal\/wp-content\/uploads\/2019\/01\/mortos_carai.jpg","contentUrl":"https:\/\/aconteceunovale.com.br\/portal\/wp-content\/uploads\/2019\/01\/mortos_carai.jpg","width":600,"height":450},{"@type":"BreadcrumbList","@id":"https:\/\/aconteceunovale.com.br\/portal\/?p=141527#breadcrumb","itemListElement":[{"@type":"ListItem","position":1,"name":"In\u00edcio","item":"https:\/\/aconteceunovale.com.br\/portal\/"},{"@type":"ListItem","position":2,"name":"Dois homens s\u00e3o assassinados na zona rural de Cara\u00ed, no Vale do Jequitinhonha"}]},{"@type":"WebSite","@id":"https:\/\/aconteceunovale.com.br\/portal\/#website","url":"https:\/\/aconteceunovale.com.br\/portal\/","name":"Aconteceu no Vale","description":"Portal de Not\u00edcias","potentialAction":[{"@type":"SearchAction","target":{"@type":"EntryPoint","urlTemplate":"https:\/\/aconteceunovale.com.br\/portal\/?s={search_term_string}"},"query-input":{"@type":"PropertyValueSpecification","valueRequired":true,"valueName":"search_term_string"}}],"inLanguage":"pt-BR"},{"@type":"Person","@id":"https:\/\/aconteceunovale.com.br\/portal\/#\/schema\/person\/633529146f2c94272bef50ac2953d589","name":"Aconteceu no Vale","description":"Equipe de reportagem do Aconteceu no Vale, portal de not\u00edcias do Vale do Jequitinhonha, em Minas Gerais. Cobrimos as 51 cidades do Vale desde 2013. Sugest\u00f5es de pauta e pedidos de corre\u00e7\u00e3o: contato@aconteceunovale.com.br","sameAs":["http:\/\/www.aconteceunovale.com.br"],"url":"https:\/\/aconteceunovale.com.br\/portal\/?author=1"}]}},"_links":{"self":[{"href":"https:\/\/aconteceunovale.com.br\/portal\/index.php?rest_route=\/wp\/v2\/posts\/141527","targetHints":{"allow":["GET"]}}],"collection":[{"href":"https:\/\/aconteceunovale.com.br\/portal\/index.php?rest_route=\/wp\/v2\/posts"}],"about":[{"href":"https:\/\/aconteceunovale.com.br\/portal\/index.php?rest_route=\/wp\/v2\/types\/post"}],"author":[{"embeddable":true,"href":"https:\/\/aconteceunovale.com.br\/portal\/index.php?rest_route=\/wp\/v2\/users\/1"}],"replies":[{"embeddable":true,"href":"https:\/\/aconteceunovale.com.br\/portal\/index.php?rest_route=%2Fwp%2Fv2%2Fcomments&post=141527"}],"version-history":[{"count":1,"href":"https:\/\/aconteceunovale.com.br\/portal\/index.php?rest_route=\/wp\/v2\/posts\/141527\/revisions"}],"predecessor-version":[{"id":200045,"href":"https:\/\/aconteceunovale.com.br\/portal\/index.php?rest_route=\/wp\/v2\/posts\/141527\/revisions\/200045"}],"wp:featuredmedia":[{"embeddable":true,"href":"https:\/\/aconteceunovale.com.br\/portal\/index.php?rest_route=\/wp\/v2\/media\/141528"}],"wp:attachment":[{"href":"https:\/\/aconteceunovale.com.br\/portal\/index.php?rest_route=%2Fwp%2Fv2%2Fmedia&parent=141527"}],"wp:term":[{"taxonomy":"category","embeddable":true,"href":"https:\/\/aconteceunovale.com.br\/portal\/index.php?rest_route=%2Fwp%2Fv2%2Fcategories&post=141527"},{"taxonomy":"post_tag","embeddable":true,"href":"https:\/\/aconteceunovale.com.br\/portal\/index.php?rest_route=%2Fwp%2Fv2%2Ftags&post=141527"}],"curies":[{"name":"wp","href":"https:\/\/api.w.org\/{rel}","templated":true}]}}