{"id":141521,"date":"2019-01-03T10:34:32","date_gmt":"2019-01-03T12:34:32","guid":{"rendered":"http:\/\/aconteceunovale.com.br\/portal\/?p=141521"},"modified":"2019-01-03T10:34:32","modified_gmt":"2019-01-03T12:34:32","slug":"governo-estuda-aumentar-imposto-para-rendas-mais-altas-diz-secretario","status":"publish","type":"post","link":"https:\/\/aconteceunovale.com.br\/portal\/?p=141521","title":{"rendered":"Governo estuda aumentar imposto para rendas mais altas, diz secret\u00e1rio"},"content":{"rendered":"<p>O novo governo estuda o aumento da al\u00edquota de Imposto de Renda para as faixas mais altas de Imposto de Renda (IR), disse o secret\u00e1rio especial da Receita Federal, Marcos Cintra. Ele n\u00e3o detalhou de quanto seria a nova al\u00edquota nem sobre qual faixa incidiria, mas confirmou que a medida est\u00e1 em discuss\u00e3o pela equipe econ\u00f4mica.<\/p>\n<p>\u201cO sistema tribut\u00e1rio brasileiro precisa ter uma certa progressividade. N\u00e3o iremos ao extremo de ter apenas uma al\u00edquota. Poucas al\u00edquotas s\u00e3o absolutamente adequadas e uma al\u00edquota adicional para altas rendas, altos rendimentos\u201d, declarou o secret\u00e1rio, ap\u00f3s a cerim\u00f4nia de transmiss\u00e3o de cargo para o ministro da Economia, Paulo Guedes.<\/p>\n<p>A progressividade tribut\u00e1ria caracteriza-se por onerar os mais ricos e reduzir o peso dos impostos sobre os mais pobres. Atualmente, quem ganha at\u00e9 R$ 1.903,98 por m\u00eas \u00e9 isento do IR. Quem recebe de R$ 1.903,99 at\u00e9 R$ 2.826,65 paga 7,5%. Quem ganha de R$ 2.826,66 at\u00e9 R$ 3.751,05 paga 15%. Quem recebe de R$ 3.751,06 at\u00e9 R$ 4.664,68 paga 22,5% e quem recebe acima de R$ 4.664,68 \u00e9 tributado em 27,5%.<\/p>\n<p><strong>Al\u00edquotas<\/strong><\/p>\n<p>Al\u00e9m de aumentar a al\u00edquota para os mais ricos, Cintra disse ser poss\u00edvel reduzir o IR para pessoas de renda menor e ampliar a faixa de isen\u00e7\u00e3o. Ele, no entanto, ressaltou que a extens\u00e3o dos benef\u00edcios depender\u00e1 do ajuste fiscal que o governo conseguir executar, porque o caixa do governo n\u00e3o pode ser comprometido.<\/p>\n<p>Em rela\u00e7\u00e3o aos demais tributos, Marcos Cintra admitiu que pretende criar um imposto \u00fanico, desde que a medida estimule a progressividade do sistema tribut\u00e1rio.<\/p>\n<p>O secret\u00e1rio disse que esse imposto pode incidir sobre opera\u00e7\u00f5es financeiras, semelhante \u00e0 antiga Contribui\u00e7\u00e3o Provis\u00f3ria sobre Movimenta\u00e7\u00e3o Financeira (CPMF), sobre o valor adicionado a uma mercadoria em cada etapa da produ\u00e7\u00e3o e do com\u00e9rcio ou sobre o faturamento de empresas.<\/p>\n<p>\u201cEstamos ainda analisando as varias alternativas [para o imposto \u00fanico]. Podemos trabalhar em um IVA [Imposto sobre Valor Agregado], podemos trabalhar em um imposto sobre movimenta\u00e7\u00e3o financeira, em um imposto sobre faturamento. N\u00f3s temos de fazer um complexo de a\u00e7\u00f5es. Antes de qualquer coisa, \u00e9 importante que a gente fa\u00e7a uma limpeza em nosso sistema tribut\u00e1rio\u201d, disse Cintra.<\/p>\n<p>O secret\u00e1rio afirmou que o novo governo pretende reduzir a carga tribut\u00e1ria, que fechou 2017 em 32,4% do Produto Interno Bruto (PIB, soma das riquezas produzidas no pa\u00eds).<\/p>\n<p>\u201cAinda analisamos alternativas\u201d, disse o novo secret\u00e1rio que, al\u00e9m de comandar a Receita Federal, elaborar\u00e1 uma proposta de reforma tribut\u00e1ria. Antes de enviar a proposta, no entanto, o secret\u00e1rio afirmou que o Minist\u00e9rio da Economia se concentrar\u00e1 em simplificar a tributa\u00e7\u00e3o, aproveitando a proposta elaborada pelo governo anterior para unificar o Programa de Integra\u00e7\u00e3o Socal (PIS) e a Contribui\u00e7\u00e3o para o Financiamento da Seguridade Social (Cofins).<\/p>\n<p>\u201cA unifica\u00e7\u00e3o de tributos \u00e9 processo que deve ocorrer paralelamente [\u00e0 reforma tribut\u00e1ria]\u201d, afirmou Cintra.<\/p>\n<p><strong>VER PRIMEIRO<\/strong><\/p>\n<p>Receba as not\u00edcias do Aconteceu no Vale em primeira m\u00e3o. Clique em curtir no endere\u00e7o <a href=\"https:\/\/www.facebook.com\/aconteceunovale\" target=\"_blank\"><font color=\"red\">www.facebook.com\/aconteceunovale<\/font><\/a> ou no box abaixo:<\/p>\n<div class=\"fb-like\" data-href=\"https:\/\/www.facebook.com\/aconteceunovale\" data-width=\"120\" data-layout=\"standard\" data-action=\"like\" data-size=\"small\" data-show-faces=\"true\" data-share=\"true\"><\/div>\n<p><\/br><\/p>\n<p><em>(Fonte: Ag\u00eancia Brasil)<\/em><\/p>\n","protected":false},"excerpt":{"rendered":"<p>O novo governo estuda o aumento da al\u00edquota de Imposto de Renda para as faixas mais altas de Imposto de Renda (IR), disse o secret\u00e1rio especial da Receita Federal, Marcos Cintra. Ele n\u00e3o detalhou de quanto seria a nova al\u00edquota nem sobre qual faixa incidiria, mas confirmou que a medida est\u00e1 em discuss\u00e3o pela equipe [&hellip;]<\/p>\n","protected":false},"author":1,"featured_media":44365,"comment_status":"open","ping_status":"closed","sticky":false,"template":"","format":"standard","meta":{"amp_status":"","footnotes":""},"categories":[6],"tags":[190932,190933,75039,2124,190936,1468,190934,190935,1464],"class_list":["post-141521","post","type-post","status-publish","format-standard","has-post-thumbnail","hentry","category-br","tag-aumento-imposto-de-renda","tag-aumento-imposto-de-renda-para-ricos","tag-diz-secretario","tag-economia","tag-governo-estuda-aumentar-imposto-para-rendas-mais-altas","tag-imposto-de-renda","tag-imposto-de-renda-para-ricos","tag-marcos-cintra","tag-receita-federal"],"yoast_head":"<!-- This site is optimized with the Yoast SEO plugin v28.3 - https:\/\/yoast.com\/product\/yoast-seo-wordpress\/ -->\n<title>Governo estuda aumentar imposto para rendas mais altas, diz secret\u00e1rio - Aconteceu no Vale<\/title>\n<meta name=\"robots\" content=\"index, follow, max-snippet:-1, max-image-preview:large, max-video-preview:-1\" \/>\n<link rel=\"canonical\" href=\"https:\/\/aconteceunovale.com.br\/portal\/?p=141521\" \/>\n<meta property=\"og:locale\" content=\"pt_BR\" \/>\n<meta property=\"og:type\" content=\"article\" \/>\n<meta property=\"og:title\" content=\"Governo estuda aumentar imposto para rendas mais altas, diz secret\u00e1rio - Aconteceu no Vale\" \/>\n<meta property=\"og:description\" content=\"O novo governo estuda o aumento da al\u00edquota de Imposto de Renda para as faixas mais altas de Imposto de Renda (IR), disse o secret\u00e1rio especial da Receita Federal, Marcos Cintra. Ele n\u00e3o detalhou de quanto seria a nova al\u00edquota nem sobre qual faixa incidiria, mas confirmou que a medida est\u00e1 em discuss\u00e3o pela equipe [&hellip;]\" \/>\n<meta property=\"og:url\" content=\"https:\/\/aconteceunovale.com.br\/portal\/?p=141521\" \/>\n<meta property=\"og:site_name\" content=\"Aconteceu no Vale\" \/>\n<meta property=\"article:publisher\" content=\"https:\/\/www.facebook.com\/aconteceunovale\/\" \/>\n<meta property=\"article:published_time\" content=\"2019-01-03T12:34:32+00:00\" \/>\n<meta property=\"og:image\" content=\"https:\/\/aconteceunovale.com.br\/portal\/wp-content\/uploads\/2014\/11\/app_receita_federal.jpg\" \/>\n\t<meta property=\"og:image:width\" content=\"600\" \/>\n\t<meta property=\"og:image:height\" content=\"299\" \/>\n\t<meta property=\"og:image:type\" content=\"image\/jpeg\" \/>\n<meta name=\"author\" content=\"Aconteceu no Vale\" \/>\n<meta name=\"twitter:card\" content=\"summary_large_image\" \/>\n<meta name=\"twitter:creator\" content=\"@noticiadosvales\" \/>\n<meta name=\"twitter:site\" content=\"@noticiadosvales\" \/>\n<meta name=\"twitter:label1\" content=\"Escrito por\" \/>\n\t<meta name=\"twitter:data1\" content=\"Aconteceu no Vale\" \/>\n\t<meta name=\"twitter:label2\" content=\"Est. tempo de leitura\" \/>\n\t<meta name=\"twitter:data2\" content=\"3 minutos\" \/>\n<script type=\"application\/ld+json\" class=\"yoast-schema-graph\">{\"@context\":\"https:\\\/\\\/schema.org\",\"@graph\":[{\"@type\":\"Article\",\"@id\":\"https:\\\/\\\/aconteceunovale.com.br\\\/portal\\\/?p=141521#article\",\"isPartOf\":{\"@id\":\"https:\\\/\\\/aconteceunovale.com.br\\\/portal\\\/?p=141521\"},\"author\":{\"name\":\"Aconteceu no Vale\",\"@id\":\"https:\\\/\\\/aconteceunovale.com.br\\\/portal\\\/#\\\/schema\\\/person\\\/633529146f2c94272bef50ac2953d589\"},\"headline\":\"Governo estuda aumentar imposto para rendas mais altas, diz secret\u00e1rio\",\"datePublished\":\"2019-01-03T12:34:32+00:00\",\"mainEntityOfPage\":{\"@id\":\"https:\\\/\\\/aconteceunovale.com.br\\\/portal\\\/?p=141521\"},\"wordCount\":540,\"commentCount\":0,\"image\":{\"@id\":\"https:\\\/\\\/aconteceunovale.com.br\\\/portal\\\/?p=141521#primaryimage\"},\"thumbnailUrl\":\"https:\\\/\\\/aconteceunovale.com.br\\\/portal\\\/wp-content\\\/uploads\\\/2014\\\/11\\\/app_receita_federal.jpg\",\"keywords\":[\"Aumento Imposto de Renda\",\"Aumento Imposto de Renda para ricos\",\"diz secret\u00e1rio\",\"economia\",\"Governo estuda aumentar imposto para rendas mais altas\",\"imposto de renda\",\"Imposto de Renda para ricos\",\"Marcos Cintra\",\"receita federal\"],\"articleSection\":[\"Brasil\"],\"inLanguage\":\"pt-BR\",\"potentialAction\":[{\"@type\":\"CommentAction\",\"name\":\"Comment\",\"target\":[\"https:\\\/\\\/aconteceunovale.com.br\\\/portal\\\/?p=141521#respond\"]}]},{\"@type\":\"WebPage\",\"@id\":\"https:\\\/\\\/aconteceunovale.com.br\\\/portal\\\/?p=141521\",\"url\":\"https:\\\/\\\/aconteceunovale.com.br\\\/portal\\\/?p=141521\",\"name\":\"Governo estuda aumentar imposto para rendas mais altas, diz secret\u00e1rio - Aconteceu no Vale\",\"isPartOf\":{\"@id\":\"https:\\\/\\\/aconteceunovale.com.br\\\/portal\\\/#website\"},\"primaryImageOfPage\":{\"@id\":\"https:\\\/\\\/aconteceunovale.com.br\\\/portal\\\/?p=141521#primaryimage\"},\"image\":{\"@id\":\"https:\\\/\\\/aconteceunovale.com.br\\\/portal\\\/?p=141521#primaryimage\"},\"thumbnailUrl\":\"https:\\\/\\\/aconteceunovale.com.br\\\/portal\\\/wp-content\\\/uploads\\\/2014\\\/11\\\/app_receita_federal.jpg\",\"datePublished\":\"2019-01-03T12:34:32+00:00\",\"author\":{\"@id\":\"https:\\\/\\\/aconteceunovale.com.br\\\/portal\\\/#\\\/schema\\\/person\\\/633529146f2c94272bef50ac2953d589\"},\"breadcrumb\":{\"@id\":\"https:\\\/\\\/aconteceunovale.com.br\\\/portal\\\/?p=141521#breadcrumb\"},\"inLanguage\":\"pt-BR\",\"potentialAction\":[{\"@type\":\"ReadAction\",\"target\":[\"https:\\\/\\\/aconteceunovale.com.br\\\/portal\\\/?p=141521\"]}]},{\"@type\":\"ImageObject\",\"inLanguage\":\"pt-BR\",\"@id\":\"https:\\\/\\\/aconteceunovale.com.br\\\/portal\\\/?p=141521#primaryimage\",\"url\":\"https:\\\/\\\/aconteceunovale.com.br\\\/portal\\\/wp-content\\\/uploads\\\/2014\\\/11\\\/app_receita_federal.jpg\",\"contentUrl\":\"https:\\\/\\\/aconteceunovale.com.br\\\/portal\\\/wp-content\\\/uploads\\\/2014\\\/11\\\/app_receita_federal.jpg\",\"width\":600,\"height\":299},{\"@type\":\"BreadcrumbList\",\"@id\":\"https:\\\/\\\/aconteceunovale.com.br\\\/portal\\\/?p=141521#breadcrumb\",\"itemListElement\":[{\"@type\":\"ListItem\",\"position\":1,\"name\":\"In\u00edcio\",\"item\":\"https:\\\/\\\/aconteceunovale.com.br\\\/portal\\\/\"},{\"@type\":\"ListItem\",\"position\":2,\"name\":\"Governo estuda aumentar imposto para rendas mais altas, diz secret\u00e1rio\"}]},{\"@type\":\"WebSite\",\"@id\":\"https:\\\/\\\/aconteceunovale.com.br\\\/portal\\\/#website\",\"url\":\"https:\\\/\\\/aconteceunovale.com.br\\\/portal\\\/\",\"name\":\"Aconteceu no Vale\",\"description\":\"Portal de Not\u00edcias\",\"potentialAction\":[{\"@type\":\"SearchAction\",\"target\":{\"@type\":\"EntryPoint\",\"urlTemplate\":\"https:\\\/\\\/aconteceunovale.com.br\\\/portal\\\/?s={search_term_string}\"},\"query-input\":{\"@type\":\"PropertyValueSpecification\",\"valueRequired\":true,\"valueName\":\"search_term_string\"}}],\"inLanguage\":\"pt-BR\"},{\"@type\":\"Person\",\"@id\":\"https:\\\/\\\/aconteceunovale.com.br\\\/portal\\\/#\\\/schema\\\/person\\\/633529146f2c94272bef50ac2953d589\",\"name\":\"Aconteceu no Vale\",\"description\":\"Equipe de reportagem do Aconteceu no Vale, portal de not\u00edcias do Vale do Jequitinhonha, em Minas Gerais. Cobrimos as 51 cidades do Vale desde 2013. Sugest\u00f5es de pauta e pedidos de corre\u00e7\u00e3o: contato@aconteceunovale.com.br\",\"sameAs\":[\"http:\\\/\\\/www.aconteceunovale.com.br\"],\"url\":\"https:\\\/\\\/aconteceunovale.com.br\\\/portal\\\/?author=1\"}]}<\/script>\n<!-- \/ Yoast SEO plugin. -->","yoast_head_json":{"title":"Governo estuda aumentar imposto para rendas mais altas, diz secret\u00e1rio - Aconteceu no Vale","robots":{"index":"index","follow":"follow","max-snippet":"max-snippet:-1","max-image-preview":"max-image-preview:large","max-video-preview":"max-video-preview:-1"},"canonical":"https:\/\/aconteceunovale.com.br\/portal\/?p=141521","og_locale":"pt_BR","og_type":"article","og_title":"Governo estuda aumentar imposto para rendas mais altas, diz secret\u00e1rio - Aconteceu no Vale","og_description":"O novo governo estuda o aumento da al\u00edquota de Imposto de Renda para as faixas mais altas de Imposto de Renda (IR), disse o secret\u00e1rio especial da Receita Federal, Marcos Cintra. Ele n\u00e3o detalhou de quanto seria a nova al\u00edquota nem sobre qual faixa incidiria, mas confirmou que a medida est\u00e1 em discuss\u00e3o pela equipe [&hellip;]","og_url":"https:\/\/aconteceunovale.com.br\/portal\/?p=141521","og_site_name":"Aconteceu no Vale","article_publisher":"https:\/\/www.facebook.com\/aconteceunovale\/","article_published_time":"2019-01-03T12:34:32+00:00","og_image":[{"width":600,"height":299,"url":"https:\/\/aconteceunovale.com.br\/portal\/wp-content\/uploads\/2014\/11\/app_receita_federal.jpg","type":"image\/jpeg"}],"author":"Aconteceu no Vale","twitter_card":"summary_large_image","twitter_creator":"@noticiadosvales","twitter_site":"@noticiadosvales","twitter_misc":{"Escrito por":"Aconteceu no Vale","Est. tempo de leitura":"3 minutos"},"schema":{"@context":"https:\/\/schema.org","@graph":[{"@type":"Article","@id":"https:\/\/aconteceunovale.com.br\/portal\/?p=141521#article","isPartOf":{"@id":"https:\/\/aconteceunovale.com.br\/portal\/?p=141521"},"author":{"name":"Aconteceu no Vale","@id":"https:\/\/aconteceunovale.com.br\/portal\/#\/schema\/person\/633529146f2c94272bef50ac2953d589"},"headline":"Governo estuda aumentar imposto para rendas mais altas, diz secret\u00e1rio","datePublished":"2019-01-03T12:34:32+00:00","mainEntityOfPage":{"@id":"https:\/\/aconteceunovale.com.br\/portal\/?p=141521"},"wordCount":540,"commentCount":0,"image":{"@id":"https:\/\/aconteceunovale.com.br\/portal\/?p=141521#primaryimage"},"thumbnailUrl":"https:\/\/aconteceunovale.com.br\/portal\/wp-content\/uploads\/2014\/11\/app_receita_federal.jpg","keywords":["Aumento Imposto de Renda","Aumento Imposto de Renda para ricos","diz secret\u00e1rio","economia","Governo estuda aumentar imposto para rendas mais altas","imposto de renda","Imposto de Renda para ricos","Marcos Cintra","receita federal"],"articleSection":["Brasil"],"inLanguage":"pt-BR","potentialAction":[{"@type":"CommentAction","name":"Comment","target":["https:\/\/aconteceunovale.com.br\/portal\/?p=141521#respond"]}]},{"@type":"WebPage","@id":"https:\/\/aconteceunovale.com.br\/portal\/?p=141521","url":"https:\/\/aconteceunovale.com.br\/portal\/?p=141521","name":"Governo estuda aumentar imposto para rendas mais altas, diz secret\u00e1rio - Aconteceu no Vale","isPartOf":{"@id":"https:\/\/aconteceunovale.com.br\/portal\/#website"},"primaryImageOfPage":{"@id":"https:\/\/aconteceunovale.com.br\/portal\/?p=141521#primaryimage"},"image":{"@id":"https:\/\/aconteceunovale.com.br\/portal\/?p=141521#primaryimage"},"thumbnailUrl":"https:\/\/aconteceunovale.com.br\/portal\/wp-content\/uploads\/2014\/11\/app_receita_federal.jpg","datePublished":"2019-01-03T12:34:32+00:00","author":{"@id":"https:\/\/aconteceunovale.com.br\/portal\/#\/schema\/person\/633529146f2c94272bef50ac2953d589"},"breadcrumb":{"@id":"https:\/\/aconteceunovale.com.br\/portal\/?p=141521#breadcrumb"},"inLanguage":"pt-BR","potentialAction":[{"@type":"ReadAction","target":["https:\/\/aconteceunovale.com.br\/portal\/?p=141521"]}]},{"@type":"ImageObject","inLanguage":"pt-BR","@id":"https:\/\/aconteceunovale.com.br\/portal\/?p=141521#primaryimage","url":"https:\/\/aconteceunovale.com.br\/portal\/wp-content\/uploads\/2014\/11\/app_receita_federal.jpg","contentUrl":"https:\/\/aconteceunovale.com.br\/portal\/wp-content\/uploads\/2014\/11\/app_receita_federal.jpg","width":600,"height":299},{"@type":"BreadcrumbList","@id":"https:\/\/aconteceunovale.com.br\/portal\/?p=141521#breadcrumb","itemListElement":[{"@type":"ListItem","position":1,"name":"In\u00edcio","item":"https:\/\/aconteceunovale.com.br\/portal\/"},{"@type":"ListItem","position":2,"name":"Governo estuda aumentar imposto para rendas mais altas, diz secret\u00e1rio"}]},{"@type":"WebSite","@id":"https:\/\/aconteceunovale.com.br\/portal\/#website","url":"https:\/\/aconteceunovale.com.br\/portal\/","name":"Aconteceu no Vale","description":"Portal de Not\u00edcias","potentialAction":[{"@type":"SearchAction","target":{"@type":"EntryPoint","urlTemplate":"https:\/\/aconteceunovale.com.br\/portal\/?s={search_term_string}"},"query-input":{"@type":"PropertyValueSpecification","valueRequired":true,"valueName":"search_term_string"}}],"inLanguage":"pt-BR"},{"@type":"Person","@id":"https:\/\/aconteceunovale.com.br\/portal\/#\/schema\/person\/633529146f2c94272bef50ac2953d589","name":"Aconteceu no Vale","description":"Equipe de reportagem do Aconteceu no Vale, portal de not\u00edcias do Vale do Jequitinhonha, em Minas Gerais. Cobrimos as 51 cidades do Vale desde 2013. Sugest\u00f5es de pauta e pedidos de corre\u00e7\u00e3o: contato@aconteceunovale.com.br","sameAs":["http:\/\/www.aconteceunovale.com.br"],"url":"https:\/\/aconteceunovale.com.br\/portal\/?author=1"}]}},"_links":{"self":[{"href":"https:\/\/aconteceunovale.com.br\/portal\/index.php?rest_route=\/wp\/v2\/posts\/141521","targetHints":{"allow":["GET"]}}],"collection":[{"href":"https:\/\/aconteceunovale.com.br\/portal\/index.php?rest_route=\/wp\/v2\/posts"}],"about":[{"href":"https:\/\/aconteceunovale.com.br\/portal\/index.php?rest_route=\/wp\/v2\/types\/post"}],"author":[{"embeddable":true,"href":"https:\/\/aconteceunovale.com.br\/portal\/index.php?rest_route=\/wp\/v2\/users\/1"}],"replies":[{"embeddable":true,"href":"https:\/\/aconteceunovale.com.br\/portal\/index.php?rest_route=%2Fwp%2Fv2%2Fcomments&post=141521"}],"version-history":[{"count":0,"href":"https:\/\/aconteceunovale.com.br\/portal\/index.php?rest_route=\/wp\/v2\/posts\/141521\/revisions"}],"wp:featuredmedia":[{"embeddable":true,"href":"https:\/\/aconteceunovale.com.br\/portal\/index.php?rest_route=\/wp\/v2\/media\/44365"}],"wp:attachment":[{"href":"https:\/\/aconteceunovale.com.br\/portal\/index.php?rest_route=%2Fwp%2Fv2%2Fmedia&parent=141521"}],"wp:term":[{"taxonomy":"category","embeddable":true,"href":"https:\/\/aconteceunovale.com.br\/portal\/index.php?rest_route=%2Fwp%2Fv2%2Fcategories&post=141521"},{"taxonomy":"post_tag","embeddable":true,"href":"https:\/\/aconteceunovale.com.br\/portal\/index.php?rest_route=%2Fwp%2Fv2%2Ftags&post=141521"}],"curies":[{"name":"wp","href":"https:\/\/api.w.org\/{rel}","templated":true}]}}