{"id":141440,"date":"2019-01-01T20:28:21","date_gmt":"2019-01-01T22:28:21","guid":{"rendered":"http:\/\/aconteceunovale.com.br\/portal\/?p=141440"},"modified":"2019-01-01T20:30:28","modified_gmt":"2019-01-01T22:30:28","slug":"governador-romeu-zema-promete-enxugar-a-maquina-publica","status":"publish","type":"post","link":"https:\/\/aconteceunovale.com.br\/portal\/?p=141440","title":{"rendered":"Governador Romeu Zema promete enxugar a m\u00e1quina p\u00fablica"},"content":{"rendered":"<p>O governador Romeu Zema (Novo), em pronunciamento feito \u00e0 imprensa, na manh\u00e3 desta ter\u00e7a-feira (1\u00ba\/1\/19), afirmou que passar\u00e1 a limpo o Estado, \u201cabrindo a caixa preta das finan\u00e7as p\u00fablicas\u201d. A declara\u00e7\u00e3o foi dada antes da cerim\u00f4nia de posse no Plen\u00e1rio da Assembleia Legislativa de Minas Gerais (ALMG).<\/p>\n<p>De acordo com ele, al\u00e9m de \u201carrumar a casa\u201d, uma das prioridades do seu governo ser\u00e1 renegociar a d\u00edvida de Minas com a Uni\u00e3o. Para tanto, ele pretende enxugar a estrutura administrativa, inclusive com o corte de cargos por indica\u00e7\u00f5es pol\u00edticas: \u201cVamos acabar com os cabides de emprego, mordomias, luxo e desperd\u00edcios\u201d.<\/p>\n<p>&#8220;Todos n\u00f3s, sem exce\u00e7\u00e3o, teremos que fazer sacrif\u00edcios\u201d, alertou o governador. Ele afirmou que diante de um \u201cestado falido\u201d, \u00e9 preciso uni\u00e3o dos 22 milh\u00f5es de mineiros. Zema falou sobre a inten\u00e7\u00e3o de construir entre os Poderes um \u201cpacto de coopera\u00e7\u00e3o por Minas Gerais\u201d.<\/p>\n<p>Romeu Zema salientou que vai trabalhar para colocar em dia as contas do Estado e promover a regulariza\u00e7\u00e3o do pagamento de sal\u00e1rios dos servidores estaduais e dos repasses constitucionais \u00e0s prefeituras. &#8220;\u00c9 necess\u00e1rio dar condi\u00e7\u00f5es para que os servidores exer\u00e7am suas fun\u00e7\u00f5es com excel\u00eancia, sobretudo no que diz respeito ao atendimento \u00e0 popula\u00e7\u00e3o&#8221;.<\/p>\n<p>Por fim, Romeu Zema disse que espera contar com a imprensa, que \u201cter\u00e1 papel fundamental no processo de transpar\u00eancia a ser implementado\u201d.<\/p>\n<p><img decoding=\"async\" src=\"http:\/\/aconteceunovale.com.br\/portal\/wp-content\/uploads\/2019\/01\/romeu_zema_posse.jpg\" alt=\"\" \/><em>Romeu Zema falou para jornalistas &#8211; Foto: Ricardo Barbosa\/ALMG<\/em><br \/>\n<\/br><\/p>\n<p><strong>VER PRIMEIRO<\/strong><\/p>\n<p>Receba as not\u00edcias do Aconteceu no Vale em primeira m\u00e3o. Clique em curtir no endere\u00e7o <a href=\"https:\/\/www.facebook.com\/aconteceunovale\" target=\"_blank\"><font color=\"red\">www.facebook.com\/aconteceunovale<\/font><\/a> ou no box abaixo:<\/p>\n<div class=\"fb-like\" data-href=\"https:\/\/www.facebook.com\/aconteceunovale\" data-width=\"120\" data-layout=\"standard\" data-action=\"like\" data-size=\"small\" data-show-faces=\"true\" data-share=\"true\"><\/div>\n<p><\/br><\/p>\n<p><em>(Fonte: ALMG)<\/em><\/p>\n","protected":false},"excerpt":{"rendered":"<p>O governador Romeu Zema (Novo), em pronunciamento feito \u00e0 imprensa, na manh\u00e3 desta ter\u00e7a-feira (1\u00ba\/1\/19), afirmou que passar\u00e1 a limpo o Estado, \u201cabrindo a caixa preta das finan\u00e7as p\u00fablicas\u201d. A declara\u00e7\u00e3o foi dada antes da cerim\u00f4nia de posse no Plen\u00e1rio da Assembleia Legislativa de Minas Gerais (ALMG). De acordo com ele, al\u00e9m de \u201carrumar a [&hellip;]<\/p>\n","protected":false},"author":1,"featured_media":141441,"comment_status":"open","ping_status":"closed","sticky":false,"template":"","format":"standard","meta":{"amp_status":"","footnotes":""},"categories":[123,40240],"tags":[190837,190833,184213,190835,190834,177497,190836,190832,178207],"class_list":["post-141440","post","type-post","status-publish","format-standard","has-post-thumbnail","hentry","category-gerais","category-politica-2","tag-cerimonia-de-posse-romeu-zema","tag-governador-do-novo","tag-governador-romeu-zema","tag-governador-romeu-zema-promete-enxugar-a-maquina-publica","tag-governo-do-novo","tag-novo","tag-posse-romeu-zema","tag-primeiro-governador-do-novo","tag-romeu-zema"],"_links":{"self":[{"href":"https:\/\/aconteceunovale.com.br\/portal\/index.php?rest_route=\/wp\/v2\/posts\/141440","targetHints":{"allow":["GET"]}}],"collection":[{"href":"https:\/\/aconteceunovale.com.br\/portal\/index.php?rest_route=\/wp\/v2\/posts"}],"about":[{"href":"https:\/\/aconteceunovale.com.br\/portal\/index.php?rest_route=\/wp\/v2\/types\/post"}],"author":[{"embeddable":true,"href":"https:\/\/aconteceunovale.com.br\/portal\/index.php?rest_route=\/wp\/v2\/users\/1"}],"replies":[{"embeddable":true,"href":"https:\/\/aconteceunovale.com.br\/portal\/index.php?rest_route=%2Fwp%2Fv2%2Fcomments&post=141440"}],"version-history":[{"count":0,"href":"https:\/\/aconteceunovale.com.br\/portal\/index.php?rest_route=\/wp\/v2\/posts\/141440\/revisions"}],"wp:featuredmedia":[{"embeddable":true,"href":"https:\/\/aconteceunovale.com.br\/portal\/index.php?rest_route=\/wp\/v2\/media\/141441"}],"wp:attachment":[{"href":"https:\/\/aconteceunovale.com.br\/portal\/index.php?rest_route=%2Fwp%2Fv2%2Fmedia&parent=141440"}],"wp:term":[{"taxonomy":"category","embeddable":true,"href":"https:\/\/aconteceunovale.com.br\/portal\/index.php?rest_route=%2Fwp%2Fv2%2Fcategories&post=141440"},{"taxonomy":"post_tag","embeddable":true,"href":"https:\/\/aconteceunovale.com.br\/portal\/index.php?rest_route=%2Fwp%2Fv2%2Ftags&post=141440"}],"curies":[{"name":"wp","href":"https:\/\/api.w.org\/{rel}","templated":true}]}}