{"id":141434,"date":"2018-12-31T23:35:31","date_gmt":"2019-01-01T01:35:31","guid":{"rendered":"http:\/\/aconteceunovale.com.br\/portal\/?p=141434"},"modified":"2018-12-31T23:35:31","modified_gmt":"2019-01-01T01:35:31","slug":"cabera-a-bolsonaro-definir-o-valor-do-salario-minimo-de-2019","status":"publish","type":"post","link":"https:\/\/aconteceunovale.com.br\/portal\/?p=141434","title":{"rendered":"Caber\u00e1 a Bolsonaro definir o valor do sal\u00e1rio m\u00ednimo de 2019"},"content":{"rendered":"<p>O presidente Michel Temer deixou para o sucessor, Jair Bolsonaro, definir a nova pol\u00edtica para o sal\u00e1rio m\u00ednimo. A regra atual para c\u00e1lculo perde validade amanh\u00e3 (1). O valor atual do sal\u00e1rio m\u00ednimo \u00e9 de R$ 954.<\/p>\n<p>No Projeto de Lei Or\u00e7ament\u00e1ria Anual (Ploa) de 2019, o valor fixado para o m\u00ednimo a partir de 2019 \u00e9 de R$ 1006. Por\u00e9m, \u00e9 necess\u00e1rio confirmar o valor e definir tamb\u00e9m as regras que v\u00e3o vigorar para os pr\u00f3ximos reajustes.<\/p>\n<p>Tradicionalmente, o decreto \u00e9 editado nos \u00faltimos dias do m\u00eas de dezembro. A reportagem apurou que Michel Temer n\u00e3o ir\u00e1 assinar mais nenhum ato que envolva impactos futuros.<\/p>\n<p>O sal\u00e1rio m\u00ednimo \u00e9 usado como refer\u00eancia para os benef\u00edcios assistenciais e previdenci\u00e1rios. Bolsonaro tem at\u00e9 o dia 15 de abril para decidir se mant\u00e9m a regra ou se muda.<\/p>\n<p>Pela regra atual, o m\u00ednimo deve ser corrigido pela infla\u00e7\u00e3o do ano anterior, medida pelo \u00cdndice Nacional de Pre\u00e7os ao Consumidor (INPC) mais a varia\u00e7\u00e3o do Produto Interno Bruto (PIB, soma dos bens e dos servi\u00e7os produzidos no pa\u00eds) dos dois anos anteriores.<\/p>\n<p>Os minist\u00e9rios da Fazenda e do Planejamento informaram que o valor do m\u00ednimo foi revisado para cima porque a estimativa de infla\u00e7\u00e3o pelo INPC em 2018 passou de 3,3% para 4,2%. O INPC mede a varia\u00e7\u00e3o de pre\u00e7os das fam\u00edlias mais pobres, com renda mensal de um a cinco sal\u00e1rios m\u00ednimos. Alguns Estados, como Rio de Janeiro e S\u00e3o Paulo, t\u00eam valores diferenciados para o sal\u00e1rio m\u00ednimo, acima do piso nacional.<\/p>\n<p><strong>VER PRIMEIRO<\/strong><\/p>\n<p>Receba as not\u00edcias do Aconteceu no Vale em primeira m\u00e3o. Clique em curtir no endere\u00e7o <a href=\"https:\/\/www.facebook.com\/aconteceunovale\" target=\"_blank\"><font color=\"red\">www.facebook.com\/aconteceunovale<\/font><\/a> ou no box abaixo:<\/p>\n<div class=\"fb-like\" data-href=\"https:\/\/www.facebook.com\/aconteceunovale\" data-width=\"120\" data-layout=\"standard\" data-action=\"like\" data-size=\"small\" data-show-faces=\"true\" data-share=\"true\"><\/div>\n<p><\/br><\/p>\n<p><em>(Fonte: Ag\u00eancia Brasil)<\/em><\/p>\n","protected":false},"excerpt":{"rendered":"<p>O presidente Michel Temer deixou para o sucessor, Jair Bolsonaro, definir a nova pol\u00edtica para o sal\u00e1rio m\u00ednimo. A regra atual para c\u00e1lculo perde validade amanh\u00e3 (1). O valor atual do sal\u00e1rio m\u00ednimo \u00e9 de R$ 954. No Projeto de Lei Or\u00e7ament\u00e1ria Anual (Ploa) de 2019, o valor fixado para o m\u00ednimo a partir de [&hellip;]<\/p>\n","protected":false},"author":1,"featured_media":137994,"comment_status":"open","ping_status":"closed","sticky":false,"template":"","format":"standard","meta":{"amp_status":"","footnotes":""},"categories":[6],"tags":[100375,190818,184405,184659,26436,190822,57639,190821,26448,190820,190819],"class_list":["post-141434","post","type-post","status-publish","format-standard","has-post-thumbnail","hentry","category-br","tag-bolsonaro","tag-cabera-a-bolsonaro-definir-o-valor-do-salario-minimo-de-2019","tag-governo-bolsonaro","tag-governo-jair-bolsonaro","tag-jair-bolsonaro","tag-nova-politica-para-o-salario-minimo","tag-novo-valor-do-salario-minimo","tag-presidente-michel-temer-deixou-para-o-sucessor","tag-salario-minimo","tag-salario-minimo-de-2019","tag-valor-do-salario-minimo-de-2019"],"_links":{"self":[{"href":"https:\/\/aconteceunovale.com.br\/portal\/index.php?rest_route=\/wp\/v2\/posts\/141434","targetHints":{"allow":["GET"]}}],"collection":[{"href":"https:\/\/aconteceunovale.com.br\/portal\/index.php?rest_route=\/wp\/v2\/posts"}],"about":[{"href":"https:\/\/aconteceunovale.com.br\/portal\/index.php?rest_route=\/wp\/v2\/types\/post"}],"author":[{"embeddable":true,"href":"https:\/\/aconteceunovale.com.br\/portal\/index.php?rest_route=\/wp\/v2\/users\/1"}],"replies":[{"embeddable":true,"href":"https:\/\/aconteceunovale.com.br\/portal\/index.php?rest_route=%2Fwp%2Fv2%2Fcomments&post=141434"}],"version-history":[{"count":0,"href":"https:\/\/aconteceunovale.com.br\/portal\/index.php?rest_route=\/wp\/v2\/posts\/141434\/revisions"}],"wp:featuredmedia":[{"embeddable":true,"href":"https:\/\/aconteceunovale.com.br\/portal\/index.php?rest_route=\/wp\/v2\/media\/137994"}],"wp:attachment":[{"href":"https:\/\/aconteceunovale.com.br\/portal\/index.php?rest_route=%2Fwp%2Fv2%2Fmedia&parent=141434"}],"wp:term":[{"taxonomy":"category","embeddable":true,"href":"https:\/\/aconteceunovale.com.br\/portal\/index.php?rest_route=%2Fwp%2Fv2%2Fcategories&post=141434"},{"taxonomy":"post_tag","embeddable":true,"href":"https:\/\/aconteceunovale.com.br\/portal\/index.php?rest_route=%2Fwp%2Fv2%2Ftags&post=141434"}],"curies":[{"name":"wp","href":"https:\/\/api.w.org\/{rel}","templated":true}]}}