{"id":141421,"date":"2018-12-30T21:30:55","date_gmt":"2018-12-30T23:30:55","guid":{"rendered":"http:\/\/aconteceunovale.com.br\/portal\/?p=141421"},"modified":"2018-12-30T21:30:55","modified_gmt":"2018-12-30T23:30:55","slug":"michel-temer-desiste-de-assinar-indulto-de-natal-de-2018","status":"publish","type":"post","link":"https:\/\/aconteceunovale.com.br\/portal\/?p=141421","title":{"rendered":"Michel Temer desiste de assinar indulto de Natal de 2018"},"content":{"rendered":"<p>\u00c0s v\u00e9speras de encerrar seu mandato, o presidente Michel Temer informou a auxiliares ter desistido de assinar o indulto de Natal de 2018. Ap\u00f3s idas e vindas sobre a decis\u00e3o, Temer julgou melhor n\u00e3o tomar nenhuma iniciativa diante do fato de o Supremo Tribunal Federal (STF) n\u00e3o ter o conclu\u00eddo o julgamento da suspens\u00e3o do indulto de 2017. <\/p>\n<p>A suspens\u00e3o ocorreu ap\u00f3s pedidos de vista dos ministros Dias Tofffoli e Lux Fux, com um placar de 6 a 2 a favor da validade do decreto de indulto natalino editado pelo presidente Michel Temer no ano passado. Com o adiamento, continua valendo a liminar proferida pelo relator, ministro Lu\u00eds Roberto Barroso, que suspendeu parte do texto do decreto.  <\/p>\n<p>O ministro da Secretaria de Governo, Carlos Marun, chegou a anunciar na \u00faltima quinta-feira (27), durante caf\u00e9 da manh\u00e3 com jornalistas, que Temer assinaria o decreto at\u00e9 sexta-feira (28), mas isso n\u00e3o ocorreu. Na pr\u00e1tica, o presidente s\u00f3 teria o dia de amanh\u00e3 (31) para tomar a medida, defendida pela Defensoria P\u00fablica da Uni\u00e3o (DPU).<\/p>\n<p>Esta ser\u00e1 a primeira vez em 30 anos que a Presid\u00eancia da Rep\u00fablica n\u00e3o emitir\u00e1 um decreto em favor de apenados por crimes n\u00e3o violentos que j\u00e1 cumpriram parte da pena. <\/p>\n<p>Ao falar sobre o caso, Marun criticou o fato de o indulto de 2017 ter sido sobrestado e modificado pelo ministro do STF, Luis Roberto Barroso. \u201cQuem sou eu para dizer que o STF errou\u201d, disse Marun. \u201cPenso que o erro foi de um ministro do STF, j\u00e1 que \u00e9 claro na Constitui\u00e7\u00e3o que a prerrogativa de decretar um indulto \u00e9 do presidente da Rep\u00fablica.\u201d <\/p>\n<p>No julgamento n\u00e3o conclu\u00eddo no Supremo, a maioria do plen\u00e1rio havia votado, em 28 de novembro,  pela validade do ato presidencial do ano passado.<\/p>\n<p>Em mar\u00e7o, Barroso suspendeu o indulto, atendendo a pedido da Procuradoria-Geral da Rep\u00fablica, com o argumento de que a medida supostamente beneficiaria presos da Opera\u00e7\u00e3o Lava Jato. O ministro tamb\u00e9m discordou da exig\u00eancia de cumprimento de apenas 20% da pena e de estender o benef\u00edcio a quem n\u00e3o tivesse quitado multas judiciais. <\/p>\n<p><strong>VER PRIMEIRO<\/strong><\/p>\n<p>Receba as not\u00edcias do Aconteceu no Vale em primeira m\u00e3o. Clique em curtir no endere\u00e7o <a href=\"https:\/\/www.facebook.com\/aconteceunovale\" target=\"_blank\"><font color=\"red\">www.facebook.com\/aconteceunovale<\/font><\/a> ou no box abaixo:<\/p>\n<div class=\"fb-like\" data-href=\"https:\/\/www.facebook.com\/aconteceunovale\" data-width=\"120\" data-layout=\"standard\" data-action=\"like\" data-size=\"small\" data-show-faces=\"true\" data-share=\"true\"><\/div>\n<p><\/br><\/p>\n<p><em>(Fonte: Ag\u00eancia Brasil)<\/em><\/p>\n","protected":false},"excerpt":{"rendered":"<p>\u00c0s v\u00e9speras de encerrar seu mandato, o presidente Michel Temer informou a auxiliares ter desistido de assinar o indulto de Natal de 2018. Ap\u00f3s idas e vindas sobre a decis\u00e3o, Temer julgou melhor n\u00e3o tomar nenhuma iniciativa diante do fato de o Supremo Tribunal Federal (STF) n\u00e3o ter o conclu\u00eddo o julgamento da suspens\u00e3o do [&hellip;]<\/p>\n","protected":false},"author":1,"featured_media":141171,"comment_status":"open","ping_status":"closed","sticky":false,"template":"","format":"standard","meta":{"amp_status":"","footnotes":""},"categories":[6,40240],"tags":[190793,187869,20181,190792,94729,28511,190794],"class_list":["post-141421","post","type-post","status-publish","format-standard","has-post-thumbnail","hentry","category-br","category-politica-2","tag-indulto-de-natal-de-2018","tag-indulto-natalino","tag-michel-temer","tag-michel-temer-desiste-de-assinar-indulto-de-natal-de-2018","tag-presidente-michel-temer","tag-stf","tag-temer-desiste-do-indulto-de-natal-de-2018"],"_links":{"self":[{"href":"https:\/\/aconteceunovale.com.br\/portal\/index.php?rest_route=\/wp\/v2\/posts\/141421","targetHints":{"allow":["GET"]}}],"collection":[{"href":"https:\/\/aconteceunovale.com.br\/portal\/index.php?rest_route=\/wp\/v2\/posts"}],"about":[{"href":"https:\/\/aconteceunovale.com.br\/portal\/index.php?rest_route=\/wp\/v2\/types\/post"}],"author":[{"embeddable":true,"href":"https:\/\/aconteceunovale.com.br\/portal\/index.php?rest_route=\/wp\/v2\/users\/1"}],"replies":[{"embeddable":true,"href":"https:\/\/aconteceunovale.com.br\/portal\/index.php?rest_route=%2Fwp%2Fv2%2Fcomments&post=141421"}],"version-history":[{"count":0,"href":"https:\/\/aconteceunovale.com.br\/portal\/index.php?rest_route=\/wp\/v2\/posts\/141421\/revisions"}],"wp:featuredmedia":[{"embeddable":true,"href":"https:\/\/aconteceunovale.com.br\/portal\/index.php?rest_route=\/wp\/v2\/media\/141171"}],"wp:attachment":[{"href":"https:\/\/aconteceunovale.com.br\/portal\/index.php?rest_route=%2Fwp%2Fv2%2Fmedia&parent=141421"}],"wp:term":[{"taxonomy":"category","embeddable":true,"href":"https:\/\/aconteceunovale.com.br\/portal\/index.php?rest_route=%2Fwp%2Fv2%2Fcategories&post=141421"},{"taxonomy":"post_tag","embeddable":true,"href":"https:\/\/aconteceunovale.com.br\/portal\/index.php?rest_route=%2Fwp%2Fv2%2Ftags&post=141421"}],"curies":[{"name":"wp","href":"https:\/\/api.w.org\/{rel}","templated":true}]}}