{"id":141414,"date":"2018-12-30T21:09:05","date_gmt":"2018-12-30T23:09:05","guid":{"rendered":"http:\/\/aconteceunovale.com.br\/portal\/?p=141414"},"modified":"2018-12-30T21:09:05","modified_gmt":"2018-12-30T23:09:05","slug":"aeroporto-de-montes-claros-tem-voos-diretos-para-porto-seguro-e-vitoria-durante-as-ferias","status":"publish","type":"post","link":"https:\/\/aconteceunovale.com.br\/portal\/?p=141414","title":{"rendered":"Aeroporto de Montes Claros tem voos diretos para Porto Seguro e Vit\u00f3ria durante as f\u00e9rias"},"content":{"rendered":"<p>O Aeroporto de Montes Claros passa a oferecer voos diretos para Vit\u00f3ria (ES) e Porto Seguro (BA), duas vezes por semana, durante o per\u00edodo de f\u00e9rias, sem escalas ou conex\u00f5es.<\/p>\n<p>Para a capital do Esp\u00edrito Santo, os voos iniciaram na quinta-feira (27) e seguem at\u00e9 o dia 1\u00ba de fevereiro, com ida e volta nas sextas-feiras e aos domingos. J\u00e1 para Porto Seguro, os voos come\u00e7aram na sexta (28) e seguem at\u00e9 o dia 20 de janeiro, nas quintas-feiras e domingos.<\/p>\n<p>O superintendente do aeroporto, Michael Nol\u00eato Crestani, destaca que a ideia \u00e9 atender a grupos de empres\u00e1rios, executivos, estudantes e professores. Segundo ele, estes s\u00e3o os grupos de maior demanda.<\/p>\n<p>Nessa \u00e9poca, as pessoas costumam viajar muito para o litoral. E atendendo ao pedido dos passageiros implantamos essas duas op\u00e7\u00f5es. Antes, s\u00f3 tinha ida e volta para o aeroporto de Confins. Isso vai poupar tempo e facilitar a viagem. Esperamos que seja um sucesso\u201d, comenta.<\/p>\n<p>O aeroporto M\u00e1rio Ribeiro conta com cinco voos di\u00e1rios de duas companhias a\u00e9reas e funciona entre as 6h e 1h. De acordo com a Infraero, o terminal recebe cerca de 280 mil passageiros por ano e tem a capacidade de receber at\u00e9 800 mil.<\/p>\n<p><a href=\"https:\/\/www.voeazul.com.br\/\" target=\"_blank\">Acesse o site da empresa a\u00e9rea para consultar valores (clique aqui).<\/a><\/p>\n<p><strong>Veja a data e hor\u00e1rio dos voos Montes Claros e Vit\u00f3ria<\/strong><\/p>\n<div>\n<div>\n<table>\n<tbody>\n<tr>\n<td>Origem<\/td>\n<td>Destino<\/td>\n<td>Dia da semana<\/td>\n<td>Hor\u00e1rios<\/td>\n<\/tr>\n<tr>\n<td>Vit\u00f3ria<\/td>\n<td>Montes Claros<\/td>\n<td>Sexta-feira<\/td>\n<td>17h55<\/td>\n<\/tr>\n<tr>\n<td>Montes Claros<\/td>\n<td>Vit\u00f3ria<\/td>\n<td>Sexta-feira<\/td>\n<td>20h15<\/td>\n<\/tr>\n<tr>\n<td>Vit\u00f3ria<\/td>\n<td>Montes Claros<\/td>\n<td>Domingo<\/td>\n<td>18h30<\/td>\n<\/tr>\n<tr>\n<td>Montes Claros<\/td>\n<td>Vit\u00f3ria<\/td>\n<td>Domingo<\/td>\n<td>20h50<\/td>\n<\/tr>\n<\/tbody>\n<\/table>\n<\/div>\n<p><strong>Veja a data e hor\u00e1rio dos voos Montes Claros Porto Seguro<\/strong><\/p>\n<div>\n<div>\n<table>\n<tbody>\n<tr>\n<td>Origem<\/td>\n<td>Destino<\/td>\n<td>Dia da semana<\/td>\n<td>Hor\u00e1rio<\/td>\n<\/tr>\n<tr>\n<td>Porto Seguro<\/td>\n<td>Montes Claros<\/td>\n<td>Quinta-feira<\/td>\n<td>13h50<\/td>\n<\/tr>\n<tr>\n<td>Montes Claros<\/td>\n<td>Porto Seguro<\/td>\n<td>Quinta-feira<\/td>\n<td>17h<\/td>\n<\/tr>\n<tr>\n<td>Montes Claros<\/td>\n<td>Porto Seguro<\/td>\n<td>Domingo<\/td>\n<td>8h20<\/td>\n<\/tr>\n<tr>\n<td>Porto Seguro<\/td>\n<td>Montes Claros<\/td>\n<td>Domingo<\/td>\n<td>9h30<\/td>\n<\/tr>\n<\/tbody>\n<\/table>\n<\/div>\n<p><strong>VER PRIMEIRO<\/strong><\/p>\n<p>Receba as not\u00edcias do Aconteceu no Vale em primeira m\u00e3o. Clique em curtir no endere\u00e7o <a href=\"https:\/\/www.facebook.com\/aconteceunovale\" target=\"_blank\"><font color=\"red\">www.facebook.com\/aconteceunovale<\/font><\/a> ou no box abaixo:<\/p>\n<div class=\"fb-like\" data-href=\"https:\/\/www.facebook.com\/aconteceunovale\" data-width=\"120\" data-layout=\"standard\" data-action=\"like\" data-size=\"small\" data-show-faces=\"true\" data-share=\"true\"><\/div>\n<p><\/br><\/p>\n<p><em>(Fonte: G1 Grande Minas)<\/em><\/p>\n","protected":false},"excerpt":{"rendered":"<p>O Aeroporto de Montes Claros passa a oferecer voos diretos para Vit\u00f3ria (ES) e Porto Seguro (BA), duas vezes por semana, durante o per\u00edodo de f\u00e9rias, sem escalas ou conex\u00f5es. Para a capital do Esp\u00edrito Santo, os voos iniciaram na quinta-feira (27) e seguem at\u00e9 o dia 1\u00ba de fevereiro, com ida e volta nas [&hellip;]<\/p>\n","protected":false},"author":1,"featured_media":141415,"comment_status":"open","ping_status":"closed","sticky":false,"template":"","format":"standard","meta":{"amp_status":"","footnotes":""},"categories":[6,1236],"tags":[25099,190791,190788,190787,210,423,9763,190790,190789],"class_list":["post-141414","post","type-post","status-publish","format-standard","has-post-thumbnail","hentry","category-br","category-norte_de_minas","tag-aeroporto-de-montes-claros","tag-aeroporto-de-montes-claros-tem-voos-diretos-para-porto-seguro-e-vitoria-durante-as-ferias","tag-horario-dos-voos-montes-claros-e-porto-seguro","tag-horario-dos-voos-montes-claros-e-vitoria","tag-montes-claros","tag-porto-seguro","tag-vitoria","tag-voos-montes-claros-porto-seguro","tag-voos-montes-claros-vitoria"],"_links":{"self":[{"href":"https:\/\/aconteceunovale.com.br\/portal\/index.php?rest_route=\/wp\/v2\/posts\/141414","targetHints":{"allow":["GET"]}}],"collection":[{"href":"https:\/\/aconteceunovale.com.br\/portal\/index.php?rest_route=\/wp\/v2\/posts"}],"about":[{"href":"https:\/\/aconteceunovale.com.br\/portal\/index.php?rest_route=\/wp\/v2\/types\/post"}],"author":[{"embeddable":true,"href":"https:\/\/aconteceunovale.com.br\/portal\/index.php?rest_route=\/wp\/v2\/users\/1"}],"replies":[{"embeddable":true,"href":"https:\/\/aconteceunovale.com.br\/portal\/index.php?rest_route=%2Fwp%2Fv2%2Fcomments&post=141414"}],"version-history":[{"count":0,"href":"https:\/\/aconteceunovale.com.br\/portal\/index.php?rest_route=\/wp\/v2\/posts\/141414\/revisions"}],"wp:featuredmedia":[{"embeddable":true,"href":"https:\/\/aconteceunovale.com.br\/portal\/index.php?rest_route=\/wp\/v2\/media\/141415"}],"wp:attachment":[{"href":"https:\/\/aconteceunovale.com.br\/portal\/index.php?rest_route=%2Fwp%2Fv2%2Fmedia&parent=141414"}],"wp:term":[{"taxonomy":"category","embeddable":true,"href":"https:\/\/aconteceunovale.com.br\/portal\/index.php?rest_route=%2Fwp%2Fv2%2Fcategories&post=141414"},{"taxonomy":"post_tag","embeddable":true,"href":"https:\/\/aconteceunovale.com.br\/portal\/index.php?rest_route=%2Fwp%2Fv2%2Ftags&post=141414"}],"curies":[{"name":"wp","href":"https:\/\/api.w.org\/{rel}","templated":true}]}}