{"id":141410,"date":"2018-12-30T20:24:42","date_gmt":"2018-12-30T22:24:42","guid":{"rendered":"http:\/\/aconteceunovale.com.br\/portal\/?p=141410"},"modified":"2018-12-30T20:24:42","modified_gmt":"2018-12-30T22:24:42","slug":"homem-e-preso-com-armas-no-municipio-de-manga-no-norte-de-minas","status":"publish","type":"post","link":"https:\/\/aconteceunovale.com.br\/portal\/?p=141410","title":{"rendered":"Homem \u00e9 preso com armas no munic\u00edpio de Manga, no Norte de Minas"},"content":{"rendered":"<p>Um homem de 43 anos foi preso ap\u00f3s uma opera\u00e7\u00e3o da Pol\u00edcia Militar na zona rural de Manga, no Norte de Minas, na sexta-feira (28\/12\/2018). Segundo a PM, o suspeito estava com v\u00e1rias armas sem registro e tentou subornar os militares para n\u00e3o ser preso. Foram apreendidas com ele cinco armas de fogo, sendo uma carabina calibre 44 de uso restrito, uma pistola semiautom\u00e1tica calibre 380, uma espingarda calibre 28 e mais duas polveiras.<\/p>\n<p>Com o autor ainda foram localizados muni\u00e7\u00f5es e apetrechos, como p\u00f3lvora, espoletas, cartuchos, entre outros. A suspeita \u00e9 que ele tamb\u00e9m comercializava os produtos no munic\u00edpio. Dois r\u00e1dios transmissores tamb\u00e9m foram encontrados na casa.<\/p>\n<p>Ap\u00f3s ser preso, o homem confessou participa\u00e7\u00e3o em um homic\u00eddio ocorrido na regi\u00e3o, na comunidade de Pedra Preta, onde ele reside. Segundo a PM, o caso n\u00e3o foi registrado na \u00e9poca, possivelmente por ter sido encoberto pelos pr\u00f3prios moradores. O homic\u00eddio ser\u00e1 investigado pela pol\u00edcia.<\/p>\n<p>Al\u00e9m das armas apreendidas com o suspeito preso, a pol\u00edcia fez batidas em outras casas na zona rural de Manga, encontrando outras tr\u00eas armas de fogo sem registro. Todo o material foi levado para a delegacia de plant\u00e3o, bem como o homem preso.<\/p>\n<p><img decoding=\"async\" src=\"http:\/\/aconteceunovale.com.br\/portal\/wp-content\/uploads\/2018\/12\/armas_manga_1.jpeg\" alt=\"\" \/><em>Homem foi preso na zona rural de Manga \u2014 Foto: Pol\u00edcia Militar\/Divulga\u00e7\u00e3o<\/em><br \/>\n<\/br><\/p>\n<p><img decoding=\"async\" src=\"http:\/\/aconteceunovale.com.br\/portal\/wp-content\/uploads\/2018\/12\/armas_manga_2.jpeg\" alt=\"\" \/><em>Armas apreendidas com o suspeito \u2014 Foto: Pol\u00edcia Militar\/Divulga\u00e7\u00e3o<\/em><br \/>\n<\/br><\/p>\n<p><strong>VER PRIMEIRO<\/strong><\/p>\n<p>Receba as not\u00edcias do Aconteceu no Vale em primeira m\u00e3o. Clique em curtir no endere\u00e7o <a href=\"https:\/\/www.facebook.com\/aconteceunovale\" target=\"_blank\"><font color=\"red\">www.facebook.com\/aconteceunovale<\/font><\/a> ou no box abaixo:<\/p>\n<div class=\"fb-like\" data-href=\"https:\/\/www.facebook.com\/aconteceunovale\" data-width=\"120\" data-layout=\"standard\" data-action=\"like\" data-size=\"small\" data-show-faces=\"true\" data-share=\"true\"><\/div>\n<p><\/br><\/p>\n<p><em>(Fonte: G1 Grande Minas)<\/em><\/p>\n","protected":false},"excerpt":{"rendered":"<p>Um homem de 43 anos foi preso ap\u00f3s uma opera\u00e7\u00e3o da Pol\u00edcia Militar na zona rural de Manga, no Norte de Minas, na sexta-feira (28\/12\/2018). Segundo a PM, o suspeito estava com v\u00e1rias armas sem registro e tentou subornar os militares para n\u00e3o ser preso. Foram apreendidas com ele cinco armas de fogo, sendo uma [&hellip;]<\/p>\n","protected":false},"author":1,"featured_media":141411,"comment_status":"open","ping_status":"closed","sticky":false,"template":"","format":"standard","meta":{"amp_status":"","footnotes":""},"categories":[1236],"tags":[190786,81639,190785,1356,33228,88395],"class_list":["post-141410","post","type-post","status-publish","format-standard","has-post-thumbnail","hentry","category-norte_de_minas","tag-apreensao-de-armas-em-manga","tag-armas-apreendidas-em-manga","tag-homem-e-preso-com-armas-no-municipio-de-manga","tag-manga","tag-no-norte-de-minas","tag-preso-em-manga"],"_links":{"self":[{"href":"https:\/\/aconteceunovale.com.br\/portal\/index.php?rest_route=\/wp\/v2\/posts\/141410","targetHints":{"allow":["GET"]}}],"collection":[{"href":"https:\/\/aconteceunovale.com.br\/portal\/index.php?rest_route=\/wp\/v2\/posts"}],"about":[{"href":"https:\/\/aconteceunovale.com.br\/portal\/index.php?rest_route=\/wp\/v2\/types\/post"}],"author":[{"embeddable":true,"href":"https:\/\/aconteceunovale.com.br\/portal\/index.php?rest_route=\/wp\/v2\/users\/1"}],"replies":[{"embeddable":true,"href":"https:\/\/aconteceunovale.com.br\/portal\/index.php?rest_route=%2Fwp%2Fv2%2Fcomments&post=141410"}],"version-history":[{"count":0,"href":"https:\/\/aconteceunovale.com.br\/portal\/index.php?rest_route=\/wp\/v2\/posts\/141410\/revisions"}],"wp:featuredmedia":[{"embeddable":true,"href":"https:\/\/aconteceunovale.com.br\/portal\/index.php?rest_route=\/wp\/v2\/media\/141411"}],"wp:attachment":[{"href":"https:\/\/aconteceunovale.com.br\/portal\/index.php?rest_route=%2Fwp%2Fv2%2Fmedia&parent=141410"}],"wp:term":[{"taxonomy":"category","embeddable":true,"href":"https:\/\/aconteceunovale.com.br\/portal\/index.php?rest_route=%2Fwp%2Fv2%2Fcategories&post=141410"},{"taxonomy":"post_tag","embeddable":true,"href":"https:\/\/aconteceunovale.com.br\/portal\/index.php?rest_route=%2Fwp%2Fv2%2Ftags&post=141410"}],"curies":[{"name":"wp","href":"https:\/\/api.w.org\/{rel}","templated":true}]}}