{"id":141351,"date":"2018-12-29T17:37:55","date_gmt":"2018-12-29T19:37:55","guid":{"rendered":"http:\/\/aconteceunovale.com.br\/portal\/?p=141351"},"modified":"2018-12-29T17:37:55","modified_gmt":"2018-12-29T19:37:55","slug":"adesao-ao-cadastro-ambiental-rural-pode-ser-feita-ate-o-fim-de-2019","status":"publish","type":"post","link":"https:\/\/aconteceunovale.com.br\/portal\/?p=141351","title":{"rendered":"Ades\u00e3o ao Cadastro Ambiental Rural pode ser feita at\u00e9 o fim de 2019"},"content":{"rendered":"<p>O governo federal prorrogou o prazo para a inscri\u00e7\u00e3o de propriedades e posses rurais no Cadastro Ambiental Rural (CAR). O Di\u00e1rio Oficial de quinta-feira (27) traz a Medida Provis\u00f3ria (MP) 867\/18, que prorroga at\u00e9 31 de dezembro de 2019 o prazo para requerer inscri\u00e7\u00e3o no cadastro, condi\u00e7\u00e3o obrigat\u00f3ria para a ades\u00e3o ao Programa de Regulariza\u00e7\u00e3o Ambiental (PRA). O prazo terminaria no pr\u00f3ximo dia 31.<\/p>\n<p>Em maio, o presidente Michel Temer havia assinado o Decreto n\u00ba 9.395, estabelecendo o dia 31 de dezembro de 2018 como data limite para os agricultores se inscreverem no CAR. A MP altera a o novo C\u00f3digo Florestal, que estabeleceu a inscri\u00e7\u00e3o no CAR como &#8220;condi\u00e7\u00e3o obrigat\u00f3ria&#8221; para ades\u00e3o ao PRA, que regulamenta a adequa\u00e7\u00e3o de \u00c1reas de Prote\u00e7\u00e3o Permanente e de Reserva Legal de propriedades rurais por meio de recupera\u00e7\u00e3o ou compensa\u00e7\u00e3o.<\/p>\n<p>O CAR \u00e9 um monitoramento dos im\u00f3veis rurais do pa\u00eds. Ele traz informa\u00e7\u00f5es sobre a preserva\u00e7\u00e3o desses im\u00f3veis. A exist\u00eancia de nascentes e a \u00e1rea de vegeta\u00e7\u00e3o preservada tamb\u00e9m precisam ser declarados.<\/p>\n<p>De acordo com a MP, o objetivo \u00e9 &#8220;integrar as informa\u00e7\u00f5es ambientais das propriedades e posses rurais, compondo base de dados para controle, monitoramento, planejamento ambiental e econ\u00f4mico e combate ao desmatamento&#8221;.<\/p>\n<p>Com a ades\u00e3o ao programa, \u00e9 poss\u00edvel regularizar os passivos ambientais e\/ou infra\u00e7\u00f5es cometidas antes de 22 de julho de 2008, relativas \u00e0 supress\u00e3o irregular de vegeta\u00e7\u00e3o nessas \u00e1reas. Ou seja, os produtores rurais regularizados passam a ter benef\u00edcios previstos no novo C\u00f3digo Florestal.<\/p>\n<p>Aqueles que n\u00e3o aderirem ao CAR, podem ficar sem acesso ao financiamento rural, al\u00e9m de n\u00e3o poder solicitar licen\u00e7a ambiental ou fazer qualquer negocia\u00e7\u00e3o com o im\u00f3vel rural.<\/p>\n<p><img decoding=\"async\" src=\"http:\/\/aconteceunovale.com.br\/portal\/wp-content\/uploads\/2018\/12\/propriedade_rural.jpg\" alt=\"\" \/><em>Propriedade rural &#8211; MMA\/Arquivo<\/em><br \/>\n<\/br><\/p>\n<p><strong>VER PRIMEIRO<\/strong><\/p>\n<p>Receba as not\u00edcias do Aconteceu no Vale em primeira m\u00e3o. Clique em curtir no endere\u00e7o <a href=\"https:\/\/www.facebook.com\/aconteceunovale\" target=\"_blank\"><font color=\"red\">www.facebook.com\/aconteceunovale<\/font><\/a> ou no box abaixo:<\/p>\n<div class=\"fb-like\" data-href=\"https:\/\/www.facebook.com\/aconteceunovale\" data-width=\"120\" data-layout=\"standard\" data-action=\"like\" data-size=\"small\" data-show-faces=\"true\" data-share=\"true\"><\/div>\n<p><\/br><\/p>\n<p><em>(Fonte: Ag\u00eancia Brasil)<\/em><\/p>\n","protected":false},"excerpt":{"rendered":"<p>O governo federal prorrogou o prazo para a inscri\u00e7\u00e3o de propriedades e posses rurais no Cadastro Ambiental Rural (CAR). O Di\u00e1rio Oficial de quinta-feira (27) traz a Medida Provis\u00f3ria (MP) 867\/18, que prorroga at\u00e9 31 de dezembro de 2019 o prazo para requerer inscri\u00e7\u00e3o no cadastro, condi\u00e7\u00e3o obrigat\u00f3ria para a ades\u00e3o ao Programa de Regulariza\u00e7\u00e3o [&hellip;]<\/p>\n","protected":false},"author":1,"featured_media":141352,"comment_status":"open","ping_status":"closed","sticky":false,"template":"","format":"standard","meta":{"amp_status":"","footnotes":""},"categories":[6],"tags":[29026,190680,190679,190682,8354,42405,20123,190681,190683,24872],"class_list":["post-141351","post","type-post","status-publish","format-standard","has-post-thumbnail","hentry","category-br","tag-adesao","tag-adesao-ao-cadastro-ambiental-rural","tag-adesao-ao-cadastro-ambiental-rural-pode-ser-feita-ate-o-fim-de-2019","tag-adesao-ao-car","tag-cadastro-ambiental-rural","tag-car","tag-prazo","tag-prazo-para-adesao-ao-cadastro-ambiental-rural","tag-prazo-para-adesao-ao-car","tag-prorrogacao"],"_links":{"self":[{"href":"https:\/\/aconteceunovale.com.br\/portal\/index.php?rest_route=\/wp\/v2\/posts\/141351","targetHints":{"allow":["GET"]}}],"collection":[{"href":"https:\/\/aconteceunovale.com.br\/portal\/index.php?rest_route=\/wp\/v2\/posts"}],"about":[{"href":"https:\/\/aconteceunovale.com.br\/portal\/index.php?rest_route=\/wp\/v2\/types\/post"}],"author":[{"embeddable":true,"href":"https:\/\/aconteceunovale.com.br\/portal\/index.php?rest_route=\/wp\/v2\/users\/1"}],"replies":[{"embeddable":true,"href":"https:\/\/aconteceunovale.com.br\/portal\/index.php?rest_route=%2Fwp%2Fv2%2Fcomments&post=141351"}],"version-history":[{"count":0,"href":"https:\/\/aconteceunovale.com.br\/portal\/index.php?rest_route=\/wp\/v2\/posts\/141351\/revisions"}],"wp:featuredmedia":[{"embeddable":true,"href":"https:\/\/aconteceunovale.com.br\/portal\/index.php?rest_route=\/wp\/v2\/media\/141352"}],"wp:attachment":[{"href":"https:\/\/aconteceunovale.com.br\/portal\/index.php?rest_route=%2Fwp%2Fv2%2Fmedia&parent=141351"}],"wp:term":[{"taxonomy":"category","embeddable":true,"href":"https:\/\/aconteceunovale.com.br\/portal\/index.php?rest_route=%2Fwp%2Fv2%2Fcategories&post=141351"},{"taxonomy":"post_tag","embeddable":true,"href":"https:\/\/aconteceunovale.com.br\/portal\/index.php?rest_route=%2Fwp%2Fv2%2Ftags&post=141351"}],"curies":[{"name":"wp","href":"https:\/\/api.w.org\/{rel}","templated":true}]}}