{"id":141335,"date":"2018-12-29T17:13:04","date_gmt":"2018-12-29T19:13:04","guid":{"rendered":"http:\/\/aconteceunovale.com.br\/portal\/?p=141335"},"modified":"2018-12-29T17:13:04","modified_gmt":"2018-12-29T19:13:04","slug":"governo-divulga-lista-de-feriados-e-pontos-facultativos-em-2019","status":"publish","type":"post","link":"https:\/\/aconteceunovale.com.br\/portal\/?p=141335","title":{"rendered":"Governo divulga lista de feriados e pontos facultativos em 2019"},"content":{"rendered":"<p>O governo federal publicou ontem (28) no Di\u00e1rio Oficial da Uni\u00e3o a lista com os feriados e pontos facultativos da administra\u00e7\u00e3o federal em 2019. A lista n\u00e3o inclui feriados estaduais e municipais.<\/p>\n<p>No pr\u00f3ximo ano, os feriados que cair\u00e3o no final de semana ser\u00e3o: Tiradentes (domingo), Independ\u00eancia (s\u00e1bado), Dia de Nossa Senhora da Aparecida (s\u00e1bado) e Finados (s\u00e1bado). Os demais v\u00e3o cair em dias de semana.<\/p>\n<p>A portaria, publicada pelo, Desenvolvimento e Gest\u00e3o, diz que os dias de guarda dos credos e religi\u00f5es, n\u00e3o relacionados, poder\u00e3o ser compensados, desde que \u201cpreviamente autorizados pelo respons\u00e1vel pela unidade administrativa do exerc\u00edcio do servidor.\u201d<\/p>\n<p>O texto diz ainda que o cumprimento dos feriados n\u00e3o deve trazer preju\u00edzo da presta\u00e7\u00e3o dos servi\u00e7os considerados essenciais e que caber\u00e1 aos dirigentes dos \u00f3rg\u00e3os e entidades \u201ca preserva\u00e7\u00e3o e o funcionamento dos servi\u00e7os essenciais afetos \u00e0s respectivas \u00e1reas de compet\u00eancia\u201d.<\/p>\n<p>Em rela\u00e7\u00e3o aos \u00f3rg\u00e3os e entidades integrantes do Sistema de Pessoal Civil da Administra\u00e7\u00e3o Federal, eles ficam proibidos de antecipar ou postergar ponto facultativo.<\/p>\n<p><strong>Confira as datas:<\/strong><\/p>\n<p><strong>1\u00ba de janeiro &#8211; ter\u00e7a-feira:<\/strong> Confraterniza\u00e7\u00e3o Universal (feriado nacional);<\/p>\n<p><strong>4 de mar\u00e7o &#8211; segunda-feira:<\/strong> Carnaval (ponto facultativo);<\/p>\n<p><strong>5 de mar\u00e7o &#8211; ter\u00e7a-feira:<\/strong> Carnaval (ponto facultativo);<\/p>\n<p><strong>6 de mar\u00e7o &#8211; quarta-feira:<\/strong> quarta-feira de cinzas (ponto facultativo at\u00e9 as 14 horas);<\/p>\n<p><strong>19 de abril &#8211; sexta-feira:<\/strong> Paix\u00e3o de Cristo (feriado nacional);<\/p>\n<p><strong>21 de abril &#8211; domingo:<\/strong> Tiradentes (feriado nacional);<\/p>\n<p><strong>1\u00ba de maio &#8211; quarta-feira:<\/strong> Dia Mundial do Trabalho (feriado nacional);<\/p>\n<p><strong>20 de junho &#8211; quinta-feira:<\/strong> Corpus Christi (ponto facultativo);<\/p>\n<p><strong>7 de setembro &#8211; s\u00e1bado:<\/strong> Independ\u00eancia do Brasil (feriado nacional);<\/p>\n<p><strong>12 de outubro &#8211; s\u00e1bado:<\/strong> Nossa Senhora Aparecida (feriado nacional);<\/p>\n<p><strong>28 de outubro &#8211; segunda-feira:<\/strong> Dia do Servidor P\u00fablico (ponto facultativo);<\/p>\n<p><strong>2 de novembro &#8211; s\u00e1bado:<\/strong> Finados (feriado nacional);<\/p>\n<p><strong>15 de novembro &#8211; sexta-feira:<\/strong> Proclama\u00e7\u00e3o da Rep\u00fablica (feriado nacional);<\/p>\n<p><strong>24 de dezembro &#8211; ter\u00e7a-feira:<\/strong> v\u00e9spera de natal (ponto facultativo ap\u00f3s as 14 horas);<\/p>\n<p><strong>25 de dezembro &#8211; quarta-feira:<\/strong> Natal (feriado nacional); <\/p>\n<p><strong>31 de dezembro &#8211; ter\u00e7a-feira:<\/strong> v\u00e9spera de ano novo (ponto facultativo ap\u00f3s as 14 horas)<\/p>\n<p><strong>VER PRIMEIRO<\/strong><\/p>\n<p>Receba as not\u00edcias do Aconteceu no Vale em primeira m\u00e3o. Clique em curtir no endere\u00e7o <a href=\"https:\/\/www.facebook.com\/aconteceunovale\" target=\"_blank\"><font color=\"red\">www.facebook.com\/aconteceunovale<\/font><\/a> ou no box abaixo:<\/p>\n<div class=\"fb-like\" data-href=\"https:\/\/www.facebook.com\/aconteceunovale\" data-width=\"120\" data-layout=\"standard\" data-action=\"like\" data-size=\"small\" data-show-faces=\"true\" data-share=\"true\"><\/div>\n<p><\/br><\/p>\n<p><em>(Fonte: Ag\u00eancia Brasil)<\/em><\/p>\n","protected":false},"excerpt":{"rendered":"<p>O governo federal publicou ontem (28) no Di\u00e1rio Oficial da Uni\u00e3o a lista com os feriados e pontos facultativos da administra\u00e7\u00e3o federal em 2019. A lista n\u00e3o inclui feriados estaduais e municipais. No pr\u00f3ximo ano, os feriados que cair\u00e3o no final de semana ser\u00e3o: Tiradentes (domingo), Independ\u00eancia (s\u00e1bado), Dia de Nossa Senhora da Aparecida (s\u00e1bado) [&hellip;]<\/p>\n","protected":false},"author":1,"featured_media":101380,"comment_status":"open","ping_status":"closed","sticky":false,"template":"","format":"standard","meta":{"amp_status":"","footnotes":""},"categories":[6],"tags":[4108,190653,190646,190647,190654,190656,190651,190649,190655,190657,190658,190650,190648,1018,190652,28187,190639,190659,190643,190638,113654,190641,190644,54415,1154,134887,190640,140901,190642,190645],"class_list":["post-141335","post","type-post","status-publish","format-standard","has-post-thumbnail","hentry","category-br","tag-carnaval","tag-data-dia-mundial-do-trabalho","tag-data-do-carnaval","tag-data-feriado-carnaval","tag-data-feriado-dia-mundial-do-trabalho","tag-data-feriado-independencia-do-brasil","tag-data-feriado-paixao-de-cristo","tag-data-feriado-quarta-feira-de-cinzas","tag-data-independencia-do-brasil","tag-data-natal","tag-data-natal-2019","tag-data-paixao-de-cristo","tag-data-quarta-feira-de-cinzas","tag-destaque","tag-dia-mundial-do-trabalho","tag-feriado","tag-feriados-2019","tag-feriados-em-2019","tag-feriados-prolongados-2019","tag-governo-divulga-lista-de-feriados-e-pontos-facultativos-em-2019","tag-independencia-do-brasil","tag-lista-de-feriados-2019","tag-lista-de-pontos-facultativos-2019","tag-ministerio-do-planejamento","tag-natal","tag-paixao-de-cristo","tag-pontos-facultativos-2019","tag-quarta-feira-de-cinzas","tag-relacao-de-feriados-2019","tag-relacao-de-pontos-facultativos-2019"],"_links":{"self":[{"href":"https:\/\/aconteceunovale.com.br\/portal\/index.php?rest_route=\/wp\/v2\/posts\/141335","targetHints":{"allow":["GET"]}}],"collection":[{"href":"https:\/\/aconteceunovale.com.br\/portal\/index.php?rest_route=\/wp\/v2\/posts"}],"about":[{"href":"https:\/\/aconteceunovale.com.br\/portal\/index.php?rest_route=\/wp\/v2\/types\/post"}],"author":[{"embeddable":true,"href":"https:\/\/aconteceunovale.com.br\/portal\/index.php?rest_route=\/wp\/v2\/users\/1"}],"replies":[{"embeddable":true,"href":"https:\/\/aconteceunovale.com.br\/portal\/index.php?rest_route=%2Fwp%2Fv2%2Fcomments&post=141335"}],"version-history":[{"count":0,"href":"https:\/\/aconteceunovale.com.br\/portal\/index.php?rest_route=\/wp\/v2\/posts\/141335\/revisions"}],"wp:featuredmedia":[{"embeddable":true,"href":"https:\/\/aconteceunovale.com.br\/portal\/index.php?rest_route=\/wp\/v2\/media\/101380"}],"wp:attachment":[{"href":"https:\/\/aconteceunovale.com.br\/portal\/index.php?rest_route=%2Fwp%2Fv2%2Fmedia&parent=141335"}],"wp:term":[{"taxonomy":"category","embeddable":true,"href":"https:\/\/aconteceunovale.com.br\/portal\/index.php?rest_route=%2Fwp%2Fv2%2Fcategories&post=141335"},{"taxonomy":"post_tag","embeddable":true,"href":"https:\/\/aconteceunovale.com.br\/portal\/index.php?rest_route=%2Fwp%2Fv2%2Ftags&post=141335"}],"curies":[{"name":"wp","href":"https:\/\/api.w.org\/{rel}","templated":true}]}}