{"id":141330,"date":"2018-12-29T17:02:36","date_gmt":"2018-12-29T19:02:36","guid":{"rendered":"http:\/\/aconteceunovale.com.br\/portal\/?p=141330"},"modified":"2018-12-29T17:02:36","modified_gmt":"2018-12-29T19:02:36","slug":"israel-e-a-terra-prometida-e-brasil-e-a-terra-da-promessa-diz-netanyahu","status":"publish","type":"post","link":"https:\/\/aconteceunovale.com.br\/portal\/?p=141330","title":{"rendered":"Israel \u00e9 a terra prometida e Brasil \u00e9 a terra da promessa, diz Netanyahu"},"content":{"rendered":"<p>Ap\u00f3s encontro com o presidente eleito, Jair Bolsonaro, no Rio de Janeiro, o primeiro-ministro de Israel, Benjamin Netanyahu, disse ontem (28) que a coopera\u00e7\u00e3o m\u00fatua entre os dois pa\u00edses pode trazer benef\u00edcios para as duas na\u00e7\u00f5es. &#8220;Israel \u00e9 a terra prometida e Brasil \u00e9 a terra da promessa. E o senhor se encabe\u00e7a a boa gest\u00e3o desse pa\u00eds para concretizar essa promessa. Israel quer ser parceiro do Brasil nessa empreitada. Entendemos que a nossa coopera\u00e7\u00e3o m\u00fatua pode render enormes benef\u00edcios aos nossos povos, na economia, na seguran\u00e7a, na agricultura, em recursos h\u00eddricos, ind\u00fastria, em todos as esferas da atividade humana&#8221;, afirmou.<\/p>\n<p>Netanyahu disse que o encontro de ontem \u00e9 um momento hist\u00f3rico para os dois pa\u00edses. \u201c\u00c9 a primeira visita de um primeiro-ministro de Israel ao Brasil na hist\u00f3ria. \u00c9 dif\u00edcil crer que n\u00e3o hav\u00edamos tido um contato antes porque os la\u00e7os de amizade podem nos levar a longas dist\u00e2ncias.\u201d<\/p>\n<p>O primeiro-ministro informou que convidou Bolsonaro para visitar Israel para &#8220;avan\u00e7armos na coopera\u00e7\u00e3o e parceria&#8221;. Bolsonaro aceitou o convite e disse que em mar\u00e7o visitar\u00e1 o pa\u00eds junto com uma comitiva para tratar de tecnologia, agricultura, psicultura, seguran\u00e7a, For\u00e7as Armadas.<\/p>\n<p><strong>Visita<\/strong><\/p>\n<p>Netanyahu desembarcou no final da manh\u00e3 de ontem na Base A\u00e9rea do Gale\u00e3o, no Rio de Janeiro, para uma visita de cinco dias ao Brasil. No final da tarde, primeiro-ministro israelense foi \u00e0 sinagoga Beit Yaakov para a cerim\u00f4nia religiosa do shabat.<\/p>\n<p>No domingo (30), o primeiro-ministro se re\u00fane com jornalistas, l\u00edderes da comunidade judaica e Amigos Crist\u00e3os de Israel. Na segunda-feira (31), segue para Bras\u00edlia, onde acompanhar\u00e1 a posse de Bolsonaro no dia 1\u00ba de janeiro. Ele retorna para Israel de noite.<\/p>\n<p><img decoding=\"async\" src=\"http:\/\/aconteceunovale.com.br\/portal\/wp-content\/uploads\/2018\/12\/bolsonaro_israel.jpg\" alt=\"\" \/><em>Jair Bolsonaro recebe Benjamin Netanyahu &#8211; Fernando Fraz\u00e3o\/Ag\u00eancia Brasil<\/em><br \/>\n<\/br><\/p>\n<p><strong>VER PRIMEIRO<\/strong><\/p>\n<p>Receba as not\u00edcias do Aconteceu no Vale em primeira m\u00e3o. Clique em curtir no endere\u00e7o <a href=\"https:\/\/www.facebook.com\/aconteceunovale\" target=\"_blank\"><font color=\"red\">www.facebook.com\/aconteceunovale<\/font><\/a> ou no box abaixo:<\/p>\n<div class=\"fb-like\" data-href=\"https:\/\/www.facebook.com\/aconteceunovale\" data-width=\"120\" data-layout=\"standard\" data-action=\"like\" data-size=\"small\" data-show-faces=\"true\" data-share=\"true\"><\/div>\n<p><\/br><\/p>\n<p><em>(Fonte: Ag\u00eancia Brasil)<\/em><\/p>\n","protected":false},"excerpt":{"rendered":"<p>Ap\u00f3s encontro com o presidente eleito, Jair Bolsonaro, no Rio de Janeiro, o primeiro-ministro de Israel, Benjamin Netanyahu, disse ontem (28) que a coopera\u00e7\u00e3o m\u00fatua entre os dois pa\u00edses pode trazer benef\u00edcios para as duas na\u00e7\u00f5es. &#8220;Israel \u00e9 a terra prometida e Brasil \u00e9 a terra da promessa. E o senhor se encabe\u00e7a a boa [&hellip;]<\/p>\n","protected":false},"author":1,"featured_media":141331,"comment_status":"open","ping_status":"closed","sticky":false,"template":"","format":"standard","meta":{"amp_status":"","footnotes":""},"categories":[6,28848],"tags":[190625,190626,100375,190620,190623,190624,133416,190619,190621,26436,190627,190622],"class_list":["post-141330","post","type-post","status-publish","format-standard","has-post-thumbnail","hentry","category-br","category-mundo","tag-benjamin-netanyahu","tag-benjamin-netanyahu-e-bolsonaro","tag-bolsonaro","tag-diz-netanyahu","tag-encontro-entre-bolsonaro-e-netanyahu","tag-encontro-entre-netanyahu-e-bolsonaro","tag-israel","tag-israel-e-a-terra-prometida-e-brasil-e-a-terra-da-promessa","tag-israel-e-a-terra-prometida-e-brasil-e-a-terra-da-promessa-diz-netanyahu","tag-jair-bolsonaro","tag-jair-bolsonaro-recebe-benjamin-netanyahu","tag-netanyahu"],"_links":{"self":[{"href":"https:\/\/aconteceunovale.com.br\/portal\/index.php?rest_route=\/wp\/v2\/posts\/141330","targetHints":{"allow":["GET"]}}],"collection":[{"href":"https:\/\/aconteceunovale.com.br\/portal\/index.php?rest_route=\/wp\/v2\/posts"}],"about":[{"href":"https:\/\/aconteceunovale.com.br\/portal\/index.php?rest_route=\/wp\/v2\/types\/post"}],"author":[{"embeddable":true,"href":"https:\/\/aconteceunovale.com.br\/portal\/index.php?rest_route=\/wp\/v2\/users\/1"}],"replies":[{"embeddable":true,"href":"https:\/\/aconteceunovale.com.br\/portal\/index.php?rest_route=%2Fwp%2Fv2%2Fcomments&post=141330"}],"version-history":[{"count":0,"href":"https:\/\/aconteceunovale.com.br\/portal\/index.php?rest_route=\/wp\/v2\/posts\/141330\/revisions"}],"wp:featuredmedia":[{"embeddable":true,"href":"https:\/\/aconteceunovale.com.br\/portal\/index.php?rest_route=\/wp\/v2\/media\/141331"}],"wp:attachment":[{"href":"https:\/\/aconteceunovale.com.br\/portal\/index.php?rest_route=%2Fwp%2Fv2%2Fmedia&parent=141330"}],"wp:term":[{"taxonomy":"category","embeddable":true,"href":"https:\/\/aconteceunovale.com.br\/portal\/index.php?rest_route=%2Fwp%2Fv2%2Fcategories&post=141330"},{"taxonomy":"post_tag","embeddable":true,"href":"https:\/\/aconteceunovale.com.br\/portal\/index.php?rest_route=%2Fwp%2Fv2%2Ftags&post=141330"}],"curies":[{"name":"wp","href":"https:\/\/api.w.org\/{rel}","templated":true}]}}