{"id":141222,"date":"2018-12-26T16:26:22","date_gmt":"2018-12-26T18:26:22","guid":{"rendered":"http:\/\/aconteceunovale.com.br\/portal\/?p=141222"},"modified":"2018-12-26T16:26:22","modified_gmt":"2018-12-26T18:26:22","slug":"estados-unidos-alteram-procedimentos-na-fronteira-apos-morte-de-segunda-crianca","status":"publish","type":"post","link":"https:\/\/aconteceunovale.com.br\/portal\/?p=141222","title":{"rendered":"Estados Unidos alteram procedimentos na fronteira ap\u00f3s morte de segunda crian\u00e7a"},"content":{"rendered":"<p>As autoridades norte-americanas anunciaram que v\u00e3o fazer novos exames m\u00e9dicos em crian\u00e7as que est\u00e3o sob cust\u00f3dia, ap\u00f3s a morte de um migrante de 8 anos, procedente da Guatemala. \u00c9 o segundo caso de um menor que morre sob cust\u00f3dia dos Estados Unidos (EUA), depois de atravessar a fronteira ilegalmente. O governo da Guatemala exigiu uma investiga\u00e7\u00e3o \u201cclara\u201d sobre as mortes.<\/p>\n<p>\u201cEsta \u00e9 uma perda tr\u00e1gica\u201d, disse o respons\u00e1vel pelo CBP (Customs and Border Protection), Kevin K. McAleenan. Representante da autoridade que vigia as fronteiras, McAleenan manifestou \u00e0 fam\u00edlia condol\u00eancias pela morte de Felipe Alonzo-Gomez, um menino de 8 anos que morreu sob cust\u00f3dia do governo norte-americano na noite de Natal.<\/p>\n<p>Nessa ter\u00e7a-feira (25), o CBP anunciou em comunicado que realiza exames nas crian\u00e7as com idade at\u00e9 10 anos. A institui\u00e7\u00e3o argumenta que est\u00e1 revendo sua metodologia em rela\u00e7\u00e3o \u00e0 cust\u00f3dia dessas crian\u00e7as, tanto na chegada aos centros, como 24 horas ap\u00f3s a chegada.<\/p>\n<p>Al\u00e9m disso, a Patrulha de Fronteira diz que trabalha com o Departamento de Imigra\u00e7\u00e3o e Alf\u00e2ndega para o transporte para centros residenciais de Fam\u00edlia e alta supervisionada. A ag\u00eancia examina as op\u00e7\u00f5es de cust\u00f3dia para aliviar os problemas de superlota\u00e7\u00e3o em El Paso, como por exemplo, trabalhar com organiza\u00e7\u00f5es n\u00e3o governamentais ou parceiros locais para moradias tempor\u00e1rias.<\/p>\n<p>O CBP estuda op\u00e7\u00f5es de assist\u00eancia m\u00e9dicas com outros parceiros governamentais, como a Guarda Costeira, o Departamento de Defesa, servi\u00e7os de sa\u00fade ou centros de Controle de Doen\u00e7a e Preven\u00e7\u00e3o.<\/p>\n<p><strong>Hist\u00f3rico<\/strong><\/p>\n<p>Felipe Alonzo-Gomez mostrou \u201csinais potenciais de doen\u00e7a\u201d na segunda-feira e foi levado, juntamente com o pai, a um hospital em Alamogordo, no estado do Novo M\u00e9xico, onde foi diagnosticada uma gripe. Apresentou depois febre e ficou na unidade m\u00e9dica mais 90 minutos, tendo recebido alta na segunda-feira \u00e0 tarde, com prescri\u00e7\u00e3o de antibi\u00f3tico.<\/p>\n<p>\u00c0 noite, voltou ao hospital \u00e0 noite com n\u00e1useas e v\u00f4mitos e morreu quatro horas depois, segundo a CBP, pouco depois da meia-noite do dia de Natal.<\/p>\n<p>A ag\u00eancia informa que ainda n\u00e3o est\u00e1 determinada a causa de morte e que haver\u00e1 uma investiga\u00e7\u00e3o. O Departamento de Seguran\u00e7a Interna e o governo da Guatemala foram notificados.<\/p>\n<p><img decoding=\"async\" src=\"http:\/\/aconteceunovale.com.br\/portal\/wp-content\/uploads\/2018\/12\/migrante_guatemala.jpg\" alt=\"\" \/><em>Crian\u00e7a escala barreira na fronteira entre M\u00e9xico e EUA (Foto: AFP\/Reprodu\u00e7\u00e3o Publinews)<\/em><br \/>\n<\/br><\/p>\n<p><strong><\/p>\n<h4>Segunda morte de crian\u00e7a imigrante<\/h4>\n<p><\/strong><\/p>\n<p>Tamb\u00e9m nessa ter\u00e7a-feira, dezenas de pessoas se despediram de Jakelin Caal Maqu\u00edn, outra crian\u00e7a guatemalteca de 7 anos que morreu neste m\u00eas sob a cust\u00f3dia do governo dos Estados Unidos ap\u00f3s entrar ilegalmente com o pai no pa\u00eds.<\/p>\n<p>Jakelin foi enterrada em uma simples cerim\u00f4nia realizada no cemit\u00e9rio em San Antonio Secort\u00e9z, no norte da Guatemala.<\/p>\n<p>Antes do enterro, o corpo da menina percorreu a pequena comunidade em uma esp\u00e9cie de caravana, passando pela casa de seu av\u00f4, Domingo Caal, de sua m\u00e3e, Claudia Maqu\u00edn, e da igreja local, para que todos pudessem se despedir de Jakelin, que acompanhou o pai na odisseia de tentar cruzar a fronteira do M\u00e9xico com os EUA.<\/p>\n<p>Para a viagem, a fam\u00edlia hipotecou o terreno onde est\u00e1 a casa da m\u00e3e de Jakelin para pagar os coiotes que os levaram at\u00e9 os EUA. No entanto, os dois foram capturados por agentes da Patrulha da Fronteira dos EUA no dia 6 de dezembro, junto com 163 pessoas. Pai e filha foram separados, e a menina acabou morrendo 48 horas mais tarde por desidrata\u00e7\u00e3o, segundo informa\u00e7\u00f5es oficiais.<\/p>\n<p>Fontes do Minist\u00e9rio de Rela\u00e7\u00f5es Exteriores disseram \u00e0 Associated Press que Jackeline tinha sido detida no estado do Novo M\u00e9xico depois de ter cruzado ilegalmente a fronteira com seu pai e um grupo de migrantes.<\/p>\n<p>A crian\u00e7a, que estaria havia v\u00e1rios dias sem comer e beber, come\u00e7ou a sofrer convuls\u00f5es cerca de oito horas ap\u00f3s ser detida. Jackeline foi enviada a um hospital, mas os m\u00e9dicos n\u00e3o conseguiram salv\u00e1-la. A fam\u00edlia, no entanto, contestou essa vers\u00e3o.<\/p>\n<p><strong>VER PRIMEIRO<\/strong><\/p>\n<p>Receba as not\u00edcias do Aconteceu no Vale em primeira m\u00e3o. Clique em curtir no endere\u00e7o <a href=\"https:\/\/www.facebook.com\/aconteceunovale\" target=\"_blank\"><font color=\"red\">www.facebook.com\/aconteceunovale<\/font><\/a> ou no box abaixo:<\/p>\n<div class=\"fb-like\" data-href=\"https:\/\/www.facebook.com\/aconteceunovale\" data-width=\"120\" data-layout=\"standard\" data-action=\"like\" data-size=\"small\" data-show-faces=\"true\" data-share=\"true\"><\/div>\n<p><\/br><\/p>\n<p><em>(Fonte: Ag\u00eancia Brasil, RTP e G1)<\/em><\/p>\n","protected":false},"excerpt":{"rendered":"<p>As autoridades norte-americanas anunciaram que v\u00e3o fazer novos exames m\u00e9dicos em crian\u00e7as que est\u00e3o sob cust\u00f3dia, ap\u00f3s a morte de um migrante de 8 anos, procedente da Guatemala. \u00c9 o segundo caso de um menor que morre sob cust\u00f3dia dos Estados Unidos (EUA), depois de atravessar a fronteira ilegalmente. O governo da Guatemala exigiu uma [&hellip;]<\/p>\n","protected":false},"author":1,"featured_media":141224,"comment_status":"open","ping_status":"closed","sticky":false,"template":"","format":"standard","meta":{"amp_status":"","footnotes":""},"categories":[28848],"tags":[190456,190450,190461,190451,190455,15469,190457,190453,190449,23360,190460,190452,190454,190462,190458,190459],"class_list":["post-141222","post","type-post","status-publish","format-standard","has-post-thumbnail","hentry","category-mundo","tag-alamogordo","tag-cbp","tag-crianca-guatemalteca-que-morreu-neste-mes-sob-a-custodia-do-governo-dos-estados-unidos","tag-customs-and-border-protection","tag-el-paso","tag-estados-unidos","tag-estados-unidos-alteram-procedimentos-na-fronteira-apos-morte-de-segunda-crianca","tag-felipe-alonzo-gomez","tag-governo-da-guatemala","tag-guatemala","tag-jakelin-caal-maquin","tag-kevin-k-mcaleenan","tag-menino-de-8-anos-que-morreu-sob-custodia-do-governo-norte-americano-na-noite-de-natal","tag-san-antonio-secortez","tag-segunda-morte-de-crianca-imigrante","tag-segunda-morte-de-crianca-imigrante-nos-eua"],"_links":{"self":[{"href":"https:\/\/aconteceunovale.com.br\/portal\/index.php?rest_route=\/wp\/v2\/posts\/141222","targetHints":{"allow":["GET"]}}],"collection":[{"href":"https:\/\/aconteceunovale.com.br\/portal\/index.php?rest_route=\/wp\/v2\/posts"}],"about":[{"href":"https:\/\/aconteceunovale.com.br\/portal\/index.php?rest_route=\/wp\/v2\/types\/post"}],"author":[{"embeddable":true,"href":"https:\/\/aconteceunovale.com.br\/portal\/index.php?rest_route=\/wp\/v2\/users\/1"}],"replies":[{"embeddable":true,"href":"https:\/\/aconteceunovale.com.br\/portal\/index.php?rest_route=%2Fwp%2Fv2%2Fcomments&post=141222"}],"version-history":[{"count":0,"href":"https:\/\/aconteceunovale.com.br\/portal\/index.php?rest_route=\/wp\/v2\/posts\/141222\/revisions"}],"wp:featuredmedia":[{"embeddable":true,"href":"https:\/\/aconteceunovale.com.br\/portal\/index.php?rest_route=\/wp\/v2\/media\/141224"}],"wp:attachment":[{"href":"https:\/\/aconteceunovale.com.br\/portal\/index.php?rest_route=%2Fwp%2Fv2%2Fmedia&parent=141222"}],"wp:term":[{"taxonomy":"category","embeddable":true,"href":"https:\/\/aconteceunovale.com.br\/portal\/index.php?rest_route=%2Fwp%2Fv2%2Fcategories&post=141222"},{"taxonomy":"post_tag","embeddable":true,"href":"https:\/\/aconteceunovale.com.br\/portal\/index.php?rest_route=%2Fwp%2Fv2%2Ftags&post=141222"}],"curies":[{"name":"wp","href":"https:\/\/api.w.org\/{rel}","templated":true}]}}