{"id":141219,"date":"2018-12-26T16:12:59","date_gmt":"2018-12-26T18:12:59","guid":{"rendered":"http:\/\/aconteceunovale.com.br\/portal\/?p=141219"},"modified":"2018-12-26T16:12:59","modified_gmt":"2018-12-26T18:12:59","slug":"japao-retomara-em-2019-caca-de-baleias-em-seu-territorio","status":"publish","type":"post","link":"https:\/\/aconteceunovale.com.br\/portal\/?p=141219","title":{"rendered":"Jap\u00e3o retomar\u00e1 em 2019 ca\u00e7a de baleias em seu territ\u00f3rio"},"content":{"rendered":"<p>O secret\u00e1rio-geral do Gabinete do governo do Jap\u00e3o, Yoshihide Suga, informou hoje (26) que o pa\u00eds vai se retirar da Comiss\u00e3o Internacional da Baleia \u2013 cuja sigla em ingl\u00eas \u00e9 IWC. Segundo ele, o Jap\u00e3o pretende retomar a ca\u00e7a comercial a partir de julho de 2019, seguindo os m\u00e9todos da IWC para calcular as cotas para determinar o n\u00famero de baleias capturadas.<\/p>\n<p>Yoshihide Suga afirmou que o Jap\u00e3o procura meios de promover a ca\u00e7a de baleias de maneira sustent\u00e1vel por mais de 30 anos, mas sem sucesso nas negocia\u00e7\u00f5es com os pa\u00edses contr\u00e1rios \u00e0 medida. De acordo com ele, o Jap\u00e3o ca\u00e7ar\u00e1 baleias apenas em suas \u00e1guas territoriais e zonas econ\u00f4micas exclusivas, sem avan\u00e7os para o Oceano Ant\u00e1rtico nem no Hemisf\u00e9rio Sul.<\/p>\n<p>A retirada do Jap\u00e3o da IWC entrar\u00e1 em vigor em 30 de junho se notificar o governo dos EUA at\u00e9 1\u00ba de janeiro. Os Estados Unidos est\u00e3o encarregados de aceitar pedidos de ades\u00e3o ou retirada da comiss\u00e3o.<\/p>\n<p>O governo planeja enviar delega\u00e7\u00f5es para alguns pa\u00edses antica\u00e7a de baleias para buscar compreens\u00e3o.<\/p>\n<p>O Jap\u00e3o suspendeu a ca\u00e7a comercial em 1988, de acordo com uma morat\u00f3ria da IWC de 1982. O pa\u00eds, segundo informa\u00e7\u00f5es oficiais, captura baleias apenas para fins de pesquisa.<\/p>\n<p>Representantes japoneses propuseram retomar a atividade baleeira comercial mais de 20 vezes nos \u00faltimos anos, alegando que o n\u00famero de algumas esp\u00e9cies se recuperou. Mas essas tentativas foram bloqueadas por na\u00e7\u00f5es antica\u00e7a.<\/p>\n<p><img decoding=\"async\" src=\"http:\/\/aconteceunovale.com.br\/portal\/wp-content\/uploads\/2018\/12\/caca_baleias_japao.jpg\" alt=\"\" \/><em>Foto: Reuters\/Toru Hanai\/Reprodu\u00e7\u00e3o Ag\u00eancia Brasil<\/em><br \/>\n<\/br><\/p>\n<p><strong>VER PRIMEIRO<\/strong><\/p>\n<p>Receba as not\u00edcias do Aconteceu no Vale em primeira m\u00e3o. Clique em curtir no endere\u00e7o <a href=\"https:\/\/www.facebook.com\/aconteceunovale\" target=\"_blank\"><font color=\"red\">www.facebook.com\/aconteceunovale<\/font><\/a> ou no box abaixo:<\/p>\n<div class=\"fb-like\" data-href=\"https:\/\/www.facebook.com\/aconteceunovale\" data-width=\"120\" data-layout=\"standard\" data-action=\"like\" data-size=\"small\" data-show-faces=\"true\" data-share=\"true\"><\/div>\n<p><\/br><\/p>\n<p><em>(Fonte: Ag\u00eancias Brasil e NHK)<\/em><\/p>\n","protected":false},"excerpt":{"rendered":"<p>O secret\u00e1rio-geral do Gabinete do governo do Jap\u00e3o, Yoshihide Suga, informou hoje (26) que o pa\u00eds vai se retirar da Comiss\u00e3o Internacional da Baleia \u2013 cuja sigla em ingl\u00eas \u00e9 IWC. Segundo ele, o Jap\u00e3o pretende retomar a ca\u00e7a comercial a partir de julho de 2019, seguindo os m\u00e9todos da IWC para calcular as cotas [&hellip;]<\/p>\n","protected":false},"author":1,"featured_media":141220,"comment_status":"open","ping_status":"closed","sticky":false,"template":"","format":"standard","meta":{"amp_status":"","footnotes":""},"categories":[28848],"tags":[190443,190441,190444,190446,190445,190448,190447,190442],"class_list":["post-141219","post","type-post","status-publish","format-standard","has-post-thumbnail","hentry","category-mundo","tag-comissao-internacional-da-baleia","tag-governo-do-japao","tag-iwc","tag-japao-cacara-baleias-apenas-em-suas-aguas-territoriais-e-zonas-economicas-exclusivas","tag-japao-pretende-retomar-a-caca-comercial-de-baleias","tag-japao-retomara-em-2019-caca-de-baleias-em-seu-territorio","tag-retirada-do-japao-da-iwc","tag-yoshihide-suga"],"_links":{"self":[{"href":"https:\/\/aconteceunovale.com.br\/portal\/index.php?rest_route=\/wp\/v2\/posts\/141219","targetHints":{"allow":["GET"]}}],"collection":[{"href":"https:\/\/aconteceunovale.com.br\/portal\/index.php?rest_route=\/wp\/v2\/posts"}],"about":[{"href":"https:\/\/aconteceunovale.com.br\/portal\/index.php?rest_route=\/wp\/v2\/types\/post"}],"author":[{"embeddable":true,"href":"https:\/\/aconteceunovale.com.br\/portal\/index.php?rest_route=\/wp\/v2\/users\/1"}],"replies":[{"embeddable":true,"href":"https:\/\/aconteceunovale.com.br\/portal\/index.php?rest_route=%2Fwp%2Fv2%2Fcomments&post=141219"}],"version-history":[{"count":0,"href":"https:\/\/aconteceunovale.com.br\/portal\/index.php?rest_route=\/wp\/v2\/posts\/141219\/revisions"}],"wp:featuredmedia":[{"embeddable":true,"href":"https:\/\/aconteceunovale.com.br\/portal\/index.php?rest_route=\/wp\/v2\/media\/141220"}],"wp:attachment":[{"href":"https:\/\/aconteceunovale.com.br\/portal\/index.php?rest_route=%2Fwp%2Fv2%2Fmedia&parent=141219"}],"wp:term":[{"taxonomy":"category","embeddable":true,"href":"https:\/\/aconteceunovale.com.br\/portal\/index.php?rest_route=%2Fwp%2Fv2%2Fcategories&post=141219"},{"taxonomy":"post_tag","embeddable":true,"href":"https:\/\/aconteceunovale.com.br\/portal\/index.php?rest_route=%2Fwp%2Fv2%2Ftags&post=141219"}],"curies":[{"name":"wp","href":"https:\/\/api.w.org\/{rel}","templated":true}]}}