{"id":140999,"date":"2018-12-19T20:11:42","date_gmt":"2018-12-19T22:11:42","guid":{"rendered":"http:\/\/aconteceunovale.com.br\/portal\/?p=140999"},"modified":"2018-12-20T00:52:45","modified_gmt":"2018-12-20T02:52:45","slug":"presidente-do-stf-derruba-decisao-que-mandou-soltar-condenados-em-2a-instancia","status":"publish","type":"post","link":"https:\/\/aconteceunovale.com.br\/portal\/?p=140999","title":{"rendered":"Presidente do STF derruba decis\u00e3o que mandou soltar condenados em 2\u00aa inst\u00e2ncia"},"content":{"rendered":"<p>O presidente do Supremo Tribunal Federal (STF), ministro Dias Toffoli, suspendeu h\u00e1 pouco, no in\u00edcio da noite desta quarta-feira (19\/12\/2018), a decis\u00e3o do ministro Marco Aur\u00e9lio que determinou a soltura de todos os presos que tiveram a condena\u00e7\u00e3o confirmada pela segunda inst\u00e2ncia da Justi\u00e7a. <\/p>\n<p>O ministro atendeu a um pedido de suspens\u00e3o liminar feito pela procuradora-geral da Rep\u00fablica, Raquel Dodge. <\/p>\n<p>Com a decis\u00e3o, a liminar (decis\u00e3o provis\u00f3ria) de Toffoli ter\u00e1 validade at\u00e9 o dia 10 de abril de 2019, quando o plen\u00e1rio do STF deve julgar novamente a quest\u00e3o da validade da pris\u00e3o ap\u00f3s o fim dos recursos na segunda inst\u00e2ncia.<\/p>\n<p>O julgamento foi marcado antes da decis\u00e3o de hoje (19) do ministro Marco Aur\u00e9lio. <\/p>\n<p>Ao justificar a suspens\u00e3o da decis\u00e3o, Toffoli disse que Marco Aur\u00e9lio contrariou &#8220;decis\u00e3o soberana&#8221; do plen\u00e1rio que, em 2016, autorizou a pris\u00e3o ap\u00f3s segunda inst\u00e2ncia. &#8220;A decis\u00e3o j\u00e1 tomada pela maioria dos membros da Corte deve ser prestigiada pela presid\u00eancia&#8221;, decidiu Toffoli. <\/p>\n<p>O entendimento atual do Supremo permite a pris\u00e3o ap\u00f3s condena\u00e7\u00e3o em segunda inst\u00e2ncia, mesmo que ainda seja poss\u00edvel recorrer a inst\u00e2ncias superiores. Essa compreens\u00e3o foi estabelecida em 2016 de modo provis\u00f3rio, com apertado placar de 6 a 5. Na ocasi\u00e3o, foi modificada jurisprud\u00eancia que vinha sendo adotada desde 2009. <\/p>\n<p>O assunto voltar\u00e1 ao plen\u00e1rio da Corte, em 2019, quando os ministros ir\u00e3o analisar o m\u00e9rito da quest\u00e3o.<\/p>\n<p><strong>VER PRIMEIRO<\/strong><\/p>\n<p>Receba as not\u00edcias do Aconteceu no Vale em primeira m\u00e3o. Clique em curtir no endere\u00e7o <a href=\"https:\/\/www.facebook.com\/aconteceunovale\" target=\"_blank\"><font color=\"red\">www.facebook.com\/aconteceunovale<\/font><\/a> ou no box abaixo:<\/p>\n<div class=\"fb-like\" data-href=\"https:\/\/www.facebook.com\/aconteceunovale\" data-width=\"120\" data-layout=\"standard\" data-action=\"like\" data-size=\"small\" data-show-faces=\"true\" data-share=\"true\"><\/div>\n<p><\/br><\/p>\n<p><em>(Fonte: Ag\u00eancia Brasil)<\/em><\/p>\n","protected":false},"excerpt":{"rendered":"<p>O presidente do Supremo Tribunal Federal (STF), ministro Dias Toffoli, suspendeu h\u00e1 pouco, no in\u00edcio da noite desta quarta-feira (19\/12\/2018), a decis\u00e3o do ministro Marco Aur\u00e9lio que determinou a soltura de todos os presos que tiveram a condena\u00e7\u00e3o confirmada pela segunda inst\u00e2ncia da Justi\u00e7a. O ministro atendeu a um pedido de suspens\u00e3o liminar feito pela [&hellip;]<\/p>\n","protected":false},"author":1,"featured_media":135993,"comment_status":"open","ping_status":"closed","sticky":false,"template":"","format":"standard","meta":{"amp_status":"","footnotes":""},"categories":[6,40240],"tags":[189960,189958,189961,1018,44728,82255,27144,14124,7147,119495,189979,119499,18095,20966,772,189977,189978,189976,189959,28511,28510,189975,27179],"class_list":["post-140999","post","type-post","status-publish","format-standard","has-post-thumbnail","hentry","category-br","category-politica-2","tag-condenacao-em-2a-instancia","tag-condenados-em-2a-instancia","tag-decisao-pode-beneficiar-ex-presidente-lula","tag-destaque","tag-ex-presidente-luiz-inacio-lula-da-silva","tag-ex-presidente-lula","tag-lava-jato","tag-luiz-inacio-lula-da-silva","tag-lula","tag-marco-aurelio-mello","tag-ministro-dias-toffoli","tag-ministro-marco-aurelio-mello","tag-operacao-lava-jato","tag-pf","tag-policia-federal","tag-presidente-do-stf-derruba-decisao-que-mandou-soltar-condenados-em-2a-instancia","tag-presidente-do-supremo-derruba-decisao-que-mandou-soltar-condenados-em-2a-instancia","tag-presos-em-2a-instancia","tag-soltura-de-condenados-em-2a-instancia","tag-stf","tag-supremo-tribunal-federal","tag-toffoli","tag-trf4"],"_links":{"self":[{"href":"https:\/\/aconteceunovale.com.br\/portal\/index.php?rest_route=\/wp\/v2\/posts\/140999","targetHints":{"allow":["GET"]}}],"collection":[{"href":"https:\/\/aconteceunovale.com.br\/portal\/index.php?rest_route=\/wp\/v2\/posts"}],"about":[{"href":"https:\/\/aconteceunovale.com.br\/portal\/index.php?rest_route=\/wp\/v2\/types\/post"}],"author":[{"embeddable":true,"href":"https:\/\/aconteceunovale.com.br\/portal\/index.php?rest_route=\/wp\/v2\/users\/1"}],"replies":[{"embeddable":true,"href":"https:\/\/aconteceunovale.com.br\/portal\/index.php?rest_route=%2Fwp%2Fv2%2Fcomments&post=140999"}],"version-history":[{"count":0,"href":"https:\/\/aconteceunovale.com.br\/portal\/index.php?rest_route=\/wp\/v2\/posts\/140999\/revisions"}],"wp:featuredmedia":[{"embeddable":true,"href":"https:\/\/aconteceunovale.com.br\/portal\/index.php?rest_route=\/wp\/v2\/media\/135993"}],"wp:attachment":[{"href":"https:\/\/aconteceunovale.com.br\/portal\/index.php?rest_route=%2Fwp%2Fv2%2Fmedia&parent=140999"}],"wp:term":[{"taxonomy":"category","embeddable":true,"href":"https:\/\/aconteceunovale.com.br\/portal\/index.php?rest_route=%2Fwp%2Fv2%2Fcategories&post=140999"},{"taxonomy":"post_tag","embeddable":true,"href":"https:\/\/aconteceunovale.com.br\/portal\/index.php?rest_route=%2Fwp%2Fv2%2Ftags&post=140999"}],"curies":[{"name":"wp","href":"https:\/\/api.w.org\/{rel}","templated":true}]}}