{"id":140996,"date":"2018-12-19T20:03:34","date_gmt":"2018-12-19T22:03:34","guid":{"rendered":"http:\/\/aconteceunovale.com.br\/portal\/?p=140996"},"modified":"2018-12-19T20:03:34","modified_gmt":"2018-12-19T22:03:34","slug":"prefeito-presidente-da-camara-e-funcionario-publico-sofrem-acidente-em-turmalina","status":"publish","type":"post","link":"https:\/\/aconteceunovale.com.br\/portal\/?p=140996","title":{"rendered":"Prefeito, presidente da C\u00e2mara e funcion\u00e1rio p\u00fablico sofrem acidente em Turmalina"},"content":{"rendered":"<p>O prefeito de Turmalina, Carlinhos Barbosa Xavier (Carlinhos Barbosa), o presidente da C\u00e2mara de Vereadores, Warlen Francisco da Silva (Warlen da Mercearia), e um funcion\u00e1rio p\u00fablico municipal, identificado como Ilton Alves (conhecido como Sar\u00fa), foram socorridos ao Hospital S\u00e3o Vicente de Paula ap\u00f3s um acidente na tarde desta quarta-feira (19\/12\/2018), no bairro Nova Turmalina. O ve\u00edculo em que eles estavam colidiu contra outro autom\u00f3vel, por volta das 13h20.<\/p>\n<p>Segundo informa\u00e7\u00f5es de um m\u00e9dico da unidade hospitalar, o vereador Warlen deu entrada no hospital com suspeita de fratura na costela direita. O prefeito Carlinhos Barbosa reclamava de dores na coluna cervical e de dorm\u00eancia nas m\u00e3os. J\u00e1 a v\u00edtima Ilton disse estar com dor de cabe\u00e7a. O profissional da sa\u00fade afirmou tamb\u00e9m que o estado dos tr\u00eas pacientes \u00e9 est\u00e1vel.<\/p>\n<p>As causas do acidente ser\u00e3o apuradas pelas autoridades locais.<\/p>\n<p><img decoding=\"async\" src=\"http:\/\/aconteceunovale.com.br\/portal\/wp-content\/uploads\/2018\/12\/acidente_carlinhos_barbosa.jpeg\" alt=\"\" \/><em>Acidente aconteceu no bairro Nova Turmalina (Foto: Reprodu\u00e7\u00e3o\/Conex\u00e3o Minas)<\/em><br \/>\n<\/br><\/p>\n<p><strong>VER PRIMEIRO<\/strong><\/p>\n<p>Receba as not\u00edcias do Aconteceu no Vale em primeira m\u00e3o. Clique em curtir no endere\u00e7o <a href=\"https:\/\/www.facebook.com\/aconteceunovale\" target=\"_blank\"><font color=\"red\">www.facebook.com\/aconteceunovale<\/font><\/a> ou no box abaixo:<\/p>\n<div class=\"fb-like\" data-href=\"https:\/\/www.facebook.com\/aconteceunovale\" data-width=\"120\" data-layout=\"standard\" data-action=\"like\" data-size=\"small\" data-show-faces=\"true\" data-share=\"true\"><\/div>\n<p><\/br><\/p>\n<p><em>(Reda\u00e7\u00e3o do Aconteceu no Vale com informa\u00e7\u00f5es do Conex\u00e3o Minas)<\/em><\/p>\n","protected":false},"excerpt":{"rendered":"<p>O prefeito de Turmalina, Carlinhos Barbosa Xavier (Carlinhos Barbosa), o presidente da C\u00e2mara de Vereadores, Warlen Francisco da Silva (Warlen da Mercearia), e um funcion\u00e1rio p\u00fablico municipal, identificado como Ilton Alves (conhecido como Sar\u00fa), foram socorridos ao Hospital S\u00e3o Vicente de Paula ap\u00f3s um acidente na tarde desta quarta-feira (19\/12\/2018), no bairro Nova Turmalina. O [&hellip;]<\/p>\n","protected":false},"author":1,"featured_media":140997,"comment_status":"open","ping_status":"closed","sticky":false,"template":"","format":"standard","meta":{"amp_status":"","footnotes":""},"categories":[120],"tags":[189970,189967,189971,189968,189965,13247,189964,189974,739,189972,189969,189966,1018,67612,189963,189973,139280,139281],"class_list":["post-140996","post","type-post","status-publish","format-standard","has-post-thumbnail","hentry","category-jequi","tag-acidente-carlinhos-barbosa","tag-acidente-carlinhos-barbosa-xavier","tag-acidente-carro-carlinhos-barbosa","tag-acidente-carro-carlinhos-barbosa-xavier","tag-acidente-com-carro-do-prefeito-de-turmalina","tag-acidente-em-turmalina","tag-acidente-prefeito-de-turmalina","tag-acidente-presidente-da-camara-de-vereadores-de-turmalina","tag-acidente-turmalina","tag-acidente-warlen-da-mercearia","tag-carlinhos-barbosa","tag-carlinhos-barbosa-xavier","tag-destaque","tag-prefeito-de-turmalina","tag-prefeito-presidente-da-camara-e-funcionario-publico-sofrem-acidente-em-turmalina","tag-presidente-da-camara-de-vereadores-de-turmalina","tag-warlen-da-mercearia","tag-warlen-francisco-da-silva"],"_links":{"self":[{"href":"https:\/\/aconteceunovale.com.br\/portal\/index.php?rest_route=\/wp\/v2\/posts\/140996","targetHints":{"allow":["GET"]}}],"collection":[{"href":"https:\/\/aconteceunovale.com.br\/portal\/index.php?rest_route=\/wp\/v2\/posts"}],"about":[{"href":"https:\/\/aconteceunovale.com.br\/portal\/index.php?rest_route=\/wp\/v2\/types\/post"}],"author":[{"embeddable":true,"href":"https:\/\/aconteceunovale.com.br\/portal\/index.php?rest_route=\/wp\/v2\/users\/1"}],"replies":[{"embeddable":true,"href":"https:\/\/aconteceunovale.com.br\/portal\/index.php?rest_route=%2Fwp%2Fv2%2Fcomments&post=140996"}],"version-history":[{"count":0,"href":"https:\/\/aconteceunovale.com.br\/portal\/index.php?rest_route=\/wp\/v2\/posts\/140996\/revisions"}],"wp:featuredmedia":[{"embeddable":true,"href":"https:\/\/aconteceunovale.com.br\/portal\/index.php?rest_route=\/wp\/v2\/media\/140997"}],"wp:attachment":[{"href":"https:\/\/aconteceunovale.com.br\/portal\/index.php?rest_route=%2Fwp%2Fv2%2Fmedia&parent=140996"}],"wp:term":[{"taxonomy":"category","embeddable":true,"href":"https:\/\/aconteceunovale.com.br\/portal\/index.php?rest_route=%2Fwp%2Fv2%2Fcategories&post=140996"},{"taxonomy":"post_tag","embeddable":true,"href":"https:\/\/aconteceunovale.com.br\/portal\/index.php?rest_route=%2Fwp%2Fv2%2Ftags&post=140996"}],"curies":[{"name":"wp","href":"https:\/\/api.w.org\/{rel}","templated":true}]}}