{"id":140990,"date":"2018-12-19T15:08:56","date_gmt":"2018-12-19T17:08:56","guid":{"rendered":"http:\/\/aconteceunovale.com.br\/portal\/?p=140990"},"modified":"2018-12-19T16:55:24","modified_gmt":"2018-12-19T18:55:24","slug":"marco-aurelio-determina-soltura-de-condenados-em-2a-instancia-decisao-pode-beneficiar-ex-presidente-lula","status":"publish","type":"post","link":"https:\/\/aconteceunovale.com.br\/portal\/?p=140990","title":{"rendered":"Marco Aur\u00e9lio determina soltura de condenados em 2\u00aa inst\u00e2ncia; decis\u00e3o pode beneficiar ex-presidente Lula"},"content":{"rendered":"<p>O ministro Marco Aur\u00e9lio Mello, do Supremo Tribunal Federal (STF), proferiu hoje (19\/12\/2018) uma liminar (decis\u00e3o provis\u00f3ria) determinando a soltura de todos os presos que tiveram a condena\u00e7\u00e3o confirmada pela segunda inst\u00e2ncia da Justi\u00e7a.<\/p>\n<p>A decis\u00e3o foi proferida em uma das tr\u00eas a\u00e7\u00f5es declarat\u00f3rias de constitucionalidade (ADC\u00b4s) relatadas por Marco Aur\u00e9lio sobre o assunto. O pedido de liminar havia sido feito pelo PCdoB. <\/p>\n<p>Na decis\u00e3o, o ministro resolveu \u201cdeterminar a suspens\u00e3o de execu\u00e7\u00e3o de pena cuja decis\u00e3o a encerr\u00e1-la ainda n\u00e3o haja transitado em julgado, bem assim a liberta\u00e7\u00e3o daqueles que tenham sido presos&#8221;. Isso significa que se possuir algum recurso ainda pass\u00edvel de an\u00e1lise em inst\u00e2ncias superiores, como o Superior Tribunal de Justi\u00e7a (STJ) ou o pr\u00f3prio STF, o condenado pode solicitar sua soltura. Marco Aur\u00e9lio ressalvou, por\u00e9m, que aqueles que se enquadrem nos crit\u00e9rios de pris\u00e3o preventiva previstos no C\u00f3digo de Processo Penal devem permanecer presos. <\/p>\n<p>A liminar pode beneficiar diversos presos pelo pa\u00eds, entre eles o ex-presidente Luiz In\u00e1cio Lula da Silva, preso desde 7 de abril na Superintend\u00eancia da Pol\u00edcia Federal do Paran\u00e1. Condenado por corrup\u00e7\u00e3o e lavagem de dinheiro no \u00e2mbito da Lava Jato, no caso do triplex, Lula teve sua condena\u00e7\u00e3o confirmada pelo Tribunal Regional Federal da 4\u00aa Regi\u00e3o (TRF4), segunda inst\u00e2ncia da Justi\u00e7a Federal, com sede em Porto Alegre.<\/p>\n<p>Poucos minutos ap\u00f3s a decis\u00e3o de Marco Aur\u00e9lio, a defesa de Lula entrou com pedido na Vara de Execu\u00e7\u00f5es Penais (VEP) respons\u00e1vel pela pris\u00e3o do ex-presidente, solicitando sua imediata soltura.<\/p>\n<p>Ap\u00f3s a divulga\u00e7\u00e3o da liminar, a PGR informou j\u00e1 estudar um recurso contra a decis\u00e3o. Nesse caso, o pedido deve ser encaminhado diretamente para a presid\u00eancia do STF. <\/p>\n<p><img decoding=\"async\" src=\"http:\/\/aconteceunovale.com.br\/portal\/wp-content\/uploads\/2018\/12\/ministro_marco_aurelio.jpg\" alt=\"\" \/><em>Ministro Marco Aur\u00e9lio Mello (Foto: Ant\u00f4nio Cruz\/Ag\u00eancia Brasil)<\/em><br \/>\n<\/br><\/p>\n<p><strong>Julgamento<\/strong><\/p>\n<p>O julgamento sobre o tema foi marcado nesta semana pelo presidente do STF, ministro Dias Toffoli, para 10 de abril de 2019. Marco Aur\u00e9lio, entretanto, afirmou que liberou o processo para julgamento desde 19 de abril deste ano, e que a mat\u00e9ria n\u00e3o poderia aguardar at\u00e9 o ano que vem.<\/p>\n<p>O ministro justificou sua decis\u00e3o \u201ctendo em vista a impossibilidade de imediato enfrentamento da mat\u00e9ria pelo Colegiado [plen\u00e1rio] em virtude do encerramento do segundo semestre judici\u00e1rio de 2018 e, via de consequ\u00eancia, do in\u00edcio do per\u00edodo de recesso\u201d. Ele acrescentou que \u201cest\u00e1-se diante de quadro a exigir pronta atua\u00e7\u00e3o\u201d. Ele acrescentou estar pronto para julgar o assunto em plen\u00e1rio em 1\u00ba de fevereiro.<\/p>\n<p>Entre seus argumentos, Marco Aur\u00e9lio citou o Artigo 5\u00ba da Constitui\u00e7\u00e3o, segundo o qual \u201cningu\u00e9m ser\u00e1 considerado culpado at\u00e9 o tr\u00e2nsito em julgado de senten\u00e7a penal condenat\u00f3ria\u201d. Na vis\u00e3o do ministro, isso significa que enquanto houver possibilidade da concess\u00e3o de algum recurso, ningu\u00e9m deve come\u00e7ar a cumprir pena. \u201cA literalidade do preceito n\u00e3o deixa margem para d\u00favidas\u201d, afirmou.<\/p>\n<p>\u201cAo tomar posse neste Tribunal, h\u00e1 28 anos, jurei cumprir a Constitui\u00e7\u00e3o Federal, observar as leis do pa\u00eds, e n\u00e3o a me curvar a pronunciamento que, diga-se, n\u00e3o tem efeito vinculante. De qualquer forma, est\u00e1-se no Supremo, \u00faltima trincheira da Cidadania, se \u00e9 que continua sendo\u201d, escreveu o ministro.<\/p>\n<p><strong>2\u00aa inst\u00e2ncia<\/strong><\/p>\n<p>O entendimento atual do Supremo permite a pris\u00e3o ap\u00f3s condena\u00e7\u00e3o em segunda inst\u00e2ncia, mesmo que ainda seja poss\u00edvel recorrer a inst\u00e2ncias superiores. Essa compreens\u00e3o foi estabelecida em 2016 de modo provis\u00f3rio, com apertado placar de 6 a 5. Na ocasi\u00e3o, foi modificada jurisprud\u00eancia que vinha sendo adotada desde 2009.<\/p>\n<p>Quando o tema retornar ao plen\u00e1rio, \u00e9 poss\u00edvel que o quadro mude, uma vez que houve a substitui\u00e7\u00e3o de um integrante do STF \u2013 Alexandre de Moraes entrou no lugar de Teori Zavascki \u2013 e porque alguns ministros j\u00e1 declararam ter mudado de posi\u00e7\u00e3o, como Gilmar Mendes, por exemplo.<\/p>\n<p>O plen\u00e1rio do STF n\u00e3o tomou decis\u00e3o em definitivo, numa a\u00e7\u00e3o de controle constitucional, sobre o m\u00e9rito da quest\u00e3o. O assunto \u00e9 pol\u00eamico no meio jur\u00eddico, sendo alvo de questionamento, por exemplo, da Ordem dos Advogados do Brasil (OAB).<\/p>\n<p>Para a entidade representativa dos advogados, a pris\u00e3o em segunda inst\u00e2ncia n\u00e3o poderia ocorrer por entrar em conflito com a presun\u00e7\u00e3o de inoc\u00eancia, que deveria durar at\u00e9 o tr\u00e2nsito em julgado das a\u00e7\u00f5es penais \u2013 quando n\u00e3o \u00e9 mais poss\u00edvel recorrer a inst\u00e2ncias superiores.<\/p>\n<p><strong>VER PRIMEIRO<\/strong><\/p>\n<p>Receba as not\u00edcias do Aconteceu no Vale em primeira m\u00e3o. Clique em curtir no endere\u00e7o <a href=\"https:\/\/www.facebook.com\/aconteceunovale\" target=\"_blank\"><font color=\"red\">www.facebook.com\/aconteceunovale<\/font><\/a> ou no box abaixo:<\/p>\n<div class=\"fb-like\" data-href=\"https:\/\/www.facebook.com\/aconteceunovale\" data-width=\"120\" data-layout=\"standard\" data-action=\"like\" data-size=\"small\" data-show-faces=\"true\" data-share=\"true\"><\/div>\n<p><\/br><\/p>\n<p><em>(Fonte: Ag\u00eancia Brasil)<\/em><\/p>\n","protected":false},"excerpt":{"rendered":"<p>O ministro Marco Aur\u00e9lio Mello, do Supremo Tribunal Federal (STF), proferiu hoje (19\/12\/2018) uma liminar (decis\u00e3o provis\u00f3ria) determinando a soltura de todos os presos que tiveram a condena\u00e7\u00e3o confirmada pela segunda inst\u00e2ncia da Justi\u00e7a. A decis\u00e3o foi proferida em uma das tr\u00eas a\u00e7\u00f5es declarat\u00f3rias de constitucionalidade (ADC\u00b4s) relatadas por Marco Aur\u00e9lio sobre o assunto. O [&hellip;]<\/p>\n","protected":false},"author":1,"featured_media":140991,"comment_status":"open","ping_status":"closed","sticky":false,"template":"","format":"standard","meta":{"amp_status":"","footnotes":""},"categories":[6,40240],"tags":[189960,189958,189961,1018,44728,82255,27144,14124,7147,119495,119499,18095,20966,772,189959,28511,28510,27179],"class_list":["post-140990","post","type-post","status-publish","format-standard","has-post-thumbnail","hentry","category-br","category-politica-2","tag-condenacao-em-2a-instancia","tag-condenados-em-2a-instancia","tag-decisao-pode-beneficiar-ex-presidente-lula","tag-destaque","tag-ex-presidente-luiz-inacio-lula-da-silva","tag-ex-presidente-lula","tag-lava-jato","tag-luiz-inacio-lula-da-silva","tag-lula","tag-marco-aurelio-mello","tag-ministro-marco-aurelio-mello","tag-operacao-lava-jato","tag-pf","tag-policia-federal","tag-soltura-de-condenados-em-2a-instancia","tag-stf","tag-supremo-tribunal-federal","tag-trf4"],"_links":{"self":[{"href":"https:\/\/aconteceunovale.com.br\/portal\/index.php?rest_route=\/wp\/v2\/posts\/140990","targetHints":{"allow":["GET"]}}],"collection":[{"href":"https:\/\/aconteceunovale.com.br\/portal\/index.php?rest_route=\/wp\/v2\/posts"}],"about":[{"href":"https:\/\/aconteceunovale.com.br\/portal\/index.php?rest_route=\/wp\/v2\/types\/post"}],"author":[{"embeddable":true,"href":"https:\/\/aconteceunovale.com.br\/portal\/index.php?rest_route=\/wp\/v2\/users\/1"}],"replies":[{"embeddable":true,"href":"https:\/\/aconteceunovale.com.br\/portal\/index.php?rest_route=%2Fwp%2Fv2%2Fcomments&post=140990"}],"version-history":[{"count":0,"href":"https:\/\/aconteceunovale.com.br\/portal\/index.php?rest_route=\/wp\/v2\/posts\/140990\/revisions"}],"wp:featuredmedia":[{"embeddable":true,"href":"https:\/\/aconteceunovale.com.br\/portal\/index.php?rest_route=\/wp\/v2\/media\/140991"}],"wp:attachment":[{"href":"https:\/\/aconteceunovale.com.br\/portal\/index.php?rest_route=%2Fwp%2Fv2%2Fmedia&parent=140990"}],"wp:term":[{"taxonomy":"category","embeddable":true,"href":"https:\/\/aconteceunovale.com.br\/portal\/index.php?rest_route=%2Fwp%2Fv2%2Fcategories&post=140990"},{"taxonomy":"post_tag","embeddable":true,"href":"https:\/\/aconteceunovale.com.br\/portal\/index.php?rest_route=%2Fwp%2Fv2%2Ftags&post=140990"}],"curies":[{"name":"wp","href":"https:\/\/api.w.org\/{rel}","templated":true}]}}