{"id":140986,"date":"2018-12-19T12:23:48","date_gmt":"2018-12-19T14:23:48","guid":{"rendered":"http:\/\/aconteceunovale.com.br\/portal\/?p=140986"},"modified":"2018-12-19T12:23:48","modified_gmt":"2018-12-19T14:23:48","slug":"acidente-com-carreta-deixa-uma-pessoa-morta-e-tres-feridas-na-br-381-no-leste-de-minas","status":"publish","type":"post","link":"https:\/\/aconteceunovale.com.br\/portal\/?p=140986","title":{"rendered":"Acidente com carreta deixa uma pessoa morta e tr\u00eas feridas na BR-381, no Leste de Minas"},"content":{"rendered":"<p>Uma pessoa morreu e outras tr\u00eas ficaram feridas em um acidente com uma carreta na madrugada desta quarta-feira (19\/12\/2018) na altura do km 212 da BR-381, munic\u00edpio de Naque, no Leste de Minas Gerais. Segundo informa\u00e7\u00f5es do Corpo de Bombeiros, o caminhoneiro perdeu o controle da dire\u00e7\u00e3o do ve\u00edculo, licenciado em Jo\u00e3o Monlevade, ap\u00f3s uma curva e tombou \u00e0s margens da rodovia no sentido Governador Valadares.<\/p>\n<p>Ainda de acordo com os militares, a v\u00edtima fatal, identificada como Ana Cristina Matias Teixeira, de 26 anos, que era noiva do motorista, ficou presa \u00e0s ferragens e morreu no local. As outras v\u00edtimas, identificadas como Heloisa de C\u00e1ssia Matias Teixeira, de 24 anos, Carolina Braga Teixeira, de 20, e o caminhoneiro Get\u00falio Vit\u00f3ria Souza de Oliveira, de 27, foram encaminhadas ao Hospital M\u00e1rcio Cunha, em Ipatinga, com ferimentos variados.<\/p>\n<p>A carreta transportava vidro e estilha\u00e7os ficaram espalhados pela pista, que precisou ser interditada por cerca de duas horas para limpeza.<\/p>\n<p>Ap\u00f3s trabalho da per\u00edcia, o corpo da mulher foi encaminhado para o Instituto M\u00e9dico Legal (IML) de Ipatinga. As causas do acidente ser\u00e3o apuradas pelas autoridades locais.<\/p>\n<p><img decoding=\"async\" src=\"http:\/\/aconteceunovale.com.br\/portal\/wp-content\/uploads\/2018\/12\/acidente_br381_1.jpg\" alt=\"\" \/><em>Acidente aconteceu na BR-381 \u2014 Foto: Corpo de Bombeiros\/Divulga\u00e7\u00e3o<\/em><br \/>\n<\/br><\/p>\n<p><img decoding=\"async\" src=\"http:\/\/aconteceunovale.com.br\/portal\/wp-content\/uploads\/2018\/12\/acidente_br381_2.jpg\" alt=\"\" \/><em>Acidente aconteceu na BR-381 \u2014 Foto: Corpo de Bombeiros\/Divulga\u00e7\u00e3o<\/em><br \/>\n<\/br><\/p>\n<p><strong>VER PRIMEIRO<\/strong><\/p>\n<p>Receba as not\u00edcias do Aconteceu no Vale em primeira m\u00e3o. Clique em curtir no endere\u00e7o <a href=\"https:\/\/www.facebook.com\/aconteceunovale\" target=\"_blank\"><font color=\"red\">www.facebook.com\/aconteceunovale<\/font><\/a> ou no box abaixo:<\/p>\n<div class=\"fb-like\" data-href=\"https:\/\/www.facebook.com\/aconteceunovale\" data-width=\"120\" data-layout=\"standard\" data-action=\"like\" data-size=\"small\" data-show-faces=\"true\" data-share=\"true\"><\/div>\n<p><\/br><\/p>\n<p><em>(Com G1 Vales e Corpo de Bombeiros)<\/em><\/p>\n","protected":false},"excerpt":{"rendered":"<p>Uma pessoa morreu e outras tr\u00eas ficaram feridas em um acidente com uma carreta na madrugada desta quarta-feira (19\/12\/2018) na altura do km 212 da BR-381, munic\u00edpio de Naque, no Leste de Minas Gerais. Segundo informa\u00e7\u00f5es do Corpo de Bombeiros, o caminhoneiro perdeu o controle da dire\u00e7\u00e3o do ve\u00edculo, licenciado em Jo\u00e3o Monlevade, ap\u00f3s uma [&hellip;]<\/p>\n","protected":false},"author":1,"featured_media":140988,"comment_status":"open","ping_status":"closed","sticky":false,"template":"","format":"standard","meta":{"amp_status":"","footnotes":""},"categories":[121],"tags":[189950,189951,189949,189956,189957,131824,43883,52525,8237,131825,189952,1397,189953,1018,189955,247,189954,201,1102,50751],"class_list":["post-140986","post","type-post","status-publish","format-standard","has-post-thumbnail","hentry","category-leste","tag-acidente-com-carga-de-vidro-na-br-381","tag-acidente-com-carreta-de-joao-monlevade-na-br-381","tag-acidente-com-carreta-de-vidro-na-br-381","tag-acidente-com-carreta-deixa-uma-pessoa-morta-e-tres-feridas-na-br-381","tag-acidente-com-carreta-deixa-uma-pessoa-morta-e-tres-feridas-na-br-381-no-leste-de-minas","tag-acidente-em-naque","tag-acidente-em-periquito","tag-acidente-na-br-381-em-periquito","tag-acidente-na-br-381","tag-acidente-na-br-381-em-naque","tag-ana-cristina-matias-teixeira","tag-br-381","tag-carolina-braga-teixeira","tag-destaque","tag-getulio-vitoria-souza-de-oliveira","tag-governador-valadares","tag-heloisa-de-cassia-matias-teixeira","tag-ipatinga","tag-joao-monlevade","tag-no-leste-de-minas"],"_links":{"self":[{"href":"https:\/\/aconteceunovale.com.br\/portal\/index.php?rest_route=\/wp\/v2\/posts\/140986","targetHints":{"allow":["GET"]}}],"collection":[{"href":"https:\/\/aconteceunovale.com.br\/portal\/index.php?rest_route=\/wp\/v2\/posts"}],"about":[{"href":"https:\/\/aconteceunovale.com.br\/portal\/index.php?rest_route=\/wp\/v2\/types\/post"}],"author":[{"embeddable":true,"href":"https:\/\/aconteceunovale.com.br\/portal\/index.php?rest_route=\/wp\/v2\/users\/1"}],"replies":[{"embeddable":true,"href":"https:\/\/aconteceunovale.com.br\/portal\/index.php?rest_route=%2Fwp%2Fv2%2Fcomments&post=140986"}],"version-history":[{"count":0,"href":"https:\/\/aconteceunovale.com.br\/portal\/index.php?rest_route=\/wp\/v2\/posts\/140986\/revisions"}],"wp:featuredmedia":[{"embeddable":true,"href":"https:\/\/aconteceunovale.com.br\/portal\/index.php?rest_route=\/wp\/v2\/media\/140988"}],"wp:attachment":[{"href":"https:\/\/aconteceunovale.com.br\/portal\/index.php?rest_route=%2Fwp%2Fv2%2Fmedia&parent=140986"}],"wp:term":[{"taxonomy":"category","embeddable":true,"href":"https:\/\/aconteceunovale.com.br\/portal\/index.php?rest_route=%2Fwp%2Fv2%2Fcategories&post=140986"},{"taxonomy":"post_tag","embeddable":true,"href":"https:\/\/aconteceunovale.com.br\/portal\/index.php?rest_route=%2Fwp%2Fv2%2Ftags&post=140986"}],"curies":[{"name":"wp","href":"https:\/\/api.w.org\/{rel}","templated":true}]}}