{"id":140978,"date":"2018-12-19T11:29:04","date_gmt":"2018-12-19T13:29:04","guid":{"rendered":"http:\/\/aconteceunovale.com.br\/portal\/?p=140978"},"modified":"2018-12-19T19:41:05","modified_gmt":"2018-12-19T21:41:05","slug":"colisao-entre-carro-e-caminhao-deixa-uma-pessoa-morta-proximo-a-turmalina-no-vale-do-jequitinhonha","status":"publish","type":"post","link":"https:\/\/aconteceunovale.com.br\/portal\/?p=140978","title":{"rendered":"Colis\u00e3o entre carro e caminh\u00e3o deixa uma pessoa morta pr\u00f3ximo a Turmalina, no Vale do Jequitinhonha"},"content":{"rendered":"<p>Uma pessoa morreu em um grave acidente na madrugada desta quarta-feira (19\/12\/2018) na MGC-367, pr\u00f3ximo ao Posto Vicente Francisco, no trecho entre Turmalina e Diamantina, no Vale do Jequitinhonha. Informa\u00e7\u00f5es iniciais repassadas ao Aconteceu no Vale indicam que um Fiat P\u00e1lio, com cinco ocupantes, colidiu contra a traseira de um caminh\u00e3o que estava parado na pista de rolamento. <\/p>\n<p>Com o forte impacto, uma das ocupantes do autom\u00f3vel, uma adolescente de 15 anos, ficou gravemente ferida. Ela chegou a ser atendida pela equipe de socorro do Servi\u00e7o de Atendimento M\u00f3vel de Urg\u00eancia (SAMU), mas n\u00e3o resistiu e veio a \u00f3bito. <\/p>\n<p>Os outros quatro ocupantes do carro, que seguia em dire\u00e7\u00e3o a Veredinha\/MG, na mesma regi\u00e3o, foram socorridos pelo Samu ao Hospital S\u00e3o Vicente de Paula, em Turmalina. Devido \u00e0 gravidade dos ferimentos, uma das v\u00edtimas foi transferida para Diamantina. O estado de sa\u00fade dos outros tr\u00eas feridos n\u00e3o foi divulgado.<\/p>\n<p>A Pol\u00edcia Militar Rodovi\u00e1ria (PMRV) e a Per\u00edcia T\u00e9cnica da Pol\u00edcia Civil foram acionadas para registro da ocorr\u00eancia e in\u00edcio das investiga\u00e7\u00f5es. A suspeita inicial \u00e9 de que o caminh\u00e3o tenha apresentado algum problema mec\u00e2nico e estava parado, ocupando parte da pista, sem a devida sinaliza\u00e7\u00e3o.<\/p>\n<p><img decoding=\"async\" src=\"http:\/\/aconteceunovale.com.br\/portal\/wp-content\/uploads\/2018\/12\/acidente_turmalina_1.jpg\" alt=\"\" \/><em>(Foto: Reprodu\u00e7\u00e3o\/WhatsApp)<\/em><br \/>\n<\/br><\/p>\n<p><img decoding=\"async\" src=\"http:\/\/aconteceunovale.com.br\/portal\/wp-content\/uploads\/2018\/12\/acidente_turmalina_3.jpg\" alt=\"\" \/><em>(Foto: Reprodu\u00e7\u00e3o\/WhatsApp)<\/em><br \/>\n<\/br><\/p>\n<p><img decoding=\"async\" src=\"http:\/\/aconteceunovale.com.br\/portal\/wp-content\/uploads\/2018\/12\/acidente_turmalina_2.jpg\" alt=\"\" \/><em>(Foto: Reprodu\u00e7\u00e3o\/WhatsApp)<\/em><br \/>\n<\/br><\/p>\n<p><strong>VER PRIMEIRO<\/strong><\/p>\n<p>Receba as not\u00edcias do Aconteceu no Vale em primeira m\u00e3o. Clique em curtir no endere\u00e7o <a href=\"https:\/\/www.facebook.com\/aconteceunovale\" target=\"_blank\"><font color=\"red\">www.facebook.com\/aconteceunovale<\/font><\/a> ou no box abaixo:<\/p>\n<div class=\"fb-like\" data-href=\"https:\/\/www.facebook.com\/aconteceunovale\" data-width=\"120\" data-layout=\"standard\" data-action=\"like\" data-size=\"small\" data-show-faces=\"true\" data-share=\"true\"><\/div>\n<p><\/br><\/p>\n","protected":false},"excerpt":{"rendered":"<p>Uma pessoa morreu em um grave acidente na madrugada desta quarta-feira (19\/12\/2018) na MGC-367, pr\u00f3ximo ao Posto Vicente Francisco, no trecho entre Turmalina e Diamantina, no Vale do Jequitinhonha. Informa\u00e7\u00f5es iniciais repassadas ao Aconteceu no Vale indicam que um Fiat P\u00e1lio, com cinco ocupantes, colidiu contra a traseira de um caminh\u00e3o que estava parado na [&hellip;]<\/p>\n","protected":false},"author":1,"featured_media":140981,"comment_status":"open","ping_status":"closed","sticky":false,"template":"","format":"standard","meta":{"amp_status":"","footnotes":""},"categories":[120],"tags":[189716,189715,189713,189929,189706,189709,4745,189925,189936,154373,189710,13247,189926,189708,189928,189935,189933,189717,189714,95514,131530,31399,40307,189923,40305,189924,189712,189931,739,132,189922,189921,1018,198,189707,189927,189934,189932,189962,189937,189705,189711,189930,178],"class_list":["post-140978","post","type-post","status-publish","format-standard","has-post-thumbnail","hentry","category-jequi","tag-acidente-caminhao-frigorocha","tag-acidente-caminhao-frigovales","tag-acidente-caminhoneiro-roberto-fernades","tag-acidente-carro-ivan-cordeiro","tag-acidente-com-caminhao-de-capelinha-na-ponte-alta","tag-acidente-com-caminhao-de-frigorifico-de-capelinha","tag-acidente-com-caminhoneiro-de-capelinha","tag-acidente-com-carro-de-veredinha","tag-acidente-com-julia-cordeiro","tag-acidente-com-moradores-de-veredinha","tag-acidente-com-motorista-de-capelinha","tag-acidente-em-turmalina","tag-acidente-entre-carro-e-caminhao-em-turmalina","tag-acidente-frigorifico-de-capelinha","tag-acidente-ivan-cordeiro","tag-acidente-julia-cordeiro","tag-acidente-juliah-cordeiro","tag-acidente-motorista-frigorocha","tag-acidente-motorista-frigovales","tag-acidente-na-descida-da-ponte-alta-em-turmalina","tag-acidente-na-ponte-alta","tag-acidente-na-ponte-alta-em-turmalina","tag-acidente-perto-de-turmalina","tag-acidente-perto-do-vicente-francisco","tag-acidente-proximo-a-turmalina","tag-acidente-proximo-ao-vicente-francisco","tag-acidente-roberto-fernades","tag-acidente-sobrinha-do-ze-adao","tag-acidente-turmalina","tag-capelinha","tag-colisao-entre-carro-e-caminhao-deixa-uma-pessoa-morta-proximo-a-turmalina","tag-colisao-entre-carro-e-caminhao-deixa-uma-pessoa-morta-proximo-a-turmalina-no-vale-do-jequitinhonha","tag-destaque","tag-diamantina","tag-frigorifico-de-capelinha","tag-ivan-cordeiro","tag-julia-cordeiro","tag-juliah-cordeiro","tag-maria-julia-cordeiro","tag-morte-de-julia-cordeiro","tag-motorista-de-caminhao-morre-em-acidente-na-mgc-367-proximo-a-turmalina","tag-roberto-fernades","tag-sobrinha-do-ze-adao","tag-turmalina"],"_links":{"self":[{"href":"https:\/\/aconteceunovale.com.br\/portal\/index.php?rest_route=\/wp\/v2\/posts\/140978","targetHints":{"allow":["GET"]}}],"collection":[{"href":"https:\/\/aconteceunovale.com.br\/portal\/index.php?rest_route=\/wp\/v2\/posts"}],"about":[{"href":"https:\/\/aconteceunovale.com.br\/portal\/index.php?rest_route=\/wp\/v2\/types\/post"}],"author":[{"embeddable":true,"href":"https:\/\/aconteceunovale.com.br\/portal\/index.php?rest_route=\/wp\/v2\/users\/1"}],"replies":[{"embeddable":true,"href":"https:\/\/aconteceunovale.com.br\/portal\/index.php?rest_route=%2Fwp%2Fv2%2Fcomments&post=140978"}],"version-history":[{"count":0,"href":"https:\/\/aconteceunovale.com.br\/portal\/index.php?rest_route=\/wp\/v2\/posts\/140978\/revisions"}],"wp:featuredmedia":[{"embeddable":true,"href":"https:\/\/aconteceunovale.com.br\/portal\/index.php?rest_route=\/wp\/v2\/media\/140981"}],"wp:attachment":[{"href":"https:\/\/aconteceunovale.com.br\/portal\/index.php?rest_route=%2Fwp%2Fv2%2Fmedia&parent=140978"}],"wp:term":[{"taxonomy":"category","embeddable":true,"href":"https:\/\/aconteceunovale.com.br\/portal\/index.php?rest_route=%2Fwp%2Fv2%2Fcategories&post=140978"},{"taxonomy":"post_tag","embeddable":true,"href":"https:\/\/aconteceunovale.com.br\/portal\/index.php?rest_route=%2Fwp%2Fv2%2Ftags&post=140978"}],"curies":[{"name":"wp","href":"https:\/\/api.w.org\/{rel}","templated":true}]}}