{"id":140974,"date":"2018-12-19T01:13:04","date_gmt":"2018-12-19T03:13:04","guid":{"rendered":"http:\/\/aconteceunovale.com.br\/portal\/?p=140974"},"modified":"2018-12-19T01:13:04","modified_gmt":"2018-12-19T03:13:04","slug":"garoto-do-norte-de-minas-viraliza-nas-redes-sociais-por-tocar-bateria-de-latas-e-tem-sonho-realizado-por-empresario-de-santa-catarina","status":"publish","type":"post","link":"https:\/\/aconteceunovale.com.br\/portal\/?p=140974","title":{"rendered":"Garoto do Norte de Minas viraliza nas redes sociais por tocar bateria de latas e tem sonho realizado por empres\u00e1rio de Santa Catarina"},"content":{"rendered":"<p>Pouco mais de seis minutos de v\u00eddeo e quase 3 milh\u00f5es de visualiza\u00e7\u00f5es. Isso foi o suficiente para realizar o sonho de um jovem morador da zona rural de Francisco S\u00e1, no Norte de Minas. David Fernando Carvalho de Oliveira, de 14 anos, toca desde os nove um instrumento musical que ele mesmo construiu. A reuni\u00e3o de algumas latas de tinta e pratos de metal simulam uma bateria na qual o menino pratica h\u00e1 anos, imaginando tocar um equipamento de verdade. A vontade estava distante de se materializar devido \u00e0 condi\u00e7\u00e3o financeira da fam\u00edlia dele, at\u00e9 tudo mudar.<\/p>\n<p>Um v\u00eddeo de David Fernando tocando a bateria improvisada foi feito por um parente, que visitou o menino e a fam\u00edlia dele para ajudar nas dificuldades. O primo distante, Ol\u00edmpio Elton, havia ido at\u00e9 a comunidade de Mangal, em Francisco S\u00e1, para ajudar na reforma da pequena casa onde o garoto vive com tr\u00eas irm\u00e3os e os pais. Segundo ele, o pai do menino sofre com problemas de vis\u00e3o. Como n\u00e3o consegue mais enxergar e trabalhar para o sustento da casa, o parente levou at\u00e9 a propriedade amigos pedreiros volunt\u00e1rios, para pintar e consertar o im\u00f3vel.<\/p>\n<p>Ao final dos trabalhos, o primo que \u00e9 compositor evang\u00e9lico viu o garoto praticando na bateria de lata e resolveu registrar o momento. \u201c\u00c9 da fam\u00edlia, n\u00e9? A\u00ed fui l\u00e1 para ajudar a reformar, porque o pai dele n\u00e3o est\u00e1 dando conta, est\u00e1 cego. Reformamos a casa e no final vimos a bateria de sucata. Falei com ele que iria fazer o v\u00eddeo para pedir uma bateria de presente para ele, e deu a repercuss\u00e3o que deu\u201d, conta Ol\u00edmpio.<\/p>\n<p>A m\u00fasica que Ol\u00edmpio canta no v\u00eddeo se chama &#8220;O Homem das M\u00e3os Furadas&#8221;, dos Irm\u00e3os Levitas (<em>confira o v\u00eddeo abaixo<\/em>). David Fernando j\u00e1 havia publicado outro v\u00eddeo na rede social tocando a mesma bateria, e n\u00e3o deu repercuss\u00e3o. Quando o primo publicou, em menos de uma semana mais de 2 milh\u00f5es e 700 mil pessoas assistiram, e cerca de 98 mil compartilharam. Para o garoto, foi tudo uma grande surpresa.<\/p>\n<p><iframe loading=\"lazy\" src=\"https:\/\/www.facebook.com\/plugins\/video.php?href=https%3A%2F%2Fwww.facebook.com%2Folimpio.elton%2Fvideos%2F1089989857827214%2F&#038;show_text=0&#038;width=560\" width=\"560\" height=\"420\" style=\"border:none;overflow:hidden\" scrolling=\"no\" frameborder=\"0\" allowTransparency=\"true\" allowFullScreen=\"true\"><\/iframe><br \/>\n<\/br><\/p>\n<p>\u201cEu j\u00e1 tinha postado um v\u00eddeo antes, e n\u00e3o teve quase nada. Foi quando o irm\u00e3o Ol\u00edmpio chegou e filmou que o v\u00eddeo bombou. Fiquei surpreso, porque em poucos dias tinha mais de um milh\u00e3o de pessoas assistindo\u201d, comenta o garoto.<\/p>\n<p>David Fernando frequenta a Igreja Avivamento B\u00edblico, em Cana Brava, outra comunidade rural de Francisco S\u00e1, um pouco maior que Mangal, onde ele vive. Foi l\u00e1 que ele teve o primeiro contato com a bateria. Um irm\u00e3o mais velho tocava louvores no instrumento e atrav\u00e9s disso o adolescente se sentiu estimulado. A ideia de reunir as latas de metal para construir a bateria veio junto com o irm\u00e3o instrumentista, e a fam\u00edlia chegou a tomar banhos frios no inverno porque n\u00e3o havia mais latas para esquentar \u00e1gua.<\/p>\n<p>\u201cQuando faz frio, a gente toma banho \u00e9 esquentando a \u00e1gua na lata da minha av\u00f3 no fog\u00e3o de lenha, mas como eu peguei tudo, teve vez que a gente tomou banho frio. Tinha uns baldes aqui, eu levava para escola e os meninos ficavam ca\u00e7oando de mim\u201d, relembra.<\/p>\n<p>Depois da repercuss\u00e3o, David conta que os colegas pararam de rir da bateria improvisada. O instrumento de lata deu a ele a chance at\u00e9 de tocar de verdade na igreja algumas vezes, porque os coordenadores da \u00e1rea musical sabiam da aptid\u00e3o do garoto. \u201cEstou muito alegre, gra\u00e7as \u00e0 ajuda dos irm\u00e3os que foram l\u00e1 em casa estou pr\u00f3ximo de realizar meu sonho desde pequeno\u201d, comemora.<\/p>\n<p><strong>Realiza\u00e7\u00e3o do sonho<\/strong><\/p>\n<p>Entre os quase 3 milh\u00f5es de visualizadores do v\u00eddeo, um empres\u00e1rio catarinense foi sensibilizado. Ant\u00f4nio Silva mora em Florian\u00f3polis e nunca conheceu o Norte de Minas. Entre um compartilhamento e outro, ele assistiu o garoto praticar ao lado do primo e resolveu entrar em contato.<\/p>\n<p>\u201cEu vejo v\u00eddeos todos os dias na internet, mas eu senti veracidade nele. Eu consegui sentir o desejo da pessoa. Da mesma forma que eu tive oportunidade de algu\u00e9m me tirar da rua e me dar uma oportunidade, eu quis fazer o mesmo por ele. Sei que ele n\u00e3o quer s\u00f3 ganhar e mostrar que ganhou, ele vai ajudar mais gente com isso. Da mesma forma que hoje eu repasso um bem que recebi, ele tamb\u00e9m vai fazer o mesmo. \u00c9 t\u00e3o pouco o que a gente faz\u201d, diz Silva.<\/p>\n<p>O empres\u00e1rio conta que morava na rua e foi ajudado por uma fam\u00edlia adotiva, que o permitiu ter a realidade transformada. Ele afirma ter tido vontade de fazer o mesmo pela fam\u00edlia do David atrav\u00e9s de um sonho de adolesc\u00eancia.<\/p>\n<p>\u201cA pessoa que me ajudou, ajudou minha esposa, meus filhos, os funcion\u00e1rios da minha empresa, todo mundo. Assim como a ajuda que recebi, quem sabe o que estou fazendo agora n\u00e3o possa se multiplicar. Eu quis resgatar a dignidade dele, realizar um sonho. N\u00e3o foi para fazer propaganda, para nada. \u00c9 s\u00f3 uma pessoa realizando um sonho. Podia ser um objeto de R$ 10. S\u00f3 esse sentimento de gratid\u00e3o que senti na voz dele j\u00e1 valeu a pena\u201d, comenta Ant\u00f4nio Silva.<\/p>\n<p>David Fernando visitou lojas de instrumento em Montes Claros pela primeira vez nesta ter\u00e7a-feira (18\/12\/2018). Ele foi at\u00e9 os estabelecimentos e escolheu a bateria do pre\u00e7o que desejou. Ant\u00f4nio Silva fez a transfer\u00eancia diretamente para a loja. O garoto ainda n\u00e3o levou para casa o instrumento pela dificuldade de deslocamento, mas nesta quarta-feira (19) vai retornar para buscar a realiza\u00e7\u00e3o de um sonho.<\/p>\n<p>\u201cEstou muito ansioso. Hoje eu j\u00e1 fui em Montes Claros escolher a bateria. Conheci a cidade pela primeira vez. Foi muito bom. Fui em tr\u00eas lojas, achei uma bonita, fui na outra, achei uma mais bonita. Na \u00faltima loja, escolhi a mais bonita de todas. Fiquei muito alegre\u201d, diz.<\/p>\n<p>Depois de tudo, o adolescente afirma sentir muita gratid\u00e3o pelo homem que nem conhece e resolveu ajud\u00e1-lo sem pedir nada em troca. \u201cEle falou que viu meu v\u00eddeo e ficou surpreso. N\u00e3o cheguei a perguntar o motivo, ele s\u00f3 falou que queria ajudar. Falou que eu podia escolher de qualquer pre\u00e7o. Agrade\u00e7o muito a ele. Aprendi que no mundo tem muita gente ruim, mas tem muita gente boa tamb\u00e9m\u201d, se emociona.<\/p>\n<p><img decoding=\"async\" src=\"http:\/\/aconteceunovale.com.br\/portal\/wp-content\/uploads\/2018\/12\/bateria_lata_2.jpg\" alt=\"\" \/><em>David Fernando escolheu a bateria que sonhava \u2014 Foto: Ol\u00edmpio Elton<\/em><br \/>\n<\/br><\/p>\n<p><strong>VER PRIMEIRO<\/strong><\/p>\n<p>Receba as not\u00edcias do Aconteceu no Vale em primeira m\u00e3o. Clique em curtir no endere\u00e7o <a href=\"https:\/\/www.facebook.com\/aconteceunovale\" target=\"_blank\"><font color=\"red\">www.facebook.com\/aconteceunovale<\/font><\/a> ou no box abaixo:<\/p>\n<div class=\"fb-like\" data-href=\"https:\/\/www.facebook.com\/aconteceunovale\" data-width=\"120\" data-layout=\"standard\" data-action=\"like\" data-size=\"small\" data-show-faces=\"true\" data-share=\"true\"><\/div>\n<p><\/br><\/p>\n<p><em>(Fonte: G1 Grande Minas \/ Rep\u00f3rter: Juliana Gorayeb)<\/em><\/p>\n","protected":false},"excerpt":{"rendered":"<p>Pouco mais de seis minutos de v\u00eddeo e quase 3 milh\u00f5es de visualiza\u00e7\u00f5es. Isso foi o suficiente para realizar o sonho de um jovem morador da zona rural de Francisco S\u00e1, no Norte de Minas. David Fernando Carvalho de Oliveira, de 14 anos, toca desde os nove um instrumento musical que ele mesmo construiu. A [&hellip;]<\/p>\n","protected":false},"author":1,"featured_media":140976,"comment_status":"open","ping_status":"closed","sticky":false,"template":"","format":"standard","meta":{"amp_status":"","footnotes":""},"categories":[6,1236],"tags":[31796,189912,189913,189914,1018,68211,1395,189920,189919,189918,189915,189917,189916],"class_list":["post-140974","post","type-post","status-publish","format-standard","has-post-thumbnail","hentry","category-br","category-norte_de_minas","tag-antonio-silva","tag-bateria-de-latas-francisco-sa","tag-bateria-francisco-sa","tag-david-fernando-carvalho-de-oliveira","tag-destaque","tag-florianopolis","tag-francisco-sa","tag-garoto-de-francisco-sa-viraliza-nas-redes-sociais-por-tocar-bateria-de-latas-e-tem-sonho-realizado-por-empresario-de-santa-catarina","tag-garoto-do-norte-de-minas-viraliza-nas-redes-sociais-por-tocar-bateria-de-latas-e-tem-sonho-realizado-por-empresario-de-santa-catarina","tag-irmaos-levitas","tag-mangal","tag-o-homem-das-maos-furadas","tag-olimpio-elton"],"_links":{"self":[{"href":"https:\/\/aconteceunovale.com.br\/portal\/index.php?rest_route=\/wp\/v2\/posts\/140974","targetHints":{"allow":["GET"]}}],"collection":[{"href":"https:\/\/aconteceunovale.com.br\/portal\/index.php?rest_route=\/wp\/v2\/posts"}],"about":[{"href":"https:\/\/aconteceunovale.com.br\/portal\/index.php?rest_route=\/wp\/v2\/types\/post"}],"author":[{"embeddable":true,"href":"https:\/\/aconteceunovale.com.br\/portal\/index.php?rest_route=\/wp\/v2\/users\/1"}],"replies":[{"embeddable":true,"href":"https:\/\/aconteceunovale.com.br\/portal\/index.php?rest_route=%2Fwp%2Fv2%2Fcomments&post=140974"}],"version-history":[{"count":0,"href":"https:\/\/aconteceunovale.com.br\/portal\/index.php?rest_route=\/wp\/v2\/posts\/140974\/revisions"}],"wp:featuredmedia":[{"embeddable":true,"href":"https:\/\/aconteceunovale.com.br\/portal\/index.php?rest_route=\/wp\/v2\/media\/140976"}],"wp:attachment":[{"href":"https:\/\/aconteceunovale.com.br\/portal\/index.php?rest_route=%2Fwp%2Fv2%2Fmedia&parent=140974"}],"wp:term":[{"taxonomy":"category","embeddable":true,"href":"https:\/\/aconteceunovale.com.br\/portal\/index.php?rest_route=%2Fwp%2Fv2%2Fcategories&post=140974"},{"taxonomy":"post_tag","embeddable":true,"href":"https:\/\/aconteceunovale.com.br\/portal\/index.php?rest_route=%2Fwp%2Fv2%2Ftags&post=140974"}],"curies":[{"name":"wp","href":"https:\/\/api.w.org\/{rel}","templated":true}]}}