{"id":140967,"date":"2018-12-19T00:40:52","date_gmt":"2018-12-19T02:40:52","guid":{"rendered":"http:\/\/aconteceunovale.com.br\/portal\/?p=140967"},"modified":"2018-12-19T00:40:52","modified_gmt":"2018-12-19T02:40:52","slug":"suspeito-de-matar-e-queimar-corpo-de-jovem-por-ciumes-e-preso-no-leste-de-minas","status":"publish","type":"post","link":"https:\/\/aconteceunovale.com.br\/portal\/?p=140967","title":{"rendered":"Suspeito de matar e queimar corpo de jovem por ci\u00fames \u00e9 preso no Leste de Minas"},"content":{"rendered":"<p>A Pol\u00edcia Civil de Minas Gerais deflagrou, na manh\u00e3 desta ter\u00e7a-feira (18\/12\/2018), a opera\u00e7\u00e3o \u201cLargado \u00e0s Tra\u00e7as\u201d, que resultou no cumprimento de pris\u00e3o preventiva de G.T.S.A.L, suspeito do homic\u00eddio de Juliano de Paula Rodrigues, no dia 11 de setembro, em Caratinga.<\/p>\n<p>A v\u00edtima estaria tendo um caso com a namorada de G.T.S.A.L e, no dia do crime, o suspeito junto a quatro adolescentes utilizou as redes sociais da companheira e conseguiu ludibriar Juliano, vindo a marcar um encontro no trevo da Lagoa Bonita, naquele munic\u00edpio.<\/p>\n<p>Assim que a v\u00edtima chegou, foi imobilizada pelos adolescentes que, em seguida, colocaram um saco pl\u00e1stico na cabe\u00e7a de Juliano e o jogaram no interior do ve\u00edculo de G.T.S.A.L, instante em que ele foi amarrado por abra\u00e7adeiras nas m\u00e3os e p\u00e9s.<\/p>\n<p>De acordo com as investiga\u00e7\u00f5es, no trajeto at\u00e9 o local do crime, a v\u00edtima passou a ser humilhada e agredida com socos. \u201cJuliano tamb\u00e9m foi obrigado a cantar para os autores m\u00fasicas sertanejas, dentre elas, \u2018Largado \u00e0s Tra\u00e7as\u2019\u2019, contou o Delegado Rodrigo Cavassoni, respons\u00e1vel pelas investiga\u00e7\u00f5es.<\/p>\n<p>No local do crime, Lagoa Bonita, o jovem foi jogado para fora do ve\u00edculo, e os investigados passaram a agredi-lo. Os levantamentos da Pol\u00edcia Civil revelaram que G.T.S.A.L enforcou Juliano com um golpe de mata le\u00e3o, oportunidade em que ele desmaiou. Neste instante, o suspeito pegou um canivete e atingiu a v\u00edtima, a qual acordou e gritou por ajuda. Mas tornou a ser atingida por golpes de canivetes pelos adolescentes.<\/p>\n<p>Ap\u00f3s desferirem m\u00faltiplos golpes, os autores decidiram atear fogo no corpo e no ve\u00edculo de Juliano. A Pol\u00edcia Civil, durante as investiga\u00e7\u00f5es, apreendeu o capacete pertencente \u00e0 v\u00edtima, as abra\u00e7adeiras utilizadas para amarr\u00e1-la, o isqueiro e o canivete utilizados na a\u00e7\u00e3o criminosa. Os adolescentes j\u00e1 foram identificados.<\/p>\n<p><img decoding=\"async\" src=\"http:\/\/aconteceunovale.com.br\/portal\/wp-content\/uploads\/2018\/12\/op_caratinga.jpeg\" alt=\"\" \/><em>Material apreendido durante a investiga\u00e7\u00e3o do crime (foto: Divulga\u00e7\u00e3o\/PCMG)<\/em><br \/>\n<\/br><\/p>\n<p><strong>VER PRIMEIRO<\/strong><\/p>\n<p>Receba as not\u00edcias do Aconteceu no Vale em primeira m\u00e3o. Clique em curtir no endere\u00e7o <a href=\"https:\/\/www.facebook.com\/aconteceunovale\" target=\"_blank\"><font color=\"red\">www.facebook.com\/aconteceunovale<\/font><\/a> ou no box abaixo:<\/p>\n<div class=\"fb-like\" data-href=\"https:\/\/www.facebook.com\/aconteceunovale\" data-width=\"120\" data-layout=\"standard\" data-action=\"like\" data-size=\"small\" data-show-faces=\"true\" data-share=\"true\"><\/div>\n<p><\/br><\/p>\n<p><em>(Fonte: PCMG)<\/em><\/p>\n","protected":false},"excerpt":{"rendered":"<p>A Pol\u00edcia Civil de Minas Gerais deflagrou, na manh\u00e3 desta ter\u00e7a-feira (18\/12\/2018), a opera\u00e7\u00e3o \u201cLargado \u00e0s Tra\u00e7as\u201d, que resultou no cumprimento de pris\u00e3o preventiva de G.T.S.A.L, suspeito do homic\u00eddio de Juliano de Paula Rodrigues, no dia 11 de setembro, em Caratinga. A v\u00edtima estaria tendo um caso com a namorada de G.T.S.A.L e, no dia [&hellip;]<\/p>\n","protected":false},"author":1,"featured_media":140968,"comment_status":"open","ping_status":"closed","sticky":false,"template":"","format":"standard","meta":{"amp_status":"","footnotes":""},"categories":[121],"tags":[237,113742,31316,189901,189904,189902,189903,103767,189906,189905],"class_list":["post-140967","post","type-post","status-publish","format-standard","has-post-thumbnail","hentry","category-leste","tag-caratinga","tag-delegado-rodrigo-cavassoni","tag-homicidio-em-caratinga","tag-juliano-de-paula-rodrigues","tag-operacao-em-caratinga","tag-operacao-largado-as-tracas","tag-operacao-largado-as-tracas-em-caratinga","tag-rodrigo-cavassoni","tag-suspeito-de-matar-e-queimar-corpo-de-jovem-por-ciumes-e-preso-em-caratinga","tag-suspeito-de-matar-e-queimar-corpo-de-jovem-por-ciumes-e-preso-no-leste-de-minas"],"_links":{"self":[{"href":"https:\/\/aconteceunovale.com.br\/portal\/index.php?rest_route=\/wp\/v2\/posts\/140967","targetHints":{"allow":["GET"]}}],"collection":[{"href":"https:\/\/aconteceunovale.com.br\/portal\/index.php?rest_route=\/wp\/v2\/posts"}],"about":[{"href":"https:\/\/aconteceunovale.com.br\/portal\/index.php?rest_route=\/wp\/v2\/types\/post"}],"author":[{"embeddable":true,"href":"https:\/\/aconteceunovale.com.br\/portal\/index.php?rest_route=\/wp\/v2\/users\/1"}],"replies":[{"embeddable":true,"href":"https:\/\/aconteceunovale.com.br\/portal\/index.php?rest_route=%2Fwp%2Fv2%2Fcomments&post=140967"}],"version-history":[{"count":0,"href":"https:\/\/aconteceunovale.com.br\/portal\/index.php?rest_route=\/wp\/v2\/posts\/140967\/revisions"}],"wp:featuredmedia":[{"embeddable":true,"href":"https:\/\/aconteceunovale.com.br\/portal\/index.php?rest_route=\/wp\/v2\/media\/140968"}],"wp:attachment":[{"href":"https:\/\/aconteceunovale.com.br\/portal\/index.php?rest_route=%2Fwp%2Fv2%2Fmedia&parent=140967"}],"wp:term":[{"taxonomy":"category","embeddable":true,"href":"https:\/\/aconteceunovale.com.br\/portal\/index.php?rest_route=%2Fwp%2Fv2%2Fcategories&post=140967"},{"taxonomy":"post_tag","embeddable":true,"href":"https:\/\/aconteceunovale.com.br\/portal\/index.php?rest_route=%2Fwp%2Fv2%2Ftags&post=140967"}],"curies":[{"name":"wp","href":"https:\/\/api.w.org\/{rel}","templated":true}]}}