{"id":140964,"date":"2018-12-19T00:29:31","date_gmt":"2018-12-19T02:29:31","guid":{"rendered":"http:\/\/aconteceunovale.com.br\/portal\/?p=140964"},"modified":"2018-12-19T00:29:31","modified_gmt":"2018-12-19T02:29:31","slug":"justica-nega-habeas-corpus-ao-medium-joao-de-deus","status":"publish","type":"post","link":"https:\/\/aconteceunovale.com.br\/portal\/?p=140964","title":{"rendered":"Justi\u00e7a nega habeas corpus ao m\u00e9dium Jo\u00e3o de Deus"},"content":{"rendered":"<p>A Justi\u00e7a de Goi\u00e1s negou\u00a0nesta ter\u00e7a-feira (18) o\u00a0<em>habeas corpus<\/em>\u00a0para o m\u00e9dium Jo\u00e3o Teixeira de Faria, o Jo\u00e3o de Deus, preso desde o \u00faltimo\u00a0domingo, alvo de den\u00fancias de\u00a0abuso sexual de mulheres que buscavam tratamento na Casa\u00a0Dom\u00a0In\u00e1cio de Loyola. O advogado do m\u00e9dium, Alberto Toron, disse que ir\u00e1 recorrer ao Superior Tribunal de Justi\u00e7a (STJ) para conseguir a liberdade de seu cliente.<\/p>\n<p>&#8220;Apenas a liminar foi apreciada e negada. O julgamento final do habeas dever\u00e1 se dar ap\u00f3s o recesso. Discordamos da decis\u00e3o e vamos recorrer ao STJ&#8221;, afirmou Toron, em nota \u00e0 imprensa.<\/p>\n<p>A defesa de Jo\u00e3o de Deus pretende transformar a preventiva em pris\u00e3o domiciliar com uso de tornozeleira. Segundo o advogado, \u00e9 preciso levar em conta a idade avan\u00e7ada e o estado de sa\u00fade do m\u00e9dium. Ele est\u00e1 em uma cela de 16 metros quadrados com pia e vaso sanit\u00e1rio, no Complexo Prisional de Aparecida de Goi\u00e2nia.<\/p>\n<p>A pris\u00e3o preventiva foi decretada com base em 15 den\u00fancias j\u00e1 formalizadas em Goi\u00e2nia, todas por crimes sexuais. O m\u00e9dium se entregou \u00e0 pol\u00edcia de Goi\u00e1s, na tarde de domingo (16), em uma estrada de ch\u00e3o, em Abadi\u00e2nia, onde mant\u00e9m suas obras sociais e o centro de atendimento. Desde a semana passada, a for\u00e7a-tarefa do Minist\u00e9rio P\u00fablico de Goi\u00e1s recebeu 506 relatos de crimes sexuais atribu\u00eddos ao m\u00e9dium. <\/p>\n<p><strong>VER PRIMEIRO<\/strong><\/p>\n<p>Receba as not\u00edcias do Aconteceu no Vale em primeira m\u00e3o. Clique em curtir no endere\u00e7o <a href=\"https:\/\/www.facebook.com\/aconteceunovale\" target=\"_blank\"><font color=\"red\">www.facebook.com\/aconteceunovale<\/font><\/a> ou no box abaixo:<\/p>\n<div class=\"fb-like\" data-href=\"https:\/\/www.facebook.com\/aconteceunovale\" data-width=\"120\" data-layout=\"standard\" data-action=\"like\" data-size=\"small\" data-show-faces=\"true\" data-share=\"true\"><\/div>\n<p><\/br><\/p>\n<p><em>(Fonte: Ag\u00eancia Brasil)<\/em><\/p>\n","protected":false},"excerpt":{"rendered":"<p>A Justi\u00e7a de Goi\u00e1s negou\u00a0nesta ter\u00e7a-feira (18) o\u00a0habeas corpus\u00a0para o m\u00e9dium Jo\u00e3o Teixeira de Faria, o Jo\u00e3o de Deus, preso desde o \u00faltimo\u00a0domingo, alvo de den\u00fancias de\u00a0abuso sexual de mulheres que buscavam tratamento na Casa\u00a0Dom\u00a0In\u00e1cio de Loyola. O advogado do m\u00e9dium, Alberto Toron, disse que ir\u00e1 recorrer ao Superior Tribunal de Justi\u00e7a (STJ) para conseguir [&hellip;]<\/p>\n","protected":false},"author":1,"featured_media":140695,"comment_status":"open","ping_status":"closed","sticky":false,"template":"","format":"standard","meta":{"amp_status":"","footnotes":""},"categories":[6],"tags":[90986,189120,189134,189626,189628,189619,189614,189128,189129,189123,189135,166467,189637,189765,189124,189133,189130,189131,189136,116170,4609,84400,189122,189616,189618,189118,189612,189132,189476,189127,189473,189477,189900,189311,189119,189121,189613,189627,189620,157513,189126,189611,189478,361,189125,19707,189475,189617,189766,189474,81958,189615,189472],"class_list":["post-140964","post","type-post","status-publish","format-standard","has-post-thumbnail","hentry","category-br","tag-abadiania","tag-abuso-sexual","tag-abusos-contra-joao-de-deus","tag-acusado-de-abuso-sexual","tag-acusado-de-abuso-sexual-medium-joao-de-deus-e-preso-em-goias","tag-acusado-de-abuso-sexual-medium-joao-de-deus-ficara-em-cela-individual-e-isolada","tag-alberto-toron","tag-andre-fernandes","tag-casa-dom-inacio-de-loyola","tag-caso-medium-joao-de-deus","tag-como-fazer-denuncia-de-abusos-contra-joao-de-deus","tag-complexo-prisional-de-aparecida-de-goiania","tag-defesa-deve-pedir-nesta-segunda-feira-prisao-domiciliar-para-joao-de-deus","tag-defesa-entra-com-pedido-de-prisao-domiciliar-para-joao-de-deus","tag-denuncias-contra-medium-joao-de-deus","tag-e-mail-para-denuncias-de-abusos-contra-joao-de-deus","tag-escandalo-envolvendo-joao-de-deus","tag-escandalo-joao-de-deus","tag-federacao-espirita-brasileira","tag-forca-tarefa","tag-goiania","tag-habeas-corpus","tag-investigacao-medium-joao-de-deus","tag-joao-de-abadiania","tag-joao-de-abadiania-e-preso","tag-joao-de-deus","tag-joao-de-deus-e-preso","tag-joao-de-deus-nega-acusacoes","tag-joao-de-deus-sera-preso","tag-joao-teixeira-de-faria","tag-justica-determina-prisao-do-medium-joao-de-deus","tag-justica-manda-prender-joao-de-deus","tag-justica-nega-habeas-corpus-ao-medium-joao-de-deus","tag-mais-de-200-mulheres-ja-denunciaram-joao-de-deus","tag-medium","tag-medium-joao-de-deus","tag-medium-joao-de-deus-e-preso","tag-medium-joao-de-deus-e-preso-em-goias","tag-medium-joao-de-deus-ficara-em-cela-individual-e-isolada","tag-ministerio-publico-de-goias","tag-mp-go","tag-nucleo-de-custodia","tag-ordem-de-prisao-de-joao-de-deus","tag-policia-civil","tag-policia-e-ministerio-publico-de-goias-vao-apurar-denuncias-contra-medium-joao-de-deus","tag-prisao","tag-prisao-de-joao-de-deus","tag-prisao-do-joao-de-abadiania","tag-prisao-do-medium","tag-prisao-do-medium-joao-de-deus","tag-prisao-preventiva","tag-ronivam-junior","tag-tj-go"],"_links":{"self":[{"href":"https:\/\/aconteceunovale.com.br\/portal\/index.php?rest_route=\/wp\/v2\/posts\/140964","targetHints":{"allow":["GET"]}}],"collection":[{"href":"https:\/\/aconteceunovale.com.br\/portal\/index.php?rest_route=\/wp\/v2\/posts"}],"about":[{"href":"https:\/\/aconteceunovale.com.br\/portal\/index.php?rest_route=\/wp\/v2\/types\/post"}],"author":[{"embeddable":true,"href":"https:\/\/aconteceunovale.com.br\/portal\/index.php?rest_route=\/wp\/v2\/users\/1"}],"replies":[{"embeddable":true,"href":"https:\/\/aconteceunovale.com.br\/portal\/index.php?rest_route=%2Fwp%2Fv2%2Fcomments&post=140964"}],"version-history":[{"count":0,"href":"https:\/\/aconteceunovale.com.br\/portal\/index.php?rest_route=\/wp\/v2\/posts\/140964\/revisions"}],"wp:featuredmedia":[{"embeddable":true,"href":"https:\/\/aconteceunovale.com.br\/portal\/index.php?rest_route=\/wp\/v2\/media\/140695"}],"wp:attachment":[{"href":"https:\/\/aconteceunovale.com.br\/portal\/index.php?rest_route=%2Fwp%2Fv2%2Fmedia&parent=140964"}],"wp:term":[{"taxonomy":"category","embeddable":true,"href":"https:\/\/aconteceunovale.com.br\/portal\/index.php?rest_route=%2Fwp%2Fv2%2Fcategories&post=140964"},{"taxonomy":"post_tag","embeddable":true,"href":"https:\/\/aconteceunovale.com.br\/portal\/index.php?rest_route=%2Fwp%2Fv2%2Ftags&post=140964"}],"curies":[{"name":"wp","href":"https:\/\/api.w.org\/{rel}","templated":true}]}}