{"id":140934,"date":"2018-12-18T21:12:23","date_gmt":"2018-12-18T23:12:23","guid":{"rendered":"http:\/\/aconteceunovale.com.br\/portal\/?p=140934"},"modified":"2018-12-18T21:12:23","modified_gmt":"2018-12-18T23:12:23","slug":"homem-e-preso-no-leste-de-minas-por-agredir-e-manter-em-carcere-privado-mulher-que-conheceu-no-facebook","status":"publish","type":"post","link":"https:\/\/aconteceunovale.com.br\/portal\/?p=140934","title":{"rendered":"Homem \u00e9 preso no Leste de Minas por agredir e manter em c\u00e1rcere privado mulher que conheceu no Facebook"},"content":{"rendered":"<p>Uma mulher, de 36 anos, e o filho dela, de 7, foram resgatados de uma propriedade rural onde eram mantidos em c\u00e1rcere privado h\u00e1 cerca de um ano, em Conselheiro Pena, na regi\u00e3o Leste de Minas (Vale do Rio Doce). Eles eram agredidos e obrigados a trabalhar em planta\u00e7\u00f5es de caf\u00e9 e milho. O respons\u00e1vel, um homem de 57 anos, foi preso nessa segunda-feira (17\/12\/2018) pela Pol\u00edcia Militar e as investiga\u00e7\u00f5es est\u00e3o a cargo da Delegacia de Conselheiro Pena.<\/p>\n<p>Segundo a tenente Tha\u00eds de Castro Martins Moura, a mulher, de origem humilde, contou que conheceu o homem pelo Facebook e veio de Rond\u00f4nia, estado do Norte do Brasil, para encontr\u00e1-lo. &#8220;Ele dizia que daria uma boa vida aqui para ela e para o filho, porque na cidade dela eles tamb\u00e9m n\u00e3o tinham muitas condi\u00e7\u00f5es. E ela veio iludida com isso e acabou sendo impedida de sair da propriedade durante todo esse per\u00edodo&#8221;, conta.<\/p>\n<p>O homem morava sozinho em um povoado conhecido como Chapada do Bueno, em Conselheiro Pena, e vivia das suas planta\u00e7\u00f5es. Quando a v\u00edtima chegou na regi\u00e3o, ele passou a impedi-la de ter contato com seus familiares e qualquer outra pessoa. &#8220;Ela n\u00e3o podia nem sair para comprar comida, era ele que trazia tudo, e s\u00f3 as coisas b\u00e1sicas. A crian\u00e7a disse que nunca tinha tomado uma Coca-Cola&#8221;, relata a militar.<\/p>\n<p>No local, a mulher era obrigada a trabalhar e nunca teve nenhum retorno financeiro. &#8220;Ela trabalhava pesado pra ele, plantava e colhia caf\u00e9, descascava e carregava os sacos de milho, e n\u00e3o tinha um real&#8221;, comenta. <\/p>\n<p>Al\u00e9m disso, a v\u00edtima era constantemente agredida pelo homem, que chegou a cortar o cabelo dela com um fac\u00e3o. O filho dela tamb\u00e9m era agredido com uma correia de couro e for\u00e7ado a trabalhar. O homem, com frequ\u00eancia, amea\u00e7ava de morte a mulher e ela nunca podia falar nada com ningu\u00e9m. <\/p>\n<p>Ap\u00f3s receber v\u00e1rias den\u00fancias an\u00f4nimas, a Pol\u00edcia Militar realizou uma opera\u00e7\u00e3o e prendeu o homem em flagrante por porte de arma de fogo, j\u00e1 que ele tinha uma espingarda calibre 32 em cima do guarda-roupa e v\u00e1rios cartuchos de muni\u00e7\u00e3o. Na cabeceira da cama, foram encontrados o fac\u00e3o e a correia de couro, principais instrumentos utilizados nas agress\u00f5es e amea\u00e7as.<\/p>\n<p><img decoding=\"async\" src=\"http:\/\/aconteceunovale.com.br\/portal\/wp-content\/uploads\/2018\/12\/agredida_conselheiro_pena.jpeg\" alt=\"\" \/><em>Local onde a v\u00edtima era obrigada a trabalhar (foto: Divulga\u00e7\u00e3o\/PMMG)<\/em><br \/>\n<\/br><\/p>\n<p><strong>Medo de contar sobre as agress\u00f5es<\/strong><\/p>\n<p>Quando os policiais chegaram ao local, o pr\u00f3prio suspeito abriu a porta e permitiu a entrada. A princ\u00edpio, a mulher estava apreensiva e ficou com medo de contar sobre as agress\u00f5es, mas ap\u00f3s muita conversa com os militares, ela assumiu que era constantemente v\u00edtima de viol\u00eancia dom\u00e9stica. A dona de casa era constantemente amea\u00e7ada de morte e por isso tinha tanto medo. <\/p>\n<p>A mulher disse que n\u00e3o tinha como falar sobre as agress\u00f5es ou pedir ajuda, j\u00e1 que era mantida em c\u00e1rcere privado. &#8220;At\u00e9 mesmo com n\u00f3s militares, ela teve muito medo de falar. A crian\u00e7a tamb\u00e9m estava insegura, mas com o tempo foram contando. N\u00f3s recebemos v\u00e1rias den\u00fancias de moradores sobre essas agress\u00f5es&#8221;, disse a policial. <\/p>\n<p>A v\u00edtima e o filho n\u00e3o podiam ter contato com mais ningu\u00e9m al\u00e9m do marido. O homem tamb\u00e9m a proibia de usar o telefone. A crian\u00e7a confirmou o que a m\u00e3e contou e disse que tamb\u00e9m era agredida.<\/p>\n<p>O suspeito foi preso em flagrante pelos crimes de c\u00e1rcere privado, agress\u00e3o, posse ilegal de armas de fogo e muni\u00e7\u00e3o. Ele foi encaminhado para a Delegacia de Conselheiro Pena, que vai investigar o caso.<\/p>\n<p>As v\u00edtimas foram retiradas do local e est\u00e3o em um abrigo da Assist\u00eancia Social do Munic\u00edpio, que est\u00e1 providenciando o retorno da mulher e seu filho para Rond\u00f4nia. <\/p>\n<p><img decoding=\"async\" src=\"http:\/\/aconteceunovale.com.br\/portal\/wp-content\/uploads\/2018\/12\/armas_conselheiropena.jpg\" alt=\"\" \/><em>Material apreendido com o suspeito (foto: Divulga\u00e7\u00e3o\/PMMG)<\/em><br \/>\n<\/br><\/p>\n<p><strong>VER PRIMEIRO<\/strong><\/p>\n<p>Receba as not\u00edcias do Aconteceu no Vale em primeira m\u00e3o. Clique em curtir no endere\u00e7o <a href=\"https:\/\/www.facebook.com\/aconteceunovale\" target=\"_blank\"><font color=\"red\">www.facebook.com\/aconteceunovale<\/font><\/a> ou no box abaixo:<\/p>\n<div class=\"fb-like\" data-href=\"https:\/\/www.facebook.com\/aconteceunovale\" data-width=\"120\" data-layout=\"standard\" data-action=\"like\" data-size=\"small\" data-show-faces=\"true\" data-share=\"true\"><\/div>\n<p><\/br><\/p>\n<p><em>(Fonte: Hoje em Dia e O Tempo)<\/em><\/p>\n","protected":false},"excerpt":{"rendered":"<p>Uma mulher, de 36 anos, e o filho dela, de 7, foram resgatados de uma propriedade rural onde eram mantidos em c\u00e1rcere privado h\u00e1 cerca de um ano, em Conselheiro Pena, na regi\u00e3o Leste de Minas (Vale do Rio Doce). Eles eram agredidos e obrigados a trabalhar em planta\u00e7\u00f5es de caf\u00e9 e milho. O respons\u00e1vel, [&hellip;]<\/p>\n","protected":false},"author":1,"featured_media":140937,"comment_status":"open","ping_status":"closed","sticky":false,"template":"","format":"standard","meta":{"amp_status":"","footnotes":""},"categories":[121],"tags":[189835,189837,282,1018,189840,189843,189839,189834,189842,189841,189833,76074,189836,189838],"class_list":["post-140934","post","type-post","status-publish","format-standard","has-post-thumbnail","hentry","category-leste","tag-agredida-em-conselheiro-pena","tag-chapada-do-bueno","tag-conselheiro-pena","tag-destaque","tag-homem-e-preso-em-conselheiro-pena-por-agredir-e-manter-em-carcere-privado-mulher-que-conheceu-no-facebook","tag-homem-e-preso-no-leste-de-minas-por-agredir-e-manter-em-carcere-privado-mulher-que-conheceu-no-facebook","tag-homem-e-preso-no-vale-do-rio-doce-por-agredir-e-manter-em-carcere-privado-mulher-que-conheceu-no-facebook","tag-mulher-agredida-em-conselheiro-pena","tag-mulher-e-agredida-e-mantida-em-carcere-privado-por-leste-mineiro-que-conheceu-no-facebook","tag-mulher-e-agredida-e-mantida-em-carcere-privado-por-mineiro-que-conheceu-no-facebook","tag-mulher-tem-cabelo-cortado-com-facao-em-conselheiro-pena","tag-preso-em-conselheiro-pena","tag-preso-por-agredir-mulher-em-conselheiro-pena","tag-thais-de-castro-martins-moura"],"_links":{"self":[{"href":"https:\/\/aconteceunovale.com.br\/portal\/index.php?rest_route=\/wp\/v2\/posts\/140934","targetHints":{"allow":["GET"]}}],"collection":[{"href":"https:\/\/aconteceunovale.com.br\/portal\/index.php?rest_route=\/wp\/v2\/posts"}],"about":[{"href":"https:\/\/aconteceunovale.com.br\/portal\/index.php?rest_route=\/wp\/v2\/types\/post"}],"author":[{"embeddable":true,"href":"https:\/\/aconteceunovale.com.br\/portal\/index.php?rest_route=\/wp\/v2\/users\/1"}],"replies":[{"embeddable":true,"href":"https:\/\/aconteceunovale.com.br\/portal\/index.php?rest_route=%2Fwp%2Fv2%2Fcomments&post=140934"}],"version-history":[{"count":0,"href":"https:\/\/aconteceunovale.com.br\/portal\/index.php?rest_route=\/wp\/v2\/posts\/140934\/revisions"}],"wp:featuredmedia":[{"embeddable":true,"href":"https:\/\/aconteceunovale.com.br\/portal\/index.php?rest_route=\/wp\/v2\/media\/140937"}],"wp:attachment":[{"href":"https:\/\/aconteceunovale.com.br\/portal\/index.php?rest_route=%2Fwp%2Fv2%2Fmedia&parent=140934"}],"wp:term":[{"taxonomy":"category","embeddable":true,"href":"https:\/\/aconteceunovale.com.br\/portal\/index.php?rest_route=%2Fwp%2Fv2%2Fcategories&post=140934"},{"taxonomy":"post_tag","embeddable":true,"href":"https:\/\/aconteceunovale.com.br\/portal\/index.php?rest_route=%2Fwp%2Fv2%2Ftags&post=140934"}],"curies":[{"name":"wp","href":"https:\/\/api.w.org\/{rel}","templated":true}]}}