{"id":140930,"date":"2018-12-18T20:01:14","date_gmt":"2018-12-18T22:01:14","guid":{"rendered":"http:\/\/aconteceunovale.com.br\/portal\/?p=140930"},"modified":"2018-12-18T20:01:14","modified_gmt":"2018-12-18T22:01:14","slug":"prf-apreende-quase-tres-toneladas-de-carne-impropria-para-o-consumo-em-minas-gerais","status":"publish","type":"post","link":"https:\/\/aconteceunovale.com.br\/portal\/?p=140930","title":{"rendered":"PRF apreende quase tr\u00eas toneladas de carne impr\u00f3pria para o consumo em Minas Gerais"},"content":{"rendered":"<p>Quase 3 toneladas de carca\u00e7a su\u00edna foram apreendidas pela Pol\u00edcia Rodovi\u00e1ria Federal (PRF) na BR-146, em Po\u00e7os de Caldas (MG), na tarde de ontem (17\/12\/2018). A apreens\u00e3o aconteceu no quil\u00f4metro 517,5, durante uma fiscaliza\u00e7\u00e3o de rotina. No total, foram apreendidas 28 pe\u00e7as totalizando 2.860 kg de carne.<\/p>\n<p>O ve\u00edculo n\u00e3o possu\u00eda refrigera\u00e7\u00e3o adequada \u2013 a determina\u00e7\u00e3o federal \u00e9 que a carga seja transportada a uma temperatura m\u00e1xima de 5\u00baC, quando estava a 35\u00baC. Moscas varejeiras tamb\u00e9m foram encontradas sobre as carca\u00e7as. Al\u00e9m disso, a carga estava sendo transportada sem a devida documenta\u00e7\u00e3o fiscal.<\/p>\n<p>A carga estava em um caminh\u00e3o que saiu de S\u00e3o Sebasti\u00e3o da Grama (SP), com destino a Bandeira do Sul (MG). O motorista do caminh\u00e3o alegou aos agentes PRF que o equipamento de resfriamento do ve\u00edculo havia estragado.<\/p>\n<p>O Instituto Mineiro de Agropecu\u00e1ria (IMA) foi acionado e, ap\u00f3s constatar que a carne n\u00e3o poderia ser consumida, encaminhou toda a carga ao aterro sanit\u00e1rio da cidade de Po\u00e7os de Caldas.<\/p>\n<p><img decoding=\"async\" src=\"http:\/\/aconteceunovale.com.br\/portal\/wp-content\/uploads\/2018\/12\/carne_perdida_mg_1.jpeg\" alt=\"\" \/><em>(Foto: Divulga\u00e7\u00e3o\/PRF)<\/em><br \/>\n<\/br><\/p>\n<p><img decoding=\"async\" src=\"http:\/\/aconteceunovale.com.br\/portal\/wp-content\/uploads\/2018\/12\/carne_perdida_mg_2.jpeg\" alt=\"\" \/><em>(Foto: Divulga\u00e7\u00e3o\/PRF)<\/em><br \/>\n<\/br><\/p>\n<p><em>(Fonte: Ag\u00eancia PRF)<\/em><\/p>\n","protected":false},"excerpt":{"rendered":"<p>Quase 3 toneladas de carca\u00e7a su\u00edna foram apreendidas pela Pol\u00edcia Rodovi\u00e1ria Federal (PRF) na BR-146, em Po\u00e7os de Caldas (MG), na tarde de ontem (17\/12\/2018). A apreens\u00e3o aconteceu no quil\u00f4metro 517,5, durante uma fiscaliza\u00e7\u00e3o de rotina. No total, foram apreendidas 28 pe\u00e7as totalizando 2.860 kg de carne. O ve\u00edculo n\u00e3o possu\u00eda refrigera\u00e7\u00e3o adequada \u2013 a [&hellip;]<\/p>\n","protected":false},"author":1,"featured_media":140932,"comment_status":"open","ping_status":"closed","sticky":false,"template":"","format":"standard","meta":{"amp_status":"","footnotes":""},"categories":[123],"tags":[189828,189831,189830,189827,33494,189829,128569,1018,215,239,189825,189826,189832],"class_list":["post-140930","post","type-post","status-publish","format-standard","has-post-thumbnail","hentry","category-gerais","tag-apreensao-de-caminhao-de-carne-na-br-146","tag-apreensao-de-caminhao-de-carne-na-br-146-em-pocos-de-caldas","tag-apreensao-de-carne-em-br-146-em-pocos-de-caldas","tag-apreensao-de-carne-na-br-146","tag-bandeira-do-sul","tag-br-146-em-pocos-de-caldas","tag-br-146","tag-destaque","tag-pocos-de-caldas","tag-prf","tag-prf-apreende-quase-tres-toneladas-de-carne-impropria-para-o-consumo-em-minas-gerais","tag-prf-mg","tag-sao-sebastiao-da-grama"],"_links":{"self":[{"href":"https:\/\/aconteceunovale.com.br\/portal\/index.php?rest_route=\/wp\/v2\/posts\/140930","targetHints":{"allow":["GET"]}}],"collection":[{"href":"https:\/\/aconteceunovale.com.br\/portal\/index.php?rest_route=\/wp\/v2\/posts"}],"about":[{"href":"https:\/\/aconteceunovale.com.br\/portal\/index.php?rest_route=\/wp\/v2\/types\/post"}],"author":[{"embeddable":true,"href":"https:\/\/aconteceunovale.com.br\/portal\/index.php?rest_route=\/wp\/v2\/users\/1"}],"replies":[{"embeddable":true,"href":"https:\/\/aconteceunovale.com.br\/portal\/index.php?rest_route=%2Fwp%2Fv2%2Fcomments&post=140930"}],"version-history":[{"count":0,"href":"https:\/\/aconteceunovale.com.br\/portal\/index.php?rest_route=\/wp\/v2\/posts\/140930\/revisions"}],"wp:featuredmedia":[{"embeddable":true,"href":"https:\/\/aconteceunovale.com.br\/portal\/index.php?rest_route=\/wp\/v2\/media\/140932"}],"wp:attachment":[{"href":"https:\/\/aconteceunovale.com.br\/portal\/index.php?rest_route=%2Fwp%2Fv2%2Fmedia&parent=140930"}],"wp:term":[{"taxonomy":"category","embeddable":true,"href":"https:\/\/aconteceunovale.com.br\/portal\/index.php?rest_route=%2Fwp%2Fv2%2Fcategories&post=140930"},{"taxonomy":"post_tag","embeddable":true,"href":"https:\/\/aconteceunovale.com.br\/portal\/index.php?rest_route=%2Fwp%2Fv2%2Ftags&post=140930"}],"curies":[{"name":"wp","href":"https:\/\/api.w.org\/{rel}","templated":true}]}}