{"id":140921,"date":"2018-12-18T11:59:23","date_gmt":"2018-12-18T13:59:23","guid":{"rendered":"http:\/\/aconteceunovale.com.br\/portal\/?p=140921"},"modified":"2018-12-18T11:59:23","modified_gmt":"2018-12-18T13:59:23","slug":"funcionario-da-prefeitura-de-pedra-azul-morre-em-acidente-com-caminhao","status":"publish","type":"post","link":"https:\/\/aconteceunovale.com.br\/portal\/?p=140921","title":{"rendered":"Funcion\u00e1rio da Prefeitura de Pedra Azul morre em acidente com caminh\u00e3o"},"content":{"rendered":"<p>Um funcion\u00e1rio da Prefeitura Municipal de Pedra Azul, no Vale do Jequitinhonha, morreu em um acidente de trabalho dentro do Parque de Obras, no Bairro Bela Vista, nessa segunda-feira (17\/12\/2018). Segundo a Pol\u00edcia Militar, Milton Cerqueira Santos trabalhava como motorista e elevou a parte traseira de um caminh\u00e3o basculante para conferir se havia vazamento de \u00f3leo no ve\u00edculo.<\/p>\n<p>Ainda de acordo com a PM, testemunhas disseram que a ca\u00e7amba cedeu, prensando a cabe\u00e7a do motorista. Outros funcion\u00e1rios que estavam no local tentaram elevar o equipamento com a utiliza\u00e7\u00e3o de macaco hidr\u00e1ulico.<\/p>\n<p>O Servi\u00e7o de Atendimento M\u00f3vel de Urg\u00eancia (SAMU) foi acionado e iniciou atendimento da v\u00edtima, que n\u00e3o resistiu. A Per\u00edcia T\u00e9cnica da Pol\u00edcia Civil esteve no local e o corpo foi liberado para o Instituto M\u00e9dico Legal (IML).<\/p>\n<p>A Prefeitura de Pedra Azul emitiu comunicado oficial nas redes sociais manifestando \u201cprofundo sentimento de solidariedade \u00e0 fam\u00edlia e amigos\u201d. Tamb\u00e9m foi decretado luto oficial no munic\u00edpio nesta ter\u00e7a-feira (18), com expediente somente at\u00e9 \u00e0s 12h. A Secretaria de Assist\u00eancia Social adiou a Vesperata que estava agendada para amanh\u00e3 (19).<\/p>\n<p><strong>VER PRIMEIRO<\/strong><\/p>\n<p>Receba as not\u00edcias do Aconteceu no Vale em primeira m\u00e3o. Clique em curtir no endere\u00e7o <a href=\"https:\/\/www.facebook.com\/aconteceunovale\" target=\"_blank\"><font color=\"red\">www.facebook.com\/aconteceunovale<\/font><\/a> ou no box abaixo:<\/p>\n<div class=\"fb-like\" data-href=\"https:\/\/www.facebook.com\/aconteceunovale\" data-width=\"120\" data-layout=\"standard\" data-action=\"like\" data-size=\"small\" data-show-faces=\"true\" data-share=\"true\"><\/div>\n<p><\/br><\/p>\n<p><em>(Com G1 Vales)<\/em><\/p>\n","protected":false},"excerpt":{"rendered":"<p>Um funcion\u00e1rio da Prefeitura Municipal de Pedra Azul, no Vale do Jequitinhonha, morreu em um acidente de trabalho dentro do Parque de Obras, no Bairro Bela Vista, nessa segunda-feira (17\/12\/2018). Segundo a Pol\u00edcia Militar, Milton Cerqueira Santos trabalhava como motorista e elevou a parte traseira de um caminh\u00e3o basculante para conferir se havia vazamento de [&hellip;]<\/p>\n","protected":false},"author":1,"featured_media":140922,"comment_status":"open","ping_status":"closed","sticky":false,"template":"","format":"standard","meta":{"amp_status":"","footnotes":""},"categories":[120],"tags":[189816,189815,189814,44768,189812,1018,189818,189817,189813,455,90590,43868],"class_list":["post-140921","post","type-post","status-publish","format-standard","has-post-thumbnail","hentry","category-jequi","tag-acidente-com-caminhao-em-pedra-azul","tag-acidente-com-funcionario-publico-em-pedra-azul","tag-acidente-com-motorista-da-prefeitura-de-pedra-azul","tag-acidente-em-pedra-azul","tag-acidente-funcionario-prefeitura-de-pedra-azul","tag-destaque","tag-funcionario-da-prefeitura-de-pedra-azul-morre-em-acidente-com-caminhao","tag-milton-cerqueira-santos","tag-morte-funcionario-prefeitura-de-pedra-azul","tag-pedra-azul","tag-prefeitura-de-pedra-azul","tag-prefeitura-municipal-de-pedra-azul"],"_links":{"self":[{"href":"https:\/\/aconteceunovale.com.br\/portal\/index.php?rest_route=\/wp\/v2\/posts\/140921","targetHints":{"allow":["GET"]}}],"collection":[{"href":"https:\/\/aconteceunovale.com.br\/portal\/index.php?rest_route=\/wp\/v2\/posts"}],"about":[{"href":"https:\/\/aconteceunovale.com.br\/portal\/index.php?rest_route=\/wp\/v2\/types\/post"}],"author":[{"embeddable":true,"href":"https:\/\/aconteceunovale.com.br\/portal\/index.php?rest_route=\/wp\/v2\/users\/1"}],"replies":[{"embeddable":true,"href":"https:\/\/aconteceunovale.com.br\/portal\/index.php?rest_route=%2Fwp%2Fv2%2Fcomments&post=140921"}],"version-history":[{"count":0,"href":"https:\/\/aconteceunovale.com.br\/portal\/index.php?rest_route=\/wp\/v2\/posts\/140921\/revisions"}],"wp:featuredmedia":[{"embeddable":true,"href":"https:\/\/aconteceunovale.com.br\/portal\/index.php?rest_route=\/wp\/v2\/media\/140922"}],"wp:attachment":[{"href":"https:\/\/aconteceunovale.com.br\/portal\/index.php?rest_route=%2Fwp%2Fv2%2Fmedia&parent=140921"}],"wp:term":[{"taxonomy":"category","embeddable":true,"href":"https:\/\/aconteceunovale.com.br\/portal\/index.php?rest_route=%2Fwp%2Fv2%2Fcategories&post=140921"},{"taxonomy":"post_tag","embeddable":true,"href":"https:\/\/aconteceunovale.com.br\/portal\/index.php?rest_route=%2Fwp%2Fv2%2Ftags&post=140921"}],"curies":[{"name":"wp","href":"https:\/\/api.w.org\/{rel}","templated":true}]}}