{"id":140918,"date":"2018-12-18T11:42:04","date_gmt":"2018-12-18T13:42:04","guid":{"rendered":"http:\/\/aconteceunovale.com.br\/portal\/?p=140918"},"modified":"2018-12-18T11:42:04","modified_gmt":"2018-12-18T13:42:04","slug":"matriculas-para-a-rede-publica-de-ensino-de-minas-gerais-devem-ser-realizadas-ate-sexta-feira","status":"publish","type":"post","link":"https:\/\/aconteceunovale.com.br\/portal\/?p=140918","title":{"rendered":"Matr\u00edculas para a rede p\u00fablica de ensino de Minas Gerais devem ser realizadas at\u00e9 sexta-feira"},"content":{"rendered":"<p>Pais e respons\u00e1veis de estudantes que desejam ingressar na rede p\u00fablica de ensino em 2019 e que fizeram o cadastramento escolar devem procurar a escola para a qual o cadastrado foi encaminhado e realizar a matr\u00edcula at\u00e9 a pr\u00f3xima sexta-feira (21\/12\/2018).<\/p>\n<p>A matr\u00edcula \u00e9 importante para que o candidato cadastrado tenha a sua vaga assegurada na escola para a qual foi encaminhado. O candidato que n\u00e3o realizar a matr\u00edcula dentro do prazo ser\u00e1 encaminhado para a escola onde houver vaga remanescente.<\/p>\n<p>Para a efetiva\u00e7\u00e3o da matr\u00edcula, al\u00e9m do preenchimento da ficha, dever\u00e3o ser entregues, obrigatoriamente, na secretaria escolar:<\/p>\n<p>&#8211; c\u00f3pia e apresenta\u00e7\u00e3o do original de documento que comprove o endere\u00e7o da resid\u00eancia do candidato, em conformidade com o endere\u00e7o atestado no ato da inscri\u00e7\u00e3o, preferencialmente conta de luz recente.<\/p>\n<p>&#8211; c\u00f3pia e apresenta\u00e7\u00e3o do original da certid\u00e3o de nascimento ou carteira de identidade e CPF, caso possua;<\/p>\n<p>&#8211; comprovante de escolaridade, quando for o caso de transfer\u00eancia de outros munic\u00edpios, da rede particular de ensino ou retorno aos estudos.<\/p>\n<p><strong>Cadastramento escolar<\/strong><\/p>\n<p>Unificado para as redes municipais e estadual de Minas Gerais, o cadastramento escolar \u00e9 fundamental para que o aluno garanta uma vaga em uma escola pr\u00f3xima de sua resid\u00eancia.<\/p>\n<p>Al\u00e9m disso, ele permite ao Governo do Estado e \u00e0s prefeituras dimensionarem a demanda escolar, encaminhando com tranquilidade as crian\u00e7as que v\u00e3o iniciar os estudos, os alunos que desejam a transfer\u00eancia para a rede p\u00fablica e os estudantes que queiram retornar \u00e0 escola, seja qual for o ano do ensino fundamental.<\/p>\n<p><strong>VER PRIMEIRO<\/strong><\/p>\n<p>Receba as not\u00edcias do Aconteceu no Vale em primeira m\u00e3o. Clique em curtir no endere\u00e7o <a href=\"https:\/\/www.facebook.com\/aconteceunovale\" target=\"_blank\"><font color=\"red\">www.facebook.com\/aconteceunovale<\/font><\/a> ou no box abaixo:<\/p>\n<div class=\"fb-like\" data-href=\"https:\/\/www.facebook.com\/aconteceunovale\" data-width=\"120\" data-layout=\"standard\" data-action=\"like\" data-size=\"small\" data-show-faces=\"true\" data-share=\"true\"><\/div>\n<p><\/br><\/p>\n<p><em>(Fonte: Ag\u00eancia Minas)<\/em><\/p>\n","protected":false},"excerpt":{"rendered":"<p>Pais e respons\u00e1veis de estudantes que desejam ingressar na rede p\u00fablica de ensino em 2019 e que fizeram o cadastramento escolar devem procurar a escola para a qual o cadastrado foi encaminhado e realizar a matr\u00edcula at\u00e9 a pr\u00f3xima sexta-feira (21\/12\/2018). A matr\u00edcula \u00e9 importante para que o candidato cadastrado tenha a sua vaga assegurada [&hellip;]<\/p>\n","protected":false},"author":1,"featured_media":114832,"comment_status":"open","ping_status":"closed","sticky":false,"template":"","format":"standard","meta":{"amp_status":"","footnotes":""},"categories":[40238,123],"tags":[49003,148890,175538,49707,189810,189809,189811,189808],"class_list":["post-140918","post","type-post","status-publish","format-standard","has-post-thumbnail","hentry","category-educacao-2","category-gerais","tag-cadastramento-escolar","tag-cadastramento-escolar-2018","tag-cadastramento-escolar-2019","tag-cadastramento-escolar-em-minas-gerais","tag-cadastramento-escolar-mg","tag-cadastro-rede-publica-de-ensino-em-2019","tag-matriculas-para-a-rede-publica-de-ensino-de-minas-gerais-devem-ser-realizadas-ate-sexta-feira","tag-rede-publica-de-ensino-em-2019"],"_links":{"self":[{"href":"https:\/\/aconteceunovale.com.br\/portal\/index.php?rest_route=\/wp\/v2\/posts\/140918","targetHints":{"allow":["GET"]}}],"collection":[{"href":"https:\/\/aconteceunovale.com.br\/portal\/index.php?rest_route=\/wp\/v2\/posts"}],"about":[{"href":"https:\/\/aconteceunovale.com.br\/portal\/index.php?rest_route=\/wp\/v2\/types\/post"}],"author":[{"embeddable":true,"href":"https:\/\/aconteceunovale.com.br\/portal\/index.php?rest_route=\/wp\/v2\/users\/1"}],"replies":[{"embeddable":true,"href":"https:\/\/aconteceunovale.com.br\/portal\/index.php?rest_route=%2Fwp%2Fv2%2Fcomments&post=140918"}],"version-history":[{"count":0,"href":"https:\/\/aconteceunovale.com.br\/portal\/index.php?rest_route=\/wp\/v2\/posts\/140918\/revisions"}],"wp:featuredmedia":[{"embeddable":true,"href":"https:\/\/aconteceunovale.com.br\/portal\/index.php?rest_route=\/wp\/v2\/media\/114832"}],"wp:attachment":[{"href":"https:\/\/aconteceunovale.com.br\/portal\/index.php?rest_route=%2Fwp%2Fv2%2Fmedia&parent=140918"}],"wp:term":[{"taxonomy":"category","embeddable":true,"href":"https:\/\/aconteceunovale.com.br\/portal\/index.php?rest_route=%2Fwp%2Fv2%2Fcategories&post=140918"},{"taxonomy":"post_tag","embeddable":true,"href":"https:\/\/aconteceunovale.com.br\/portal\/index.php?rest_route=%2Fwp%2Fv2%2Ftags&post=140918"}],"curies":[{"name":"wp","href":"https:\/\/api.w.org\/{rel}","templated":true}]}}