{"id":140914,"date":"2018-12-18T11:35:51","date_gmt":"2018-12-18T13:35:51","guid":{"rendered":"http:\/\/aconteceunovale.com.br\/portal\/?p=140914"},"modified":"2018-12-18T11:35:51","modified_gmt":"2018-12-18T13:35:51","slug":"copasa-informa-interrupcao-no-abastecimento-de-agua-em-capelinha","status":"publish","type":"post","link":"https:\/\/aconteceunovale.com.br\/portal\/?p=140914","title":{"rendered":"Copasa informa interrup\u00e7\u00e3o no abastecimento de \u00e1gua em Capelinha"},"content":{"rendered":"<p>A Assessoria de Comunica\u00e7\u00e3o da Companhia de Saneamento de Minas Gerais (COPASA) divulgou nota na manh\u00e3 desta ter\u00e7a-feira (18\/12\/2018) informando sobre a interrup\u00e7\u00e3o no abastecimento de \u00e1gua em Capelinha, no Vale do Jequitinhonha. De acordo com a nota, o servi\u00e7o foi interrompido emergencialmente devido \u00e0 falta de energia el\u00e9trica.<\/p>\n<p>Confira a nota: <em>\u201cA Copasa informa que o abastecimento de \u00e1gua em Capelinha foi interrompido emergencialmente nesta ter\u00e7a-feira (18\/12), devido \u00e0 falta de energia el\u00e9trica por parte da concession\u00e1ria respons\u00e1vel. A previs\u00e3o \u00e9 que o fornecimento de \u00e1gua seja normalizado, de forma gradativa, no decorrer da noite de sexta-feira (21)\u201d.<\/em><\/p>\n<p><strong>VER PRIMEIRO<\/strong><\/p>\n<p>Receba as not\u00edcias do Aconteceu no Vale em primeira m\u00e3o. Clique em curtir no endere\u00e7o <a href=\"https:\/\/www.facebook.com\/aconteceunovale\" target=\"_blank\"><font color=\"red\">www.facebook.com\/aconteceunovale<\/font><\/a> ou no box abaixo:<\/p>\n<div class=\"fb-like\" data-href=\"https:\/\/www.facebook.com\/aconteceunovale\" data-width=\"120\" data-layout=\"standard\" data-action=\"like\" data-size=\"small\" data-show-faces=\"true\" data-share=\"true\"><\/div>\n<p><\/br><\/p>\n","protected":false},"excerpt":{"rendered":"<p>A Assessoria de Comunica\u00e7\u00e3o da Companhia de Saneamento de Minas Gerais (COPASA) divulgou nota na manh\u00e3 desta ter\u00e7a-feira (18\/12\/2018) informando sobre a interrup\u00e7\u00e3o no abastecimento de \u00e1gua em Capelinha, no Vale do Jequitinhonha. De acordo com a nota, o servi\u00e7o foi interrompido emergencialmente devido \u00e0 falta de energia el\u00e9trica. Confira a nota: \u201cA Copasa informa [&hellip;]<\/p>\n","protected":false},"author":1,"featured_media":140916,"comment_status":"open","ping_status":"closed","sticky":false,"template":"","format":"standard","meta":{"amp_status":"","footnotes":""},"categories":[120],"tags":[159306,189806,132,189807,159304,189805,162334,118866],"class_list":["post-140914","post","type-post","status-publish","format-standard","has-post-thumbnail","hentry","category-jequi","tag-abastecimento-de-agua-em-capelinha","tag-aviso-copasa-em-capelinha","tag-capelinha","tag-comunicado-copasa-capelinha","tag-copasa-capelinha","tag-copasa-informa-interrupcao-no-abastecimento-de-agua-em-capelinha","tag-desabastecimento-de-agua-em-capelinha","tag-falta-de-agua-em-capelinha"],"_links":{"self":[{"href":"https:\/\/aconteceunovale.com.br\/portal\/index.php?rest_route=\/wp\/v2\/posts\/140914","targetHints":{"allow":["GET"]}}],"collection":[{"href":"https:\/\/aconteceunovale.com.br\/portal\/index.php?rest_route=\/wp\/v2\/posts"}],"about":[{"href":"https:\/\/aconteceunovale.com.br\/portal\/index.php?rest_route=\/wp\/v2\/types\/post"}],"author":[{"embeddable":true,"href":"https:\/\/aconteceunovale.com.br\/portal\/index.php?rest_route=\/wp\/v2\/users\/1"}],"replies":[{"embeddable":true,"href":"https:\/\/aconteceunovale.com.br\/portal\/index.php?rest_route=%2Fwp%2Fv2%2Fcomments&post=140914"}],"version-history":[{"count":0,"href":"https:\/\/aconteceunovale.com.br\/portal\/index.php?rest_route=\/wp\/v2\/posts\/140914\/revisions"}],"wp:featuredmedia":[{"embeddable":true,"href":"https:\/\/aconteceunovale.com.br\/portal\/index.php?rest_route=\/wp\/v2\/media\/140916"}],"wp:attachment":[{"href":"https:\/\/aconteceunovale.com.br\/portal\/index.php?rest_route=%2Fwp%2Fv2%2Fmedia&parent=140914"}],"wp:term":[{"taxonomy":"category","embeddable":true,"href":"https:\/\/aconteceunovale.com.br\/portal\/index.php?rest_route=%2Fwp%2Fv2%2Fcategories&post=140914"},{"taxonomy":"post_tag","embeddable":true,"href":"https:\/\/aconteceunovale.com.br\/portal\/index.php?rest_route=%2Fwp%2Fv2%2Ftags&post=140914"}],"curies":[{"name":"wp","href":"https:\/\/api.w.org\/{rel}","templated":true}]}}