{"id":140904,"date":"2018-12-18T00:07:22","date_gmt":"2018-12-18T02:07:22","guid":{"rendered":"http:\/\/aconteceunovale.com.br\/portal\/?p=140904"},"modified":"2018-12-18T00:07:22","modified_gmt":"2018-12-18T02:07:22","slug":"homem-e-morto-pela-policia-ao-tentar-matar-ex-namorada-em-montes-claros","status":"publish","type":"post","link":"https:\/\/aconteceunovale.com.br\/portal\/?p=140904","title":{"rendered":"Homem \u00e9 morto pela pol\u00edcia ao tentar matar ex-namorada em Montes Claros"},"content":{"rendered":"<p>A Pol\u00edcia Militar (PM) de Montes Claros detalhou em coletiva no in\u00edcio da tarde desta segunda-feira (17\/12\/2018) o resgate de tr\u00eas v\u00edtimas de uma mesma fam\u00edlia que foram feitas ref\u00e9ns. Duas mulheres e uma crian\u00e7a foram surpreendidas por um homem de 28 anos que invadiu a casa delas e as agrediu, antes de ser morto pela pol\u00edcia. O autor, Guilherme Pereira dos Santos, foi atingido por tr\u00eas disparos quando avan\u00e7ou para esfaquear a ex-namorada dele, de 32 anos, que estava entre as v\u00edtimas e j\u00e1 estava ferida com cortes de faca no rosto e no pesco\u00e7o.<\/p>\n<p>De acordo com a PM, as negocia\u00e7\u00f5es duraram mais de 30 minutos. Guilherme Pereira foi visto atrav\u00e9s de muros da resid\u00eancia da m\u00e3e da ex-namorada, na Rua dos Mangabeiras, no Bairro C\u00e2ndida C\u00e2mara. A ex-sogra, de 56 anos, foi liberada pelo agressor ap\u00f3s conversas com os policiais. Ela foi atingida por murros durante as discuss\u00f5es com o homem. A crian\u00e7a, de 10 anos, filha da mulher de 32 anos, foi retirada do im\u00f3vel atrav\u00e9s de uma janela sem que ele autorizasse.<\/p>\n<p>De acordo com o tenente da PM, Ricardo Pardim, no fim da opera\u00e7\u00e3o s\u00f3 restavam dentro da casa Guilherme Pereira e a ex-namorada. A mulher foi vista pelos policiais atrav\u00e9s dos muros j\u00e1 ferida. O tenente explica que a decis\u00e3o de atirar contra o agressor ocorreu quando ele se jogou contra a ex, como se quisesse desferir contra ela mais golpes de faca.<\/p>\n<p>\u201cA PM decidiu intervir em favor da vida da v\u00edtima. Durante a negocia\u00e7\u00e3o, ele tomou atitude que despertou alerta, porque estava ao lado da v\u00edtima com faca no pesco\u00e7o o tempo todo, mas em determinado momento, ele foi pra cima dela. Quando ele montou sobre ela e fez men\u00e7\u00e3o de golpe, a PM n\u00e3o teve alternativa e efetuou os disparos\u201d, explica o policial.<\/p>\n<p>Guilherme Pereira foi atingido no t\u00f3rax, no bra\u00e7o e na cabe\u00e7a. A PM acredita que a motiva\u00e7\u00e3o que o levou a cometer o crime esteja relacionada ao t\u00e9rmino do relacionamento. \u201cChegamos a conversar com ele, argumentamos sobre a fam\u00edlia dele, para que ele n\u00e3o fizesse nada de que iria se arrepender. Ele respondeu que a fam\u00edlia era a ex, apenas\u201d, comenta o tenente Pardim.<\/p>\n<p>Segundo a pol\u00edcia, o agressor trabalhava em um bar de Montes Claros e j\u00e1 tinha passagem criminal por estupro de vulner\u00e1vel. O crime teria ocorrido em 2013 e Guilherme Pereira seria considerado foragido da Justi\u00e7a desde o ano passado. A PM afirma que um mandado de pris\u00e3o foi expedido contra ele pela comarca de Francisco S\u00e1, e ele deveria cumprir 10 anos de deten\u00e7\u00e3o.<\/p>\n<p>Em rela\u00e7\u00e3o ao policial que efetuou os disparos contra o agressor, o tenente Pardim afirma que ele deve ser submetido a Pol\u00edcia Militar Judici\u00e1ria para procedimentos de praxe, mas considera a a\u00e7\u00e3o bem-sucedida.<\/p>\n<p>\u201cS\u00e3o procedimentos de praxe, mas \u00e9 bom que se esclare\u00e7a que a a\u00e7\u00e3o do militar est\u00e1 amparada por instrumentos de licitude, pela leg\u00edtima defesa de terceiros. A a\u00e7\u00e3o foi de sucesso porque salvamos tr\u00eas pessoas. Resgatamos tr\u00eas mulheres de um indiv\u00edduo que estava disposto a mat\u00e1-las. Encontramos um cen\u00e1rio em que ele j\u00e1 havia come\u00e7ado a agir, ent\u00e3o a tend\u00eancia de que o caso se agravasse era latente. A a\u00e7\u00e3o dos militares foi pautada na lei e foram salvas tr\u00eas pessoas\u201d, declara.<\/p>\n<p><strong>Entenda o caso<\/strong><\/p>\n<p>Guilherme Pereira foi morto pela pol\u00edcia enquanto fazia a ex-namorada de ref\u00e9m nessa segunda-feira (17), em Montes Claros (MG). Segundo a Pol\u00edcia Militar, o homem invadiu a casa no Bairro C\u00e2ndida C\u00e2mara, agrediu a ex e a m\u00e3e dela, de 56 anos. A filha da mulher, de 10 anos, estava no local quando o homem invadiu o im\u00f3vel e se trancou em um quarto. Ela n\u00e3o ficou ferida.<\/p>\n<p>Quando a pol\u00edcia chegou ao local, o homem mantinha a mulher ref\u00e9m e a agrediu com duas facadas. Os militares atiraram para evitar que ele matasse a mulher.<\/p>\n<p>A mulher foi esfaqueada no rosto e no pesco\u00e7o e encaminhada ao hospital por uma equipe do Samu. A m\u00e3e dela, que foi agredida com socos, e a crian\u00e7a tamb\u00e9m foram levadas para o hospital. A Unidade informou que elas est\u00e3o est\u00e1veis.<\/p>\n<p>Um inqu\u00e9rito foi aberto pela Pol\u00edcia Civil para investigar o caso. Equipes da Delegacia de Homic\u00eddios estiveram no im\u00f3vel e fizeram os primeiros levantamentos para investigar o caso. Foram recolhidas roupas, cartas escritas pelo suspeito para a v\u00edtima, celular e a faca usada no crime. O corpo do homem foi encaminhado para o Posto M\u00e9dico Legal para os exames de necropsia.<\/p>\n<p><strong>VER PRIMEIRO<\/strong><\/p>\n<p>Receba as not\u00edcias do Aconteceu no Vale em primeira m\u00e3o. Clique em curtir no endere\u00e7o <a href=\"https:\/\/www.facebook.com\/aconteceunovale\" target=\"_blank\"><font color=\"red\">www.facebook.com\/aconteceunovale<\/font><\/a> ou no box abaixo:<\/p>\n<div class=\"fb-like\" data-href=\"https:\/\/www.facebook.com\/aconteceunovale\" data-width=\"120\" data-layout=\"standard\" data-action=\"like\" data-size=\"small\" data-show-faces=\"true\" data-share=\"true\"><\/div>\n<p><\/br><\/p>\n<p><em>(Fonte: G1 Grande Minas e Estado de Minas)<\/em><\/p>\n","protected":false},"excerpt":{"rendered":"<p>A Pol\u00edcia Militar (PM) de Montes Claros detalhou em coletiva no in\u00edcio da tarde desta segunda-feira (17\/12\/2018) o resgate de tr\u00eas v\u00edtimas de uma mesma fam\u00edlia que foram feitas ref\u00e9ns. Duas mulheres e uma crian\u00e7a foram surpreendidas por um homem de 28 anos que invadiu a casa delas e as agrediu, antes de ser morto [&hellip;]<\/p>\n","protected":false},"author":1,"featured_media":140909,"comment_status":"open","ping_status":"closed","sticky":false,"template":"","format":"standard","meta":{"amp_status":"","footnotes":""},"categories":[1236],"tags":[189792,189791,1429,1395,189794,189793,189797,210,100331,100335,189796,189795,60126],"class_list":["post-140904","post","type-post","status-publish","format-standard","has-post-thumbnail","hentry","category-norte_de_minas","tag-amanda-coelho","tag-amanda-coelho-durazo","tag-capitao-eneas","tag-francisco-sa","tag-guilherme-pereira","tag-guilherme-pereira-dos-santos","tag-homem-e-morto-pela-policia-ao-tentar-matar-ex-namorada-em-montes-claros","tag-montes-claros","tag-morto-pela-pm-em-montes-claros","tag-morto-pela-policia-em-montes-claros","tag-morto-pela-policia-militar-em-montes-claros","tag-refem-montes-claros","tag-sequestro-em-montes-claros"],"_links":{"self":[{"href":"https:\/\/aconteceunovale.com.br\/portal\/index.php?rest_route=\/wp\/v2\/posts\/140904","targetHints":{"allow":["GET"]}}],"collection":[{"href":"https:\/\/aconteceunovale.com.br\/portal\/index.php?rest_route=\/wp\/v2\/posts"}],"about":[{"href":"https:\/\/aconteceunovale.com.br\/portal\/index.php?rest_route=\/wp\/v2\/types\/post"}],"author":[{"embeddable":true,"href":"https:\/\/aconteceunovale.com.br\/portal\/index.php?rest_route=\/wp\/v2\/users\/1"}],"replies":[{"embeddable":true,"href":"https:\/\/aconteceunovale.com.br\/portal\/index.php?rest_route=%2Fwp%2Fv2%2Fcomments&post=140904"}],"version-history":[{"count":0,"href":"https:\/\/aconteceunovale.com.br\/portal\/index.php?rest_route=\/wp\/v2\/posts\/140904\/revisions"}],"wp:featuredmedia":[{"embeddable":true,"href":"https:\/\/aconteceunovale.com.br\/portal\/index.php?rest_route=\/wp\/v2\/media\/140909"}],"wp:attachment":[{"href":"https:\/\/aconteceunovale.com.br\/portal\/index.php?rest_route=%2Fwp%2Fv2%2Fmedia&parent=140904"}],"wp:term":[{"taxonomy":"category","embeddable":true,"href":"https:\/\/aconteceunovale.com.br\/portal\/index.php?rest_route=%2Fwp%2Fv2%2Fcategories&post=140904"},{"taxonomy":"post_tag","embeddable":true,"href":"https:\/\/aconteceunovale.com.br\/portal\/index.php?rest_route=%2Fwp%2Fv2%2Ftags&post=140904"}],"curies":[{"name":"wp","href":"https:\/\/api.w.org\/{rel}","templated":true}]}}