{"id":140898,"date":"2018-12-17T22:25:56","date_gmt":"2018-12-18T00:25:56","guid":{"rendered":"http:\/\/aconteceunovale.com.br\/portal\/?p=140898"},"modified":"2018-12-17T22:25:56","modified_gmt":"2018-12-18T00:25:56","slug":"colisao-entre-moto-e-ambulancia-deixa-um-morto-na-br-116-em-teofilo-otoni","status":"publish","type":"post","link":"https:\/\/aconteceunovale.com.br\/portal\/?p=140898","title":{"rendered":"Colis\u00e3o entre moto e ambul\u00e2ncia deixa um morto na BR-116, em Te\u00f3filo Otoni"},"content":{"rendered":"<p>Um motociclista de 52 anos morreu em um acidente na manh\u00e3 desta segunda-feira (17\/12\/2018) na altura do km 268 da BR-116, em Te\u00f3filo Otoni, no Vale do Mucuri. Segundo a Pol\u00edcia Rodovi\u00e1ria Federal (PRF), Alexandre Le\u00e3o Gazel bateu de frente com uma ambul\u00e2ncia em uma curva na Serra do Nicoleti, trecho que registra grande n\u00famero de acidentes na regi\u00e3o.<\/p>\n<p>Ainda de acordo com a PRF, a ambul\u00e2ncia pertence ao munic\u00edpio de Te\u00f3filo Otoni e transportava dois pacientes do Distrito de Top\u00e1zio. O motorista do ve\u00edculo foi submetido ao teste do baf\u00f4metro, que acusou a presen\u00e7a 0,31 miligramas de \u00e1lcool por litro de ar expelido. Ele foi conduzido \u00e0 Delegacia de Pol\u00edcia Civil para prestar esclarecimentos. <\/p>\n<p>Os tr\u00eas ocupantes da ambul\u00e2ncia n\u00e3o ficaram feridos. A Per\u00edcia T\u00e9cnica da Pol\u00edcia Civil foi acionada e liberou o corpo de Alexandre Gazel para o Instituto M\u00e9dico Legal (IML) de Te\u00f3filo Otoni. As causas do acidente ser\u00e3o apuradas.<\/p>\n<p><img decoding=\"async\" src=\"http:\/\/aconteceunovale.com.br\/portal\/wp-content\/uploads\/2018\/12\/acidente_moto_ambulancia_teo_1.jpg\" alt=\"\" \/><em>(Foto: Reprodu\u00e7\u00e3o\/WhatsApp)<\/em><br \/>\n<\/br><\/p>\n<p><img decoding=\"async\" src=\"http:\/\/aconteceunovale.com.br\/portal\/wp-content\/uploads\/2018\/12\/acidente_moto_ambulancia_teo_2.jpg\" alt=\"\" \/><em>(Foto: Reprodu\u00e7\u00e3o\/WhatsApp)<\/em><br \/>\n<\/br><\/p>\n<p><img decoding=\"async\" src=\"http:\/\/aconteceunovale.com.br\/portal\/wp-content\/uploads\/2018\/12\/acidente_moto_ambulancia_teo_3.jpg\" alt=\"\" \/><em>(Foto: Reprodu\u00e7\u00e3o\/P\u00e1gina Elvis Passos)<\/em><br \/>\n<\/br><\/p>\n<p><strong>NOTA DA PREFEITURA DE TE\u00d3FILO OTONI<\/strong><\/p>\n<p><em>Em rela\u00e7\u00e3o ao acidente ocorrido na manh\u00e3 desta segunda-feira, 17\/12, envolvendo uma ambul\u00e2ncia do munic\u00edpio de Te\u00f3filo Otoni, a Prefeitura esclarece que:<\/p>\n<p>&#8211; O ve\u00edculo atende com exclusividade \u00e0 comunidade do Distrito de Top\u00e1zio, fazendo diariamente o trajeto com pacientes para atendimento nos hospitais de Te\u00f3filo Otoni;<\/p>\n<p>&#8211; O motorista condutor da ambul\u00e2ncia era morador do Distrito de Top\u00e1zio e o ve\u00edculo ficava integralmente \u00e0 disposi\u00e7\u00e3o da comunidade e do PSF local;<\/p>\n<p>&#8211; Os pacientes que estavam na ambul\u00e2ncia n\u00e3o sofreram nenhum tipo de ferimento em decorr\u00eancia do acidente;<\/p>\n<p>&#8211; O motorista da ambul\u00e2ncia prestou todos os esclarecimentos \u00e0 Pol\u00edcia Civil durante a manh\u00e3 e tarde desta segunda-feira, 17\/12;<\/p>\n<p>A Prefeitura de Te\u00f3filo Otoni vai aguardar o resultado da apura\u00e7\u00e3o do acidente, que est\u00e1 a cargo da Pol\u00edcia Civil, para tomar as medidas legais e cab\u00edveis em rela\u00e7\u00e3o ao caso.<\/p>\n<p>O munic\u00edpio de Te\u00f3filo Otoni se solidariza com a fam\u00edlia de Alexandre Le\u00e3o Gazel, que perdeu a vida tragicamente neste acidente.<\/em><\/p>\n<p><strong>VER PRIMEIRO<\/strong><\/p>\n<p>Receba as not\u00edcias do Aconteceu no Vale em primeira m\u00e3o. Clique em curtir no endere\u00e7o <a href=\"https:\/\/www.facebook.com\/aconteceunovale\" target=\"_blank\"><font color=\"red\">www.facebook.com\/aconteceunovale<\/font><\/a> ou no box abaixo:<\/p>\n<div class=\"fb-like\" data-href=\"https:\/\/www.facebook.com\/aconteceunovale\" data-width=\"120\" data-layout=\"standard\" data-action=\"like\" data-size=\"small\" data-show-faces=\"true\" data-share=\"true\"><\/div>\n<p><\/br><\/p>\n<p><em>(Com G1 Vales e Prefeitura de Te\u00f3filo Otoni)<\/em><\/p>\n","protected":false},"excerpt":{"rendered":"<p>Um motociclista de 52 anos morreu em um acidente na manh\u00e3 desta segunda-feira (17\/12\/2018) na altura do km 268 da BR-116, em Te\u00f3filo Otoni, no Vale do Mucuri. Segundo a Pol\u00edcia Rodovi\u00e1ria Federal (PRF), Alexandre Le\u00e3o Gazel bateu de frente com uma ambul\u00e2ncia em uma curva na Serra do Nicoleti, trecho que registra grande n\u00famero [&hellip;]<\/p>\n","protected":false},"author":1,"featured_media":140900,"comment_status":"open","ping_status":"closed","sticky":false,"template":"","format":"standard","meta":{"amp_status":"","footnotes":""},"categories":[122],"tags":[189785,189788,13880,31846,3945,189783,189782,189780,189779,189784,189786,189787,189789,189790,1018,58435,189781,164],"class_list":["post-140898","post","type-post","status-publish","format-standard","has-post-thumbnail","hentry","category-mucuri","tag-acidente-com-ambulancia-da-prefeitura-de-teofilo-otoni","tag-acidente-com-ambulancia-de-topazio","tag-acidente-em-teofilo-otoni","tag-acidente-na-br-116-em-teofilo-otoni","tag-acidente-na-br-116","tag-acidente-na-br-116-na-serra-do-nicoleti","tag-acidente-na-serra-do-nicoleti","tag-alexandre-gazel","tag-alexandre-leao-gazel","tag-ambulancia-da-prefeitura-de-teofilo-otoni","tag-ambulancia-da-prefeitura-de-teofilo-otoni-na-br-116","tag-ambulancia-de-topazio","tag-colisao-entre-moto-e-ambulancia-deixa-um-morto-na-br-116","tag-colisao-entre-moto-e-ambulancia-deixa-um-morto-na-br-116-em-teofilo-otoni","tag-destaque","tag-em-teofilo-otoni","tag-serra-do-nicoleti","tag-teofilo-otoni"],"_links":{"self":[{"href":"https:\/\/aconteceunovale.com.br\/portal\/index.php?rest_route=\/wp\/v2\/posts\/140898","targetHints":{"allow":["GET"]}}],"collection":[{"href":"https:\/\/aconteceunovale.com.br\/portal\/index.php?rest_route=\/wp\/v2\/posts"}],"about":[{"href":"https:\/\/aconteceunovale.com.br\/portal\/index.php?rest_route=\/wp\/v2\/types\/post"}],"author":[{"embeddable":true,"href":"https:\/\/aconteceunovale.com.br\/portal\/index.php?rest_route=\/wp\/v2\/users\/1"}],"replies":[{"embeddable":true,"href":"https:\/\/aconteceunovale.com.br\/portal\/index.php?rest_route=%2Fwp%2Fv2%2Fcomments&post=140898"}],"version-history":[{"count":0,"href":"https:\/\/aconteceunovale.com.br\/portal\/index.php?rest_route=\/wp\/v2\/posts\/140898\/revisions"}],"wp:featuredmedia":[{"embeddable":true,"href":"https:\/\/aconteceunovale.com.br\/portal\/index.php?rest_route=\/wp\/v2\/media\/140900"}],"wp:attachment":[{"href":"https:\/\/aconteceunovale.com.br\/portal\/index.php?rest_route=%2Fwp%2Fv2%2Fmedia&parent=140898"}],"wp:term":[{"taxonomy":"category","embeddable":true,"href":"https:\/\/aconteceunovale.com.br\/portal\/index.php?rest_route=%2Fwp%2Fv2%2Fcategories&post=140898"},{"taxonomy":"post_tag","embeddable":true,"href":"https:\/\/aconteceunovale.com.br\/portal\/index.php?rest_route=%2Fwp%2Fv2%2Ftags&post=140898"}],"curies":[{"name":"wp","href":"https:\/\/api.w.org\/{rel}","templated":true}]}}