{"id":140886,"date":"2018-12-17T20:01:23","date_gmt":"2018-12-17T22:01:23","guid":{"rendered":"http:\/\/aconteceunovale.com.br\/portal\/?p=140886"},"modified":"2018-12-17T20:01:23","modified_gmt":"2018-12-17T22:01:23","slug":"defesa-entra-com-pedido-de-prisao-domiciliar-para-joao-de-deus","status":"publish","type":"post","link":"https:\/\/aconteceunovale.com.br\/portal\/?p=140886","title":{"rendered":"Defesa entra com pedido de pris\u00e3o domiciliar para Jo\u00e3o de Deus"},"content":{"rendered":"<p>O advogado Alberto Toron, que defende o m\u00e9dium Jo\u00e3o de Deus, de 76 anos, entrou hoje (17) \u00e0 tarde com habeas corpus para transformar a decis\u00e3o judicial de pris\u00e3o preventiva em pris\u00e3o domiciliar com tornozeleira. Segundo o advogado, \u00e9 preciso levar em conta a idade avan\u00e7ada e o estado de sa\u00fade de Jo\u00e3o de Deus.<\/p>\n<p>O m\u00e9dium passou a noite em uma cela de 16 metros quadrados com pia e vaso sanit\u00e1rio, no Complexo Prisional de Aparecida de Goi\u00e2nia, denominado N\u00facleo de Cust\u00f3dia. O pedido de pris\u00e3o preventiva se sustentou em 15 den\u00fancias j\u00e1 formalizadas em Goi\u00e2nia \u2013 todas por crimes sexuais.<\/p>\n<p>Ontem (16), Jo\u00e3o de Deus foi submetido a exame de corpo de delito no Instituto M\u00e9dico-Legal (IML). O m\u00e9dium, segundo os advogados, \u00e9 card\u00edaco e superou h\u00e1 pouco tempo um c\u00e2ncer.<\/p>\n<p>Apenas no final da tarde de ontem Jo\u00e3o de Deus se entregou, em uma estrada de terra na regi\u00e3o de Abadi\u00e2nia, em Goi\u00e1s. De acordo com os advogados, o lugar foi escolhido para preservar o m\u00e9dium. Por\u00e9m, policiais confirmaram que houve uma longa negocia\u00e7\u00e3o para ele se entregar.<\/p>\n<p>Os advogados reiteram a inoc\u00eancia de Jo\u00e3o de Deus e levantam d\u00favidas sobre o comportamento das poss\u00edveis v\u00edtimas e o conte\u00fado de seus depoimentos.<\/p>\n<p><strong>Dinheiro<\/strong><\/p>\n<p>Questionado sobre a movimenta\u00e7\u00e3o de cerca de R$ 35 milh\u00f5es nas contas de Jo\u00e3o de Deus, o advogado considerou \u201cnormal\u201d. De acordo com Toron, o m\u00e9dium n\u00e3o sacou o dinheiro, apenas retirou de aplica\u00e7\u00e3o. \u201cO dinheiro n\u00e3o foi sacado, [ele] apenas baixou as aplica\u00e7\u00f5es\u201d, afirmou. Com isso, \u201ccaiu por terra\u201d a suspeita de fuga.<\/p>\n<p>O advogado Ronivan Peixoto Morais J\u00fanior disse que Jo\u00e3o de Deus poderia fazer movimenta\u00e7\u00f5es financeiras, pois seus bens n\u00e3o estavam bloqueados. Para ele, a suspeita de oculta\u00e7\u00e3o de bens, como foi divulgado, pode ser um pr\u00e9-julgamento do Minist\u00e9rio P\u00fablico.<\/p>\n<p>\u201cQual o problema de algu\u00e9m movimentar sua conta? Existe um bloqueio de bens dele?\u201d, reagiu o advogado. \u201c\u00c9 um pr\u00e9-julgamento que o Minist\u00e9rio P\u00fablico est\u00e1 fazendo.N\u00e3o sei qual foi o tipo de den\u00fancia foi fomentada, mas certamente para tentar justificar o bloqueio de bens dele.\u201d<\/p>\n<p><strong>Filha<\/strong><\/p>\n<p>Ronivan J\u00fanior disse que teve acesso a v\u00eddeos e depoimentos de Dalva Teixeira, filha de Jo\u00e3o de Deus, que acusou o pai de abuso sexual e estupro. Segundo o advogado, a mulher chegou a pedir desculpas para o pai e negou as acusa\u00e7\u00f5es. Ele disse que a mulher foi levada por press\u00e3o familiar a fazer as den\u00fancias.<\/p>\n<p>Tanto Ronivan J\u00fanior quanto Toron levantaram d\u00favidas sobre a credibilidade das mais de 330 den\u00fancias de abuso sexual feitas contra Jo\u00e3o de Deus. Ronivan ressaltou que os atendimentos eram feitos em um espa\u00e7o transparente, enquanto Toron disse estranhar que uma v\u00edtima retornasse ao local onde foi agredida.<\/p>\n<p><strong>VER PRIMEIRO<\/strong><\/p>\n<p>Receba as not\u00edcias do Aconteceu no Vale em primeira m\u00e3o. Clique em curtir no endere\u00e7o <a href=\"https:\/\/www.facebook.com\/aconteceunovale\" target=\"_blank\"><font color=\"red\">www.facebook.com\/aconteceunovale<\/font><\/a> ou no box abaixo:<\/p>\n<div class=\"fb-like\" data-href=\"https:\/\/www.facebook.com\/aconteceunovale\" data-width=\"120\" data-layout=\"standard\" data-action=\"like\" data-size=\"small\" data-show-faces=\"true\" data-share=\"true\"><\/div>\n<p><\/br><\/p>\n<p><em>(Fonte: Ag\u00eancia Brasil)<\/em><\/p>\n","protected":false},"excerpt":{"rendered":"<p>O advogado Alberto Toron, que defende o m\u00e9dium Jo\u00e3o de Deus, de 76 anos, entrou hoje (17) \u00e0 tarde com habeas corpus para transformar a decis\u00e3o judicial de pris\u00e3o preventiva em pris\u00e3o domiciliar com tornozeleira. Segundo o advogado, \u00e9 preciso levar em conta a idade avan\u00e7ada e o estado de sa\u00fade de Jo\u00e3o de Deus. [&hellip;]<\/p>\n","protected":false},"author":1,"featured_media":140527,"comment_status":"open","ping_status":"closed","sticky":false,"template":"","format":"standard","meta":{"amp_status":"","footnotes":""},"categories":[6],"tags":[90986,189120,189134,189626,189628,189619,189614,189128,189129,189123,189135,166467,189637,189765,189124,189133,189130,189131,189136,116170,4609,84400,189122,189616,189618,189118,189612,189132,189476,189127,189473,189477,189311,189119,189121,189613,189627,189620,157513,189126,189611,189478,361,189125,19707,189475,189617,189766,189474,81958,189615,189472],"class_list":["post-140886","post","type-post","status-publish","format-standard","has-post-thumbnail","hentry","category-br","tag-abadiania","tag-abuso-sexual","tag-abusos-contra-joao-de-deus","tag-acusado-de-abuso-sexual","tag-acusado-de-abuso-sexual-medium-joao-de-deus-e-preso-em-goias","tag-acusado-de-abuso-sexual-medium-joao-de-deus-ficara-em-cela-individual-e-isolada","tag-alberto-toron","tag-andre-fernandes","tag-casa-dom-inacio-de-loyola","tag-caso-medium-joao-de-deus","tag-como-fazer-denuncia-de-abusos-contra-joao-de-deus","tag-complexo-prisional-de-aparecida-de-goiania","tag-defesa-deve-pedir-nesta-segunda-feira-prisao-domiciliar-para-joao-de-deus","tag-defesa-entra-com-pedido-de-prisao-domiciliar-para-joao-de-deus","tag-denuncias-contra-medium-joao-de-deus","tag-e-mail-para-denuncias-de-abusos-contra-joao-de-deus","tag-escandalo-envolvendo-joao-de-deus","tag-escandalo-joao-de-deus","tag-federacao-espirita-brasileira","tag-forca-tarefa","tag-goiania","tag-habeas-corpus","tag-investigacao-medium-joao-de-deus","tag-joao-de-abadiania","tag-joao-de-abadiania-e-preso","tag-joao-de-deus","tag-joao-de-deus-e-preso","tag-joao-de-deus-nega-acusacoes","tag-joao-de-deus-sera-preso","tag-joao-teixeira-de-faria","tag-justica-determina-prisao-do-medium-joao-de-deus","tag-justica-manda-prender-joao-de-deus","tag-mais-de-200-mulheres-ja-denunciaram-joao-de-deus","tag-medium","tag-medium-joao-de-deus","tag-medium-joao-de-deus-e-preso","tag-medium-joao-de-deus-e-preso-em-goias","tag-medium-joao-de-deus-ficara-em-cela-individual-e-isolada","tag-ministerio-publico-de-goias","tag-mp-go","tag-nucleo-de-custodia","tag-ordem-de-prisao-de-joao-de-deus","tag-policia-civil","tag-policia-e-ministerio-publico-de-goias-vao-apurar-denuncias-contra-medium-joao-de-deus","tag-prisao","tag-prisao-de-joao-de-deus","tag-prisao-do-joao-de-abadiania","tag-prisao-do-medium","tag-prisao-do-medium-joao-de-deus","tag-prisao-preventiva","tag-ronivam-junior","tag-tj-go"],"_links":{"self":[{"href":"https:\/\/aconteceunovale.com.br\/portal\/index.php?rest_route=\/wp\/v2\/posts\/140886","targetHints":{"allow":["GET"]}}],"collection":[{"href":"https:\/\/aconteceunovale.com.br\/portal\/index.php?rest_route=\/wp\/v2\/posts"}],"about":[{"href":"https:\/\/aconteceunovale.com.br\/portal\/index.php?rest_route=\/wp\/v2\/types\/post"}],"author":[{"embeddable":true,"href":"https:\/\/aconteceunovale.com.br\/portal\/index.php?rest_route=\/wp\/v2\/users\/1"}],"replies":[{"embeddable":true,"href":"https:\/\/aconteceunovale.com.br\/portal\/index.php?rest_route=%2Fwp%2Fv2%2Fcomments&post=140886"}],"version-history":[{"count":0,"href":"https:\/\/aconteceunovale.com.br\/portal\/index.php?rest_route=\/wp\/v2\/posts\/140886\/revisions"}],"wp:featuredmedia":[{"embeddable":true,"href":"https:\/\/aconteceunovale.com.br\/portal\/index.php?rest_route=\/wp\/v2\/media\/140527"}],"wp:attachment":[{"href":"https:\/\/aconteceunovale.com.br\/portal\/index.php?rest_route=%2Fwp%2Fv2%2Fmedia&parent=140886"}],"wp:term":[{"taxonomy":"category","embeddable":true,"href":"https:\/\/aconteceunovale.com.br\/portal\/index.php?rest_route=%2Fwp%2Fv2%2Fcategories&post=140886"},{"taxonomy":"post_tag","embeddable":true,"href":"https:\/\/aconteceunovale.com.br\/portal\/index.php?rest_route=%2Fwp%2Fv2%2Ftags&post=140886"}],"curies":[{"name":"wp","href":"https:\/\/api.w.org\/{rel}","templated":true}]}}