{"id":140878,"date":"2018-12-17T19:52:59","date_gmt":"2018-12-17T21:52:59","guid":{"rendered":"http:\/\/aconteceunovale.com.br\/portal\/?p=140878"},"modified":"2018-12-17T19:52:59","modified_gmt":"2018-12-17T21:52:59","slug":"incendio-em-refinaria-deixa-milhares-de-moradores-de-favela-em-panico","status":"publish","type":"post","link":"https:\/\/aconteceunovale.com.br\/portal\/?p=140878","title":{"rendered":"Inc\u00eandio em refinaria deixa milhares de moradores de favela em p\u00e2nico"},"content":{"rendered":"<p>O inc\u00eandio que atingiu diversos caminh\u00f5es-tanques na Refinaria de Manguinhos, no Rio de Janeiro, no in\u00edcio da tarde desta segunda-feira (17), deixou em p\u00e2nico os milhares de moradores da Favela do Arar\u00e1, que faz divisa com a empresa. As primeiras explos\u00f5es e o fogo alto que se seguiu fizeram com que as fam\u00edlias deixasse \u00e0s pressas suas casas e se refugiando do lado de fora da comunidade.<\/p>\n<p>\u201cFoi muito fogo, muita explos\u00e3o, muita correria. Crian\u00e7a gritando, adulto chorando, velho chorando, gente caindo, muito tumulto. Estremeceu as casas, por isso n\u00f3s nos retiramos. Eu estava arrumando a casa e a vizinha veio dizer que a refinaria estava pegando fogo. Se o vento virasse, pegava em tudo\u201d, relatou a dona de casa Carla Cristina, que mora com seis pessoas e saiu correndo, com os filhos e netos, at\u00e9 uma pra\u00e7a distante do inc\u00eandio, onde acamparam, esperando o fogo ser controlado.<\/p>\n<p>As ruas da favela ficaram desertas durante o \u00e1pice do inc\u00eandio. As pessoas fecharam as casas e se concentraram nas entradas da comunidade, com medo do fogo se alastrar. Por\u00e9m, muitos curiosos subiram na linha do trem que divide o Arar\u00e1 da refinaria para ver mais de perto o trabalho dos bombeiros.<\/p>\n<p>\u201cTava muito alto o fogo. A favela ficou vazia. Todo mundo correu l\u00e1 pra fora. Todos ficaram l\u00e1 na pista\u201d, disse o ajudante de pedreiro Charles.<\/p>\n<p>\u201cFicaram todos em p\u00e2nico. A explos\u00e3o foi muito forte. As pessoas estavam fazendo a comida e abandonaram as casas. Ningu\u00e9m veio nos orientar de nada\u201d, disse o carregador de verduras Ant\u00f4nio, que est\u00e1 com a m\u00e3e doente e n\u00e3o p\u00f4de sair de casa.<\/p>\n<p>\u201cTeve a explos\u00e3o, queimou o primeiro caminh\u00e3o e a\u00ed explodiu um do lado do outro. A rea\u00e7\u00e3o foi sair correndo todo mundo. Quem tinha parente idoso, carregou no colo. As crian\u00e7as correndo desesperadas. Deixamos at\u00e9 as casas abertas, nem pensamos duas vezes\u201d, contou Luiz Carlos, que trabalha na dragagem do rio que corta a comunidade.<\/p>\n<p>O inc\u00eandio mobilizou bombeiros de dez quart\u00e9is. Uma pessoa foi atendida pelos militares por inala\u00e7\u00e3o de fuma\u00e7a. As chamas foram controladas em cerca de duas horas. As causas ainda n\u00e3o foram divulgadas. <\/p>\n<p><img decoding=\"async\" src=\"http:\/\/aconteceunovale.com.br\/portal\/wp-content\/uploads\/2018\/12\/incendio_manguinhos.jpg\" alt=\"\" \/><em>Inc\u00eandio na Refinaria de Manguinhos (Foto: Tomaz Silva\/Ag\u00eancia Brasil)<\/em><br \/>\n<\/br><\/p>\n<p><strong><\/p>\n<h4>Nota da Refit<\/h4>\n<p><\/strong><\/p>\n<p>Em nota divulgada esta tarde, a Refinaria de Manguinhos (Refit) informou que o inc\u00eandio que atingiu sua \u00e1rea de descarga e recebimento de mat\u00e9ria-prima n\u00e3o causou v\u00edtimas. De acordo com a empresa, a r\u00e1pida a\u00e7\u00e3o da brigada de combate a inc\u00eandio conseguiu limitar o fogo \u00e0 \u00e1rea onde se encontravam os caminh\u00f5es que descarregavam material no momento.<\/p>\n<p>\u201cA prioridade da Refit foi impedir que o fogo se alastrasse para \u00e1reas de maior risco, como as \u00e1reas de armazenagem e de produ\u00e7\u00e3o, como determinam as normas de seu plano de combate a inc\u00eandio. O fogo, ainda que tenha se iniciado em um \u00fanico caminh\u00e3o, em quest\u00e3o de minutos atingiu as demais carretas, que se encontravam pr\u00f3ximas ao local. Assim n\u00e3o havia outro procedimento a ser adotado a n\u00e3o ser permitir que todo o produto que existia nos caminh\u00f5es se exaurisse atrav\u00e9s das chamas\u201d.<\/p>\n<p>De acordo com a Refit, a prioridade da brigada de inc\u00eandio foi evacuar as instala\u00e7\u00f5es e impedir o alastramento do fogo. O inc\u00eandio foi controlado e a refinaria abrir\u00e1 sindic\u00e2ncia interna para apurar todas as causas que levaram ao incidente. \u201cA Refit pede desculpas pelo transtorno causado e segue firme em seu compromisso com a comunidade fluminense\u201d, concluiu a nota.<\/p>\n<p><img decoding=\"async\" src=\"http:\/\/aconteceunovale.com.br\/portal\/wp-content\/uploads\/2018\/12\/incendio_manguinhos2.jpg\" alt=\"\" \/><em>Material inflam\u00e1vel alimentou chamas fortes e altas (Foto: Tomaz Silva\/Ag\u00eancia Brasil)<\/em><br \/>\n<\/br><\/p>\n<p><strong><\/p>\n<h4>ANP abrir\u00e1 processo<\/h4>\n<p><\/strong><\/p>\n<p>A Ag\u00eancia Nacional de Petr\u00f3leo, G\u00e1s Natural e Biocombust\u00edveis (ANP) vai abrir processo administrativo para apurar as causas do inc\u00eandio na Refinaria de Manguinhos (Refit), que, segundo o Corpo de Bombeiros come\u00e7ou hoje (17), \u00e0s 13h40. Uma equipe do \u00f3rg\u00e3o regulador foi enviada ao local.<\/p>\n<p>De acordo com a ANP, o inc\u00eandio n\u00e3o provocar\u00e1 impactos no abastecimento de combust\u00edveis.<\/p>\n<p>O Sindicato do Com\u00e9rcio Varejista de Combust\u00edveis e Lubrificantes e de Lojas de Conveni\u00eancia do Munic\u00edpio do Rio de Janeiro (Sindcomb) tamb\u00e9m disse que n\u00e3o tem informa\u00e7\u00f5es sobre a possibilidade de desabastecimento de gasolina e de diesel no munic\u00edpio do Rio porque n\u00e3o tem acesso ao n\u00famero de distribuidoras que adquirem produtos da Refit.<\/p>\n<p>Segundo o Sindcomb, grande parte dos postos revendedores de combust\u00edveis associados mant\u00eam contrato comercial com distribuidoras de m\u00e9dio e grande portes, entre as quais a BR, a Shell e a Ipiranga. Como as bases de distribui\u00e7\u00e3o dessas empresas ficam perto da Refinaria Duque de Caxias (Reduc), em Campos El\u00edseos, elas n\u00e3o sofreram impacto do inc\u00eandio.<\/p>\n<p><strong>VER PRIMEIRO<\/strong><\/p>\n<p>Receba as not\u00edcias do Aconteceu no Vale em primeira m\u00e3o. Clique em curtir no endere\u00e7o <a href=\"https:\/\/www.facebook.com\/aconteceunovale\" target=\"_blank\"><font color=\"red\">www.facebook.com\/aconteceunovale<\/font><\/a> ou no box abaixo:<\/p>\n<div class=\"fb-like\" data-href=\"https:\/\/www.facebook.com\/aconteceunovale\" data-width=\"120\" data-layout=\"standard\" data-action=\"like\" data-size=\"small\" data-show-faces=\"true\" data-share=\"true\"><\/div>\n<p><\/br><\/p>\n<p><em>(Fonte: Ag\u00eancia Brasil)<\/em><\/p>\n","protected":false},"excerpt":{"rendered":"<p>O inc\u00eandio que atingiu diversos caminh\u00f5es-tanques na Refinaria de Manguinhos, no Rio de Janeiro, no in\u00edcio da tarde desta segunda-feira (17), deixou em p\u00e2nico os milhares de moradores da Favela do Arar\u00e1, que faz divisa com a empresa. As primeiras explos\u00f5es e o fogo alto que se seguiu fizeram com que as fam\u00edlias deixasse \u00e0s [&hellip;]<\/p>\n","protected":false},"author":1,"featured_media":140879,"comment_status":"open","ping_status":"closed","sticky":false,"template":"","format":"standard","meta":{"amp_status":"","footnotes":""},"categories":[6],"tags":[33296,189732,189728,189730,189737,189733,189735,189731,189734,189729,189736,189740,189727,189739,189738],"class_list":["post-140878","post","type-post","status-publish","format-standard","has-post-thumbnail","hentry","category-br","tag-anp","tag-favela-do-arara","tag-fogo-na-refinaria-de-manguinhos","tag-incendio-de-grandes-porporcoes-na-refinaria-de-manguinhos","tag-incendio-em-refinaria-deixa-milhares-de-moradores-de-favela-em-panico","tag-incendio-em-refinaria-do-rj","tag-incendio-em-refinaria-na-zona-norte-do-rio","tag-incendio-em-refinaria-no-rio-de-janeiro","tag-incendio-favela-do-arara","tag-incendio-na-refinaria-de-manguinhos","tag-moradores-de-favela-fogem-em-panico-de-incendio-em-refinaria","tag-processo-para-apurar-incendio-na-refinaria-de-manguinhos","tag-refinaria-de-manguinhos","tag-refit","tag-sindcomb"],"_links":{"self":[{"href":"https:\/\/aconteceunovale.com.br\/portal\/index.php?rest_route=\/wp\/v2\/posts\/140878","targetHints":{"allow":["GET"]}}],"collection":[{"href":"https:\/\/aconteceunovale.com.br\/portal\/index.php?rest_route=\/wp\/v2\/posts"}],"about":[{"href":"https:\/\/aconteceunovale.com.br\/portal\/index.php?rest_route=\/wp\/v2\/types\/post"}],"author":[{"embeddable":true,"href":"https:\/\/aconteceunovale.com.br\/portal\/index.php?rest_route=\/wp\/v2\/users\/1"}],"replies":[{"embeddable":true,"href":"https:\/\/aconteceunovale.com.br\/portal\/index.php?rest_route=%2Fwp%2Fv2%2Fcomments&post=140878"}],"version-history":[{"count":0,"href":"https:\/\/aconteceunovale.com.br\/portal\/index.php?rest_route=\/wp\/v2\/posts\/140878\/revisions"}],"wp:featuredmedia":[{"embeddable":true,"href":"https:\/\/aconteceunovale.com.br\/portal\/index.php?rest_route=\/wp\/v2\/media\/140879"}],"wp:attachment":[{"href":"https:\/\/aconteceunovale.com.br\/portal\/index.php?rest_route=%2Fwp%2Fv2%2Fmedia&parent=140878"}],"wp:term":[{"taxonomy":"category","embeddable":true,"href":"https:\/\/aconteceunovale.com.br\/portal\/index.php?rest_route=%2Fwp%2Fv2%2Fcategories&post=140878"},{"taxonomy":"post_tag","embeddable":true,"href":"https:\/\/aconteceunovale.com.br\/portal\/index.php?rest_route=%2Fwp%2Fv2%2Ftags&post=140878"}],"curies":[{"name":"wp","href":"https:\/\/api.w.org\/{rel}","templated":true}]}}