{"id":140869,"date":"2018-12-17T19:27:52","date_gmt":"2018-12-17T21:27:52","guid":{"rendered":"http:\/\/aconteceunovale.com.br\/portal\/?p=140869"},"modified":"2018-12-17T19:27:52","modified_gmt":"2018-12-17T21:27:52","slug":"doacoes-beneficiam-comunidade-quilombola-no-norte-de-minas","status":"publish","type":"post","link":"https:\/\/aconteceunovale.com.br\/portal\/?p=140869","title":{"rendered":"Doa\u00e7\u00f5es beneficiam comunidade quilombola no Norte de Minas"},"content":{"rendered":"<p>O caminh\u00e3o chegou pelo ch\u00e3o de terra batida, aproximando-se das casas simples e da gente humilde e esquecida da comunidade quilombola Alegre, localizada na zona rural de S\u00e3o Jo\u00e3o da Lagoa, no Norte de Minas Gerais.<\/p>\n<p>De dentro do ve\u00edculo, foram tiradas caixas e mais caixas com itens diversos: roupas, cestas b\u00e1sicas, leite em p\u00f3, produtos de higiene pessoal e limpeza, materiais escolares, livros, cobertores, brinquedos e carteiras escolares.<\/p>\n<p>A chegada do caminh\u00e3o quebrou a rotina das cerca de 60 pessoas que vivem ali, levando a elas um sopro de esperan\u00e7a de dias melhores.<\/p>\n<p>N\u00e3o se tratava de uma entrega qualquer, mas do resultado de uma a\u00e7\u00e3o que envolveu, em uma rede de solidariedade, v\u00e1rios parceiros: o Tribunal de Justi\u00e7a de Minas Gerais (TJMG), por meio de seu N\u00facleo do Voluntariado; o Minist\u00e9rio P\u00fablico, a comarca de Cora\u00e7\u00e3o de Jesus, \u00e0 qual a comunidade pertence; a Faculdade de Direito Milton Campos, entre outros.<\/p>\n<p><img decoding=\"async\" src=\"http:\/\/aconteceunovale.com.br\/portal\/wp-content\/uploads\/2018\/12\/doacoes_quilombo_sjl_1.jpg\" alt=\"\" \/><em>Fam\u00edlias recebem alimentos, produtos de higiene e roupas (Foto: Divulga\u00e7\u00e3o\/TJMG)<\/em><br \/>\n<\/br><\/p>\n<p>Institui\u00e7\u00f5es que, sensibilizadas com a precariedade das condi\u00e7\u00f5es de vida dos que vivem em Alegre, mobilizaram-se para garantir a eles o m\u00ednimo existencial. Ali, falta de tudo um pouco: \u00e1gua, energia el\u00e9trica, moradia e recursos para a subsist\u00eancia das fam\u00edlias, tornando-a uma das comunidades mais vulner\u00e1veis de Minas.<\/p>\n<p>As doa\u00e7\u00f5es, entregues no dia 8 de dezembro, foram generosas. A Faculdade Milton Campos conseguiu arrecadar 620 quilos de alimentos n\u00e3o perec\u00edveis, al\u00e9m de 300 litros de leite, 30 carteiras escolares, 78 cadernos novos, um quadro para escrever e outro de aviso, 35 brinquedos e dezenas de l\u00e1pis de cor, canetas, apontadores e borrachas.<\/p>\n<p>Uma fam\u00edlia doou uma biblioteca com 270 livros. No N\u00facleo de Voluntariado do TJMG, foram recolhidas 18 caixas com itens diversos. A Igreja S\u00e3o Mateus doou 100 cadeiras com bra\u00e7o.<\/p>\n<p>Em Cora\u00e7\u00e3o de Jesus, foram recolhidas seis cestas b\u00e1sicas, dez sacos com roupas e um com brinquedos. A esse montante, somaram-se as arrecada\u00e7\u00f5es da Promotoria de Montes Claros e Salinas (12 cestas b\u00e1sicas, uma caixa com brinquedos e outras com itens de vestimenta e roupas de cama) e da empresa Pro Urbanismo (sete cestas b\u00e1sicas, roupas novas e usadas e cal\u00e7ados). O caminh\u00e3o que transportou todas as doa\u00e7\u00f5es foi fornecido pelo Frigor\u00edfico Stiva.<\/p>\n<p><img decoding=\"async\" src=\"http:\/\/aconteceunovale.com.br\/portal\/wp-content\/uploads\/2018\/12\/doacoes_quilombo_sjl_2.jpg\" alt=\"\" \/><em>De camisa azul, \u00e0 direita, o promotor Paulo de Lima; ao lado dele, a ju\u00edza Luciana Torres; de camisa rosa, \u00e0 esquerda, o prefeito Carlos Dias (Foto: Divulga\u00e7\u00e3o\/TJMG)<\/em><br \/>\n<\/br><\/p>\n<p><strong>Dia feliz<\/strong><\/p>\n<p>Josiane Pereira, moradora da comunidade, resumiu o sentimento dos moradores de Alegre, no dia da entrega: \u201cHoje foi o dia mais feliz da minha vida\u201d, afirmou.<\/p>\n<p>Quem participou da campanha tamb\u00e9m foi impactado pela experi\u00eancia: \u201cMinha visita \u00e0 Alegre foi uma experi\u00eancia \u00fanica: por meio da parceria entre Minist\u00e9rio P\u00fablico e Judici\u00e1rio, levamos um pouco de esperan\u00e7a \u00e0s pessoas que estavam totalmente \u00e0 margem da sociedade, despojados do m\u00ednimo para uma vida digna. O maior legado da campanha \u00e9 dar possibilidade de a\u00e7\u00e3o para que eles sejam os senhores dos seus pr\u00f3prios destinos\u201d, declarou a ju\u00edza de Cora\u00e7\u00e3o de Jesus, Luciana de Oliveira Torres.<\/p>\n<p>A iniciativa mostrou ainda a for\u00e7a do voluntariado, j\u00e1 que os parceiros foram os aglutinadores das doa\u00e7\u00f5es entregues por dezenas de pessoas movidas pelo sentimento de solidariedade.<\/p>\n<p>\u201cO voluntariado \u00e9 uma agenda priorit\u00e1ria em quase todas as organiza\u00e7\u00f5es, p\u00fablicas ou privadas. N\u00e3o se concebe mais viver sem olhar as necessidades gritantes que nos rodeiam. A Corregedoria-Geral de Justi\u00e7a reconhece a import\u00e2ncia das a\u00e7\u00f5es volunt\u00e1rias e busca apoiar toda iniciativa em favor do semelhante\u201d, observou L\u00edvia L\u00facia Oliveira Borba, ju\u00edza auxiliar superintendente de Planejamento da Corregedoria-Geral de Justi\u00e7a de Minas Gerais.<\/p>\n<p>De acordo com a magistrada, o N\u00facleo de Voluntariado do TJMG  \u201c\u00e9 uma realidade que vai ganhar corpo e import\u00e2ncia dentro do nosso Judici\u00e1rio. Receber\u00e1 novos dirigentes que v\u00e3o implementar as pol\u00edticas de voluntariado na institui\u00e7\u00e3o\u201d.<\/p>\n<p>A ju\u00edza auxiliar da Corregedoria observou ainda que a campanha em prol da comunidade Alegre \u201cmostrou como \u00e9 poss\u00edvel fazer algo, em t\u00e3o pouco tempo, quando muitos se disp\u00f5em a cooperar. Em apenas 15 dias arrecadamos 18 caixas de doa\u00e7\u00f5es. E o posto de entrega foi somente aqui no pr\u00e9dio da Corregedoria. Agradecemos a todos que ajudaram\u201d, acrescentou.<\/p>\n<p><img decoding=\"async\" src=\"http:\/\/aconteceunovale.com.br\/portal\/wp-content\/uploads\/2018\/12\/doacoes_quilombo_sjl_3.jpg\" alt=\"\" \/><em>Na comunidade vivem cerca de 60 pessoas em nove casas (Foto: Divulga\u00e7\u00e3o\/TJMG)<\/em><br \/>\n<\/br><\/p>\n<p><strong>Pr\u00f3ximos passos<\/strong><\/p>\n<p>O promotor Paulo C\u00e9sar Vicente de Lima, cooperador na comarca de Cora\u00e7\u00e3o de Jesus e um dos idealizadores do movimento em prol da comunidade, mant\u00e9m agora os olhos no futuro.<\/p>\n<p>\u201cO pr\u00f3ximo passo \u00e9 a constru\u00e7\u00e3o, pelo munic\u00edpio, da sala de aula onde as pessoas ser\u00e3o alfabetizadas. Buscaremos parceria com as universidades regionais para a elabora\u00e7\u00e3o de estudos antropol\u00f3gicos e acerca do territ\u00f3rio da comunidade. A forma\u00e7\u00e3o para a cidadania e o apoio na organiza\u00e7\u00e3o de uma associa\u00e7\u00e3o tamb\u00e9m s\u00e3o caminhos a serem trilhados\u201d, adianta.<\/p>\n<p>A campanha que arrecadou doa\u00e7\u00f5es para Alegre \u00e9 apenas uma das a\u00e7\u00f5es de um movimento maior, o projeto social \u201cPr\u00f3ximos passos: acompanhamento das a\u00e7\u00f5es para garantia dos direitos quilombolas \u00e0 comunidade Alegre\u201d, iniciado em abril deste ano.<\/p>\n<p>Por meio dele, tem sido realizadas reuni\u00f5es peri\u00f3dicas na pr\u00f3pria comunidade com a participa\u00e7\u00e3o de diversos parceiros: Minist\u00e9rio P\u00fablico, Judici\u00e1rio, Funda\u00e7\u00e3o Cultural Palmares e Prefeitura de S\u00e3o Jo\u00e3o da Lagoa, entre outros. Nesses encontros, s\u00e3o pactuados prazos e metas e definidos os respons\u00e1veis pelas diversas a\u00e7\u00f5es, que t\u00eam como objetivo central garantir os diversos direitos \u00e0 comunidade.<\/p>\n<p>Por meio do projeto social, foram realizados os estudos que culminaram com o reconhecimento da comunidade como remanescente de quilombo. \u201cEsse passo foi fundamental, mas a situa\u00e7\u00e3o ali est\u00e1 t\u00e3o grave que n\u00e3o podemos esperar o tempo das pol\u00edticas p\u00fablicas para garantir a eles os diversos direitos. Por isso, surge essa campanha, por quest\u00f5es humanit\u00e1rias, para arrecadar itens para os moradores de Alegre\u201d, explica o promotor de justi\u00e7a.<\/p>\n<p><img decoding=\"async\" src=\"http:\/\/aconteceunovale.com.br\/portal\/wp-content\/uploads\/2018\/12\/doacoes_quilombo_sjl_4.jpg\" alt=\"\" \/><em>(Foto: Divulga\u00e7\u00e3o\/TJMG)<\/em><br \/>\n<\/br><\/p>\n<p><img decoding=\"async\" src=\"http:\/\/aconteceunovale.com.br\/portal\/wp-content\/uploads\/2018\/12\/doacoes_quilombo_sjl_5.jpg\" alt=\"\" \/><em>(Foto: Divulga\u00e7\u00e3o\/TJMG)<\/em><br \/>\n<\/br><\/p>\n<p><img decoding=\"async\" src=\"http:\/\/aconteceunovale.com.br\/portal\/wp-content\/uploads\/2018\/12\/doacoes_quilombo_sjl_6.jpg\" alt=\"\" \/><em>(Foto: Divulga\u00e7\u00e3o\/TJMG)<\/em><br \/>\n<\/br><\/p>\n<p><img decoding=\"async\" src=\"http:\/\/aconteceunovale.com.br\/portal\/wp-content\/uploads\/2018\/12\/doacoes_quilombo_sjl_7.jpg\" alt=\"\" \/><em>(Foto: Divulga\u00e7\u00e3o\/TJMG)<\/em><br \/>\n<\/br><\/p>\n<p><strong>VER PRIMEIRO<\/strong><\/p>\n<p>Receba as not\u00edcias do Aconteceu no Vale em primeira m\u00e3o. Clique em curtir no endere\u00e7o <a href=\"https:\/\/www.facebook.com\/aconteceunovale\" target=\"_blank\"><font color=\"red\">www.facebook.com\/aconteceunovale<\/font><\/a> ou no box abaixo:<\/p>\n<div class=\"fb-like\" data-href=\"https:\/\/www.facebook.com\/aconteceunovale\" data-width=\"120\" data-layout=\"standard\" data-action=\"like\" data-size=\"small\" data-show-faces=\"true\" data-share=\"true\"><\/div>\n<p><\/br><\/p>\n<p><em>(Fonte: TJMG)<\/em><\/p>\n","protected":false},"excerpt":{"rendered":"<p>O caminh\u00e3o chegou pelo ch\u00e3o de terra batida, aproximando-se das casas simples e da gente humilde e esquecida da comunidade quilombola Alegre, localizada na zona rural de S\u00e3o Jo\u00e3o da Lagoa, no Norte de Minas Gerais. De dentro do ve\u00edculo, foram tiradas caixas e mais caixas com itens diversos: roupas, cestas b\u00e1sicas, leite em p\u00f3, [&hellip;]<\/p>\n","protected":false},"author":1,"featured_media":140876,"comment_status":"open","ping_status":"closed","sticky":false,"template":"","format":"standard","meta":{"amp_status":"","footnotes":""},"categories":[1236],"tags":[189726,186937,1801,1018,189721,189719,189718,189722,189720,189723,189725,210,50128,189724,190,3725,270],"class_list":["post-140869","post","type-post","status-publish","format-standard","has-post-thumbnail","hentry","category-norte_de_minas","tag-carlos-dias","tag-comunidade-quilombola-alegre","tag-coracao-de-jesus","tag-destaque","tag-doacoes-beneficiam-comunidade-quilombola-alegre","tag-doacoes-beneficiam-comunidade-quilombola-em-sao-joao-da-lagoa","tag-doacoes-beneficiam-comunidade-quilombola-no-norte-de-minas","tag-doacoes-para-comunidade-quilombola-alegre","tag-doacoes-quilombolas-sao-joao-da-lagoa","tag-faculdade-de-direito-milton-campos","tag-luciana-torres","tag-montes-claros","tag-paulo-cesar-vicente-de-lima","tag-paulo-de-lima","tag-salinas","tag-sao-joao-da-lagoa","tag-tjmg"],"_links":{"self":[{"href":"https:\/\/aconteceunovale.com.br\/portal\/index.php?rest_route=\/wp\/v2\/posts\/140869","targetHints":{"allow":["GET"]}}],"collection":[{"href":"https:\/\/aconteceunovale.com.br\/portal\/index.php?rest_route=\/wp\/v2\/posts"}],"about":[{"href":"https:\/\/aconteceunovale.com.br\/portal\/index.php?rest_route=\/wp\/v2\/types\/post"}],"author":[{"embeddable":true,"href":"https:\/\/aconteceunovale.com.br\/portal\/index.php?rest_route=\/wp\/v2\/users\/1"}],"replies":[{"embeddable":true,"href":"https:\/\/aconteceunovale.com.br\/portal\/index.php?rest_route=%2Fwp%2Fv2%2Fcomments&post=140869"}],"version-history":[{"count":0,"href":"https:\/\/aconteceunovale.com.br\/portal\/index.php?rest_route=\/wp\/v2\/posts\/140869\/revisions"}],"wp:featuredmedia":[{"embeddable":true,"href":"https:\/\/aconteceunovale.com.br\/portal\/index.php?rest_route=\/wp\/v2\/media\/140876"}],"wp:attachment":[{"href":"https:\/\/aconteceunovale.com.br\/portal\/index.php?rest_route=%2Fwp%2Fv2%2Fmedia&parent=140869"}],"wp:term":[{"taxonomy":"category","embeddable":true,"href":"https:\/\/aconteceunovale.com.br\/portal\/index.php?rest_route=%2Fwp%2Fv2%2Fcategories&post=140869"},{"taxonomy":"post_tag","embeddable":true,"href":"https:\/\/aconteceunovale.com.br\/portal\/index.php?rest_route=%2Fwp%2Fv2%2Ftags&post=140869"}],"curies":[{"name":"wp","href":"https:\/\/api.w.org\/{rel}","templated":true}]}}