{"id":140863,"date":"2018-12-17T18:03:58","date_gmt":"2018-12-17T20:03:58","guid":{"rendered":"http:\/\/aconteceunovale.com.br\/portal\/?p=140863"},"modified":"2018-12-17T22:54:52","modified_gmt":"2018-12-18T00:54:52","slug":"motorista-de-caminhao-morre-em-acidente-na-mgc-367-proximo-a-turmalina","status":"publish","type":"post","link":"https:\/\/aconteceunovale.com.br\/portal\/?p=140863","title":{"rendered":"Motorista de caminh\u00e3o morre em acidente na MGC-367, pr\u00f3ximo a Turmalina"},"content":{"rendered":"<p>O motorista de um caminh\u00e3o, que transportava carne bovina e su\u00edna, morreu em um grave acidente na manh\u00e3 desta segunda-feira (17\/12\/2018) na MGC-367, pr\u00f3ximo a Turmalina, no Vale do Jequitinhonha. Informa\u00e7\u00f5es repassadas ao Aconteceu no Vale indicam que a v\u00edtima, de prenome Roberto, de 28 anos, seguia pelo trecho de descida da Ponte Alta quando teria perdido o controle direcional do ve\u00edculo.<\/p>\n<p>Segundo informa\u00e7\u00f5es da Pol\u00edcia Militar Rodovi\u00e1ria (PMRV), um passageiro relatou ter ouvido o motorista dizer que o ve\u00edculo estava \u201cembalado demais\u201d.  O caminh\u00e3o, que pertence a um frigor\u00edfico de Capelinha\/MG, saiu da rodovia em uma curva na altura do km 443 e tombou. <\/p>\n<p>Uma equipe do Servi\u00e7o de Atendimento M\u00f3vel de Urg\u00eancia (SAMU) foi acionada, mas o condutor, que ficou gravemente ferido, n\u00e3o resistiu e veio a \u00f3bito no local. O acompanhante, de 24 anos, foi atendido pelos socorristas. <\/p>\n<p>A Per\u00edcia T\u00e9cnica da Pol\u00edcia Civil foi acionada e liberou o corpo para o Posto de Medicina Legal em Capelinha. O caminh\u00e3o foi liberado para os propriet\u00e1rios, que providenciaram a remo\u00e7\u00e3o do ve\u00edculo e da carga. As causas do acidente ser\u00e3o apuradas pelas autoridades locais.<\/p>\n<p><img decoding=\"async\" src=\"http:\/\/aconteceunovale.com.br\/portal\/wp-content\/uploads\/2018\/12\/acidente_367_turmalina_4.jpg\" alt=\"\" \/><em>(Foto: PMRV\/Divulga\u00e7\u00e3o)<\/em><br \/>\n<\/br><\/p>\n<p><img decoding=\"async\" src=\"http:\/\/aconteceunovale.com.br\/portal\/wp-content\/uploads\/2018\/12\/acidente_367_turmalina_2.jpg\" alt=\"\" \/><em>(Foto: Reprodu\u00e7\u00e3o\/WhatsApp)<\/em><br \/>\n<\/br><\/p>\n<p><img decoding=\"async\" src=\"http:\/\/aconteceunovale.com.br\/portal\/wp-content\/uploads\/2018\/12\/acidente_367_turmalina_1.jpg\" alt=\"\" \/><em>(Foto: Reprodu\u00e7\u00e3o\/WhatsApp)<\/em><br \/>\n<\/br><\/p>\n<p><img decoding=\"async\" src=\"http:\/\/aconteceunovale.com.br\/portal\/wp-content\/uploads\/2018\/12\/acidente_367_turmalina_3.jpg\" alt=\"\" \/><em>(Foto: Reprodu\u00e7\u00e3o\/WhatsApp)<\/em><br \/>\n<\/br><\/p>\n<p><strong>VER PRIMEIRO<\/strong><\/p>\n<p>Receba as not\u00edcias do Aconteceu no Vale em primeira m\u00e3o. Clique em curtir no endere\u00e7o <a href=\"https:\/\/www.facebook.com\/aconteceunovale\" target=\"_blank\"><font color=\"red\">www.facebook.com\/aconteceunovale<\/font><\/a> ou no box abaixo:<\/p>\n<div class=\"fb-like\" data-href=\"https:\/\/www.facebook.com\/aconteceunovale\" data-width=\"120\" data-layout=\"standard\" data-action=\"like\" data-size=\"small\" data-show-faces=\"true\" data-share=\"true\"><\/div>\n<p><\/br><\/p>\n","protected":false},"excerpt":{"rendered":"<p>O motorista de um caminh\u00e3o, que transportava carne bovina e su\u00edna, morreu em um grave acidente na manh\u00e3 desta segunda-feira (17\/12\/2018) na MGC-367, pr\u00f3ximo a Turmalina, no Vale do Jequitinhonha. Informa\u00e7\u00f5es repassadas ao Aconteceu no Vale indicam que a v\u00edtima, de prenome Roberto, de 28 anos, seguia pelo trecho de descida da Ponte Alta quando [&hellip;]<\/p>\n","protected":false},"author":1,"featured_media":140907,"comment_status":"open","ping_status":"closed","sticky":false,"template":"","format":"standard","meta":{"amp_status":"","footnotes":""},"categories":[120],"tags":[189716,189715,189713,189706,189709,4745,189710,13247,189708,189717,189714,95514,131530,31399,40307,189712,132,1018,189707,189705,189711,178],"class_list":["post-140863","post","type-post","status-publish","format-standard","has-post-thumbnail","hentry","category-jequi","tag-acidente-caminhao-frigorocha","tag-acidente-caminhao-frigovales","tag-acidente-caminhoneiro-roberto-fernades","tag-acidente-com-caminhao-de-capelinha-na-ponte-alta","tag-acidente-com-caminhao-de-frigorifico-de-capelinha","tag-acidente-com-caminhoneiro-de-capelinha","tag-acidente-com-motorista-de-capelinha","tag-acidente-em-turmalina","tag-acidente-frigorifico-de-capelinha","tag-acidente-motorista-frigorocha","tag-acidente-motorista-frigovales","tag-acidente-na-descida-da-ponte-alta-em-turmalina","tag-acidente-na-ponte-alta","tag-acidente-na-ponte-alta-em-turmalina","tag-acidente-perto-de-turmalina","tag-acidente-roberto-fernades","tag-capelinha","tag-destaque","tag-frigorifico-de-capelinha","tag-motorista-de-caminhao-morre-em-acidente-na-mgc-367-proximo-a-turmalina","tag-roberto-fernades","tag-turmalina"],"_links":{"self":[{"href":"https:\/\/aconteceunovale.com.br\/portal\/index.php?rest_route=\/wp\/v2\/posts\/140863","targetHints":{"allow":["GET"]}}],"collection":[{"href":"https:\/\/aconteceunovale.com.br\/portal\/index.php?rest_route=\/wp\/v2\/posts"}],"about":[{"href":"https:\/\/aconteceunovale.com.br\/portal\/index.php?rest_route=\/wp\/v2\/types\/post"}],"author":[{"embeddable":true,"href":"https:\/\/aconteceunovale.com.br\/portal\/index.php?rest_route=\/wp\/v2\/users\/1"}],"replies":[{"embeddable":true,"href":"https:\/\/aconteceunovale.com.br\/portal\/index.php?rest_route=%2Fwp%2Fv2%2Fcomments&post=140863"}],"version-history":[{"count":0,"href":"https:\/\/aconteceunovale.com.br\/portal\/index.php?rest_route=\/wp\/v2\/posts\/140863\/revisions"}],"wp:featuredmedia":[{"embeddable":true,"href":"https:\/\/aconteceunovale.com.br\/portal\/index.php?rest_route=\/wp\/v2\/media\/140907"}],"wp:attachment":[{"href":"https:\/\/aconteceunovale.com.br\/portal\/index.php?rest_route=%2Fwp%2Fv2%2Fmedia&parent=140863"}],"wp:term":[{"taxonomy":"category","embeddable":true,"href":"https:\/\/aconteceunovale.com.br\/portal\/index.php?rest_route=%2Fwp%2Fv2%2Fcategories&post=140863"},{"taxonomy":"post_tag","embeddable":true,"href":"https:\/\/aconteceunovale.com.br\/portal\/index.php?rest_route=%2Fwp%2Fv2%2Ftags&post=140863"}],"curies":[{"name":"wp","href":"https:\/\/api.w.org\/{rel}","templated":true}]}}