{"id":140856,"date":"2018-12-17T17:42:33","date_gmt":"2018-12-17T19:42:33","guid":{"rendered":"http:\/\/aconteceunovale.com.br\/portal\/?p=140856"},"modified":"2018-12-17T17:42:33","modified_gmt":"2018-12-17T19:42:33","slug":"casal-morre-em-acidente-na-mgc-259-entre-guanhaes-e-sabinopolis","status":"publish","type":"post","link":"https:\/\/aconteceunovale.com.br\/portal\/?p=140856","title":{"rendered":"Casal morre em acidente na MGC-259, entre Guanh\u00e3es e Sabin\u00f3polis"},"content":{"rendered":"<p>Duas pessoas morreram em um grave acidente na noite desse domingo (16\/12\/2018) na MGC-259, entre Guanh\u00e3es e Sabin\u00f3polis, no Vale do Rio Doce. Segundo informa\u00e7\u00f5es da Pol\u00edcia Militar (PM), a colis\u00e3o frontal entre um VW\/Gol e um Fiat\/Siena aconteceu na altura do km 324 da rodovia, pr\u00f3ximo ao C\u00f3rrego Santa Cruz.<\/p>\n<p>Com o forte impacto, dois ocupantes do Siena, identificados como Elenir Gon\u00e7alves dos Santos, conhecido popularmente como Elenir do Vermelho, e sua esposa Ad\u00e9lia Sim\u00f5es Rosa Gon\u00e7alves, ficaram gravemente feridos e vieram a \u00f3bito no local. Tr\u00eas passageiros do ve\u00edculo e o condutor do Gol, de iniciais S.J.S.G, foram socorridos ao Hospital Imaculada Concei\u00e7\u00e3o (HIC), em Guanh\u00e3es.<\/p>\n<p>Militares do Corpo de Bombeiros foram acionados para socorro \u00e0s v\u00edtimas. A Per\u00edcia T\u00e9cnica da Pol\u00edcia Civil compareceu ao local e liberou os corpos para o Instituto M\u00e9dico Legal (IML). Os ve\u00edculos foram removidos para um p\u00e1tio credenciado ao Detran-MG.<\/p>\n<p><img decoding=\"async\" src=\"http:\/\/aconteceunovale.com.br\/portal\/wp-content\/uploads\/2018\/12\/elenir_esposa.jpg\" alt=\"\" \/><em>Elenir e sua esposa Ad\u00e9lia morreram no acidente (Foto: Reprodu\u00e7\u00e3o\/WhatsApp)<\/em><br \/>\n<\/br><\/p>\n<p><strong>Suspeita de embriaguez<\/strong><\/p>\n<p>Ainda segundo a PM, o condutor do Gol teria se desentendido com a sua esposa antes do acidente. A mulher entrou em contato com a pol\u00edcia atrav\u00e9s do 190, mas S.J.S.G evadiu do local. A suspeita \u00e9 que ele teria ingerido bebidas alco\u00f3licas e que poderia estar embriagado.<\/p>\n<p>S.J.S.G recebeu voz de pris\u00e3o. As causas do acidente ser\u00e3o investigadas pelas autoridades locais.<\/p>\n<p><img decoding=\"async\" src=\"http:\/\/aconteceunovale.com.br\/portal\/wp-content\/uploads\/2018\/12\/acidente_elenir_2.jpg\" alt=\"\" \/><em>(Foto: Reprodu\u00e7\u00e3o\/WhatsApp)<\/em><br \/>\n<\/br><\/p>\n<p><img decoding=\"async\" src=\"http:\/\/aconteceunovale.com.br\/portal\/wp-content\/uploads\/2018\/12\/acidente_elenir_1.jpg\" alt=\"\" \/><em>(Foto: Reprodu\u00e7\u00e3o\/WhatsApp)<\/em><br \/>\n<\/br><\/p>\n<p><img decoding=\"async\" src=\"http:\/\/aconteceunovale.com.br\/portal\/wp-content\/uploads\/2018\/12\/acidente_elenir_3.jpg\" alt=\"\" \/><em>(Foto: Reprodu\u00e7\u00e3o\/WhatsApp)<\/em><br \/>\n<\/br><\/p>\n<p><img decoding=\"async\" src=\"http:\/\/aconteceunovale.com.br\/portal\/wp-content\/uploads\/2018\/12\/acidente_elenir_4.jpg\" alt=\"\" \/><em>(Foto: Reprodu\u00e7\u00e3o\/WhatsApp)<\/em><br \/>\n<\/br><\/p>\n<p><strong>VER PRIMEIRO<\/strong><\/p>\n<p>Receba as not\u00edcias do Aconteceu no Vale em primeira m\u00e3o. Clique em curtir no endere\u00e7o <a href=\"https:\/\/www.facebook.com\/aconteceunovale\" target=\"_blank\"><font color=\"red\">www.facebook.com\/aconteceunovale<\/font><\/a> ou no box abaixo:<\/p>\n<div class=\"fb-like\" data-href=\"https:\/\/www.facebook.com\/aconteceunovale\" data-width=\"120\" data-layout=\"standard\" data-action=\"like\" data-size=\"small\" data-show-faces=\"true\" data-share=\"true\"><\/div>\n<p><\/br><\/p>\n","protected":false},"excerpt":{"rendered":"<p>Duas pessoas morreram em um grave acidente na noite desse domingo (16\/12\/2018) na MGC-259, entre Guanh\u00e3es e Sabin\u00f3polis, no Vale do Rio Doce. Segundo informa\u00e7\u00f5es da Pol\u00edcia Militar (PM), a colis\u00e3o frontal entre um VW\/Gol e um Fiat\/Siena aconteceu na altura do km 324 da rodovia, pr\u00f3ximo ao C\u00f3rrego Santa Cruz. Com o forte impacto, [&hellip;]<\/p>\n","protected":false},"author":1,"featured_media":140860,"comment_status":"open","ping_status":"closed","sticky":false,"template":"","format":"standard","meta":{"amp_status":"","footnotes":""},"categories":[121],"tags":[189695,189700,189702,189701,18601,61867,61865,189694,189698,189703,189704,1018,189699,189697,189696,61862,155,107905,310],"class_list":["post-140856","post","type-post","status-publish","format-standard","has-post-thumbnail","hentry","category-leste","tag-acidente-com-carros-entre-guanhaes-e-sabinopolis","tag-acidente-elenir","tag-acidente-elenir-do-vermelho","tag-acidente-elenir-guanhaes","tag-acidente-em-guanhaes","tag-acidente-em-sabinopolis","tag-acidente-entre-guanhaes-e-sabinopolis","tag-acidente-na-mgc-259-entre-guanhaes-e-sabinopolis","tag-adelia-simoes-rosa-goncalves","tag-casal-morre-em-acidente-na-mgc-259","tag-casal-morre-em-acidente-na-mgc-259-entre-guanhaes-e-sabinopolis","tag-destaque","tag-elenir","tag-elenir-do-vermelho","tag-elenir-goncalves-dos-santos","tag-entre-guanhaes-e-sabinopolis","tag-guanhaes","tag-mgc-259","tag-sabinopolis"],"_links":{"self":[{"href":"https:\/\/aconteceunovale.com.br\/portal\/index.php?rest_route=\/wp\/v2\/posts\/140856","targetHints":{"allow":["GET"]}}],"collection":[{"href":"https:\/\/aconteceunovale.com.br\/portal\/index.php?rest_route=\/wp\/v2\/posts"}],"about":[{"href":"https:\/\/aconteceunovale.com.br\/portal\/index.php?rest_route=\/wp\/v2\/types\/post"}],"author":[{"embeddable":true,"href":"https:\/\/aconteceunovale.com.br\/portal\/index.php?rest_route=\/wp\/v2\/users\/1"}],"replies":[{"embeddable":true,"href":"https:\/\/aconteceunovale.com.br\/portal\/index.php?rest_route=%2Fwp%2Fv2%2Fcomments&post=140856"}],"version-history":[{"count":0,"href":"https:\/\/aconteceunovale.com.br\/portal\/index.php?rest_route=\/wp\/v2\/posts\/140856\/revisions"}],"wp:featuredmedia":[{"embeddable":true,"href":"https:\/\/aconteceunovale.com.br\/portal\/index.php?rest_route=\/wp\/v2\/media\/140860"}],"wp:attachment":[{"href":"https:\/\/aconteceunovale.com.br\/portal\/index.php?rest_route=%2Fwp%2Fv2%2Fmedia&parent=140856"}],"wp:term":[{"taxonomy":"category","embeddable":true,"href":"https:\/\/aconteceunovale.com.br\/portal\/index.php?rest_route=%2Fwp%2Fv2%2Fcategories&post=140856"},{"taxonomy":"post_tag","embeddable":true,"href":"https:\/\/aconteceunovale.com.br\/portal\/index.php?rest_route=%2Fwp%2Fv2%2Ftags&post=140856"}],"curies":[{"name":"wp","href":"https:\/\/api.w.org\/{rel}","templated":true}]}}