{"id":140853,"date":"2018-12-17T17:15:53","date_gmt":"2018-12-17T19:15:53","guid":{"rendered":"http:\/\/aconteceunovale.com.br\/portal\/?p=140853"},"modified":"2018-12-17T17:15:53","modified_gmt":"2018-12-17T19:15:53","slug":"embraer-e-boeing-firmam-parceria-para-acelerar-crescimento","status":"publish","type":"post","link":"https:\/\/aconteceunovale.com.br\/portal\/?p=140853","title":{"rendered":"Embraer e Boeing firmam parceria para acelerar crescimento"},"content":{"rendered":"<p>A Embraer e a Boeing informaram hoje (17) que aprovaram os termos da parceria estrat\u00e9gica para acelerar o crescimento em mercados aeroespaciais globais para as duas empresas. A parceria contemplar\u00e1 a avia\u00e7\u00e3o comercial da Embraer e servi\u00e7os associados com participa\u00e7\u00e3o de 80% da Boeing, no valor de US$ 4,2 bilh\u00f5es, e de 20% da Embraer.<\/p>\n<p>A expectativa \u00e9 que a parceria n\u00e3o ter\u00e1 impacto no lucro por a\u00e7\u00e3o da Boeing em 2020, passando a ter impacto positivo nos anos seguintes. A\u00a0<em>joint venture<\/em>\u00a0deve gerar sinergias anuais de cerca de US$ 150 milh\u00f5es at\u00e9 o terceiro ano de opera\u00e7\u00e3o.<\/p>\n<p>Segundo o comunicado da Embraer, a parceria est\u00e1 sujeita \u00e0 aprova\u00e7\u00e3o do governo brasileiro. S\u00f3 ent\u00e3o as duas empresas assinar\u00e3o o acordo. Em seguida ser\u00e1 submetida \u00e0 aprova\u00e7\u00e3o dos acionistas, das autoridades regulat\u00f3rias, e a outras condi\u00e7\u00f5es relacionadas a este tipo de transa\u00e7\u00e3o. A<em>\u00a0joint venture<\/em>\u00a0ser\u00e1 liderada por uma equipe de executivos sediada no Brasil e a Boeing ter\u00e1 o controle operacional e de gest\u00e3o da nova empresa, que responder\u00e1 diretamente a Dennis Muilenburg, presidente e CEO da Boeing. A Embraer ter\u00e1 poder de decis\u00e3o para alguns temas estrat\u00e9gicos, como a transfer\u00eancia das opera\u00e7\u00f5es do Brasil.<\/p>\n<p>\u201cA Boeing e a Embraer possuem um relacionamento estreito gra\u00e7as a mais de duas d\u00e9cadas de colabora\u00e7\u00e3o. O respeito m\u00fatuo e o valor que enxergamos nesta parceria s\u00f3 aumentou desde que iniciamos discuss\u00f5es conjuntas no come\u00e7o deste ano\u201d, disse o presidente, chairman e CEO da Boeing, Dennis Muilenburg.<\/p>\n<p>O presidente e CEO da Embraer, Paulo Cesar de Souza e Silva, afirmou estar confiante de que a parceria ser\u00e1 de &#8220;grande valor&#8221; para o Brasil. \u201cEsta alian\u00e7a fortalecer\u00e1 ambas as empresas no mercado global e est\u00e1 alinhada \u00e0 nossa estrat\u00e9gia de crescimento sustent\u00e1vel de longo prazo\u201d,<\/p>\n<p>As empresas tamb\u00e9m chegaram a um acordo sobre os termos de uma segunda\u00a0<em>joint venture<\/em>\u00a0para promover e desenvolver novos mercados para o avi\u00e3o multimiss\u00e3o KC-390. De acordo com a parceria proposta, a Embraer deter\u00e1 51% de participa\u00e7\u00e3o na<em>\u00a0joint venture<\/em>\u00a0e a Boeing, os 49% restantes.<\/p>\n<p><img decoding=\"async\" src=\"http:\/\/aconteceunovale.com.br\/portal\/wp-content\/uploads\/2018\/12\/aviao_embraer.jpg\" alt=\"\" \/><em>(Foto: Antonio Milena\/Reprodu\u00e7\u00e3o Ag\u00eancia Brasil)<\/em><br \/>\n<\/br><\/p>\n<p><strong>VER PRIMEIRO<\/strong><\/p>\n<p>Receba as not\u00edcias do Aconteceu no Vale em primeira m\u00e3o. Clique em curtir no endere\u00e7o <a href=\"https:\/\/www.facebook.com\/aconteceunovale\" target=\"_blank\"><font color=\"red\">www.facebook.com\/aconteceunovale<\/font><\/a> ou no box abaixo:<\/p>\n<div class=\"fb-like\" data-href=\"https:\/\/www.facebook.com\/aconteceunovale\" data-width=\"120\" data-layout=\"standard\" data-action=\"like\" data-size=\"small\" data-show-faces=\"true\" data-share=\"true\"><\/div>\n<p><\/br><\/p>\n<p><em>(Fonte: Ag\u00eancia Brasil)<\/em><\/p>\n","protected":false},"excerpt":{"rendered":"<p>A Embraer e a Boeing informaram hoje (17) que aprovaram os termos da parceria estrat\u00e9gica para acelerar o crescimento em mercados aeroespaciais globais para as duas empresas. A parceria contemplar\u00e1 a avia\u00e7\u00e3o comercial da Embraer e servi\u00e7os associados com participa\u00e7\u00e3o de 80% da Boeing, no valor de US$ 4,2 bilh\u00f5es, e de 20% da Embraer. [&hellip;]<\/p>\n","protected":false},"author":1,"featured_media":140854,"comment_status":"open","ping_status":"closed","sticky":false,"template":"","format":"standard","meta":{"amp_status":"","footnotes":""},"categories":[6,28848],"tags":[189687,38942,189685,189690,19784,189686,189693,189688,189692,189689,189691],"class_list":["post-140853","post","type-post","status-publish","format-standard","has-post-thumbnail","hentry","category-br","category-mundo","tag-acordo-entre-embraer-e-boeing","tag-aprovacao","tag-boeing","tag-dennis-muilenburg","tag-embraer","tag-embraer-e-boeing","tag-embraer-e-boeing-firmam-parceria-para-acelerar-crescimento","tag-parceria-entre-embraer-e-boeing","tag-parceria-estrategica","tag-parceria-estrategica-entre-embraer-e-boeing","tag-paulo-cesar-de-souza-e-silva"],"_links":{"self":[{"href":"https:\/\/aconteceunovale.com.br\/portal\/index.php?rest_route=\/wp\/v2\/posts\/140853","targetHints":{"allow":["GET"]}}],"collection":[{"href":"https:\/\/aconteceunovale.com.br\/portal\/index.php?rest_route=\/wp\/v2\/posts"}],"about":[{"href":"https:\/\/aconteceunovale.com.br\/portal\/index.php?rest_route=\/wp\/v2\/types\/post"}],"author":[{"embeddable":true,"href":"https:\/\/aconteceunovale.com.br\/portal\/index.php?rest_route=\/wp\/v2\/users\/1"}],"replies":[{"embeddable":true,"href":"https:\/\/aconteceunovale.com.br\/portal\/index.php?rest_route=%2Fwp%2Fv2%2Fcomments&post=140853"}],"version-history":[{"count":0,"href":"https:\/\/aconteceunovale.com.br\/portal\/index.php?rest_route=\/wp\/v2\/posts\/140853\/revisions"}],"wp:featuredmedia":[{"embeddable":true,"href":"https:\/\/aconteceunovale.com.br\/portal\/index.php?rest_route=\/wp\/v2\/media\/140854"}],"wp:attachment":[{"href":"https:\/\/aconteceunovale.com.br\/portal\/index.php?rest_route=%2Fwp%2Fv2%2Fmedia&parent=140853"}],"wp:term":[{"taxonomy":"category","embeddable":true,"href":"https:\/\/aconteceunovale.com.br\/portal\/index.php?rest_route=%2Fwp%2Fv2%2Fcategories&post=140853"},{"taxonomy":"post_tag","embeddable":true,"href":"https:\/\/aconteceunovale.com.br\/portal\/index.php?rest_route=%2Fwp%2Fv2%2Ftags&post=140853"}],"curies":[{"name":"wp","href":"https:\/\/api.w.org\/{rel}","templated":true}]}}