{"id":140847,"date":"2018-12-17T12:15:34","date_gmt":"2018-12-17T14:15:34","guid":{"rendered":"http:\/\/aconteceunovale.com.br\/portal\/?p=140847"},"modified":"2018-12-17T21:58:18","modified_gmt":"2018-12-17T23:58:18","slug":"colisao-entre-caminhoes-deixa-dois-mortos-na-br-381-no-leste-de-minas","status":"publish","type":"post","link":"https:\/\/aconteceunovale.com.br\/portal\/?p=140847","title":{"rendered":"Colis\u00e3o entre caminh\u00f5es deixa dois mortos na BR-381, no Leste de Minas"},"content":{"rendered":"<p>Dois jovens, de 20 e 21 anos, morreram em um grave acidente na madrugada desta segunda-feira (17\/12\/2018) na altura do km 218 da BR-381, pr\u00f3ximo a Naque, no Vale do Rio Doce. As v\u00edtimas Abhay Charan e Fernando Pardinho de Souza estavam em um caminh\u00e3o-ba\u00fa que transportava equipamentos de som e ilumina\u00e7\u00e3o, que colidiu contra a traseira de outro ve\u00edculo de carga, utilizado no transporte de animais.<\/p>\n<p>Ap\u00f3s a colis\u00e3o, os dois caminh\u00f5es, um Mercedes-Benz L1313 (placa de Bambu\u00ed) e um VW 5.140E (licenciado em Belo Horizonte) ca\u00edram em um barranco \u00e0s margens da pista de rolamento. As duas v\u00edtimas ficaram presas \u00e0s ferragens e morreram no local. <\/p>\n<p>O condutor do caminh\u00e3o ba\u00fa, identificado como Valdemar Pereira de Souza, foi encaminhado ao Hospital M\u00e1rcio Cunha, em Ipatinga, com fratura exposta na perna direita. J\u00e1 os tr\u00eas ocupantes do outro ve\u00edculo sa\u00edram ilesos e dispensaram atendimento m\u00e9dico.<\/p>\n<p>A Per\u00edcia T\u00e9cnica da Pol\u00edcia Civil foi acionada e liberou os corpos para o Instituto M\u00e9dico Legal (IML) em Ipatinga. As causas do acidente ser\u00e3o investigadas.<\/p>\n<p><img decoding=\"async\" src=\"http:\/\/aconteceunovale.com.br\/portal\/wp-content\/uploads\/2018\/12\/acidente_naque_2.jpeg\" alt=\"\" \/><em>(Foto: Reprodu\u00e7\u00e3o\/WhatsApp)<\/em><br \/>\n<\/br><\/p>\n<p><img decoding=\"async\" src=\"http:\/\/aconteceunovale.com.br\/portal\/wp-content\/uploads\/2018\/12\/acidente_naque_3.jpeg\" alt=\"\" \/><em>(Foto: Reprodu\u00e7\u00e3o\/WhatsApp)<\/em><br \/>\n<\/br><\/p>\n<p><img decoding=\"async\" src=\"http:\/\/aconteceunovale.com.br\/portal\/wp-content\/uploads\/2018\/12\/acidente_naque_1.jpeg\" alt=\"\" \/><em>(Foto: Reprodu\u00e7\u00e3o\/WhatsApp)<\/em><br \/>\n<\/br><\/p>\n<p><img decoding=\"async\" src=\"http:\/\/aconteceunovale.com.br\/portal\/wp-content\/uploads\/2018\/12\/acidente_naque_4.jpeg\" alt=\"\" \/><em>(Foto: Reprodu\u00e7\u00e3o\/WhatsApp)<\/em><br \/>\n<\/br><\/p>\n<p><strong>VER PRIMEIRO<\/strong><\/p>\n<p>Receba as not\u00edcias do Aconteceu no Vale em primeira m\u00e3o. Clique em curtir no endere\u00e7o <a href=\"https:\/\/www.facebook.com\/aconteceunovale\" target=\"_blank\"><font color=\"red\">www.facebook.com\/aconteceunovale<\/font><\/a> ou no box abaixo:<\/p>\n<div class=\"fb-like\" data-href=\"https:\/\/www.facebook.com\/aconteceunovale\" data-width=\"120\" data-layout=\"standard\" data-action=\"like\" data-size=\"small\" data-show-faces=\"true\" data-share=\"true\"><\/div>\n<p><\/br><\/p>\n","protected":false},"excerpt":{"rendered":"<p>Dois jovens, de 20 e 21 anos, morreram em um grave acidente na madrugada desta segunda-feira (17\/12\/2018) na altura do km 218 da BR-381, pr\u00f3ximo a Naque, no Vale do Rio Doce. As v\u00edtimas Abhay Charan e Fernando Pardinho de Souza estavam em um caminh\u00e3o-ba\u00fa que transportava equipamentos de som e ilumina\u00e7\u00e3o, que colidiu contra [&hellip;]<\/p>\n","protected":false},"author":1,"featured_media":140850,"comment_status":"open","ping_status":"closed","sticky":false,"template":"","format":"standard","meta":{"amp_status":"","footnotes":""},"categories":[121],"tags":[189676,189675,145674,189684,189682,189683,131824,189674,8237,131825,192,194,189670,189672,189671,189673,1018,189681,189680,189677,201,50751,189678,189679],"class_list":["post-140847","post","type-post","status-publish","format-standard","has-post-thumbnail","hentry","category-leste","tag-abhay-charan","tag-acidente-com-caminhao-de-bambui","tag-acidente-com-caminhao-de-belo-horizonte","tag-acidente-com-caminhao-em-naque","tag-acidente-com-irmaos-em-naque","tag-acidente-com-irmaos-na-br-381","tag-acidente-em-naque","tag-acidente-entre-caminhoes-em-naque","tag-acidente-na-br-381","tag-acidente-na-br-381-em-naque","tag-bambui","tag-belo-horizonte","tag-colisao-entre-caminhoes-deixa-dois-mortos-na-br-381","tag-colisao-entre-caminhoes-deixa-dois-mortos-na-br-381-em-naque","tag-colisao-entre-caminhoes-deixa-dois-mortos-na-br-381-no-leste-de-minas","tag-colisao-entre-caminhoes-deixa-dois-mortos-na-br-381-no-vale-do-aco","tag-destaque","tag-duas-pessoas-morrem-em-acidente-entre-caminhoes-na-br-381-em-naque","tag-duas-pessoas-morrem-em-acidente-entre-caminhoes-na-br-381-no-leste-de-minas","tag-fernando-pardinho-de-souza","tag-ipatinga","tag-no-leste-de-minas","tag-valdemar-pereira-de-souza","tag-vicente-de-paulo-oliveira"],"_links":{"self":[{"href":"https:\/\/aconteceunovale.com.br\/portal\/index.php?rest_route=\/wp\/v2\/posts\/140847","targetHints":{"allow":["GET"]}}],"collection":[{"href":"https:\/\/aconteceunovale.com.br\/portal\/index.php?rest_route=\/wp\/v2\/posts"}],"about":[{"href":"https:\/\/aconteceunovale.com.br\/portal\/index.php?rest_route=\/wp\/v2\/types\/post"}],"author":[{"embeddable":true,"href":"https:\/\/aconteceunovale.com.br\/portal\/index.php?rest_route=\/wp\/v2\/users\/1"}],"replies":[{"embeddable":true,"href":"https:\/\/aconteceunovale.com.br\/portal\/index.php?rest_route=%2Fwp%2Fv2%2Fcomments&post=140847"}],"version-history":[{"count":0,"href":"https:\/\/aconteceunovale.com.br\/portal\/index.php?rest_route=\/wp\/v2\/posts\/140847\/revisions"}],"wp:featuredmedia":[{"embeddable":true,"href":"https:\/\/aconteceunovale.com.br\/portal\/index.php?rest_route=\/wp\/v2\/media\/140850"}],"wp:attachment":[{"href":"https:\/\/aconteceunovale.com.br\/portal\/index.php?rest_route=%2Fwp%2Fv2%2Fmedia&parent=140847"}],"wp:term":[{"taxonomy":"category","embeddable":true,"href":"https:\/\/aconteceunovale.com.br\/portal\/index.php?rest_route=%2Fwp%2Fv2%2Fcategories&post=140847"},{"taxonomy":"post_tag","embeddable":true,"href":"https:\/\/aconteceunovale.com.br\/portal\/index.php?rest_route=%2Fwp%2Fv2%2Ftags&post=140847"}],"curies":[{"name":"wp","href":"https:\/\/api.w.org\/{rel}","templated":true}]}}