{"id":140746,"date":"2018-12-15T18:56:17","date_gmt":"2018-12-15T20:56:17","guid":{"rendered":"http:\/\/aconteceunovale.com.br\/portal\/?p=140746"},"modified":"2018-12-16T11:14:06","modified_gmt":"2018-12-16T13:14:06","slug":"orgaos-de-seguranca-impedem-resgate-de-presidiarios-no-norte-de-minas","status":"publish","type":"post","link":"https:\/\/aconteceunovale.com.br\/portal\/?p=140746","title":{"rendered":"\u00d3rg\u00e3os de seguran\u00e7a impedem resgate de presidi\u00e1rios no Norte de Minas"},"content":{"rendered":"<p>A pol\u00edcia desarticulou um plano de resgate de dois integrantes do Primeiro Comando da Capital (PCC), presos na Penitenci\u00e1ria de Francisco S\u00e1, no Norte de Minas, na \u00faltima sexta-feira (14\/12\/2018). Investiga\u00e7\u00f5es apontaram que mais de 30 pessoas do grupo iriam invadir a cidade para fazer a a\u00e7\u00e3o.<\/p>\n<p>Segundo Marco Matos Inspetor do Deosp de Minas Gerais (Departamento de Opera\u00e7\u00f5es Especiais da Pol\u00edcia Civil) e Coordenador de Opera\u00e7\u00f5es especiais (Core). &#8220;Os indiv\u00edduos estariam fortemente armados, munidos com metralhadora .50 e explosivos para serem usados na a\u00e7\u00e3o de resgate&#8221;, informou Matos.<\/p>\n<p>As informa\u00e7\u00f5es foram recebidas do setor de intelig\u00eancia da Pol\u00edcia Civil de Goi\u00e1s. &#8220;Eles informaram que haveria um ataque na Penitenci\u00e1ria de Seguran\u00e7a M\u00e1xima localizada na cidade de Francisco S\u00e1, no Norte Minas, para resgatar dois presos do PCC que estavam acautelados naquela unidade prisional,&#8221; disse o inspetor. <\/p>\n<p>A intelig\u00eancia da Pol\u00edcia Civil mineira confirmou a possibilidade do ataque e articulou uma for\u00e7a-tarefa entre as pol\u00edcias Militar e Civil de Minas Gerais, o Poder Judici\u00e1rio, a Subsecretaria de Seguran\u00e7a Prisional e o Minist\u00e9rio P\u00fablico\/Gaeco. <\/p>\n<p>Com um forte esquema de seguran\u00e7a, conseguiu permiss\u00e3o judicial para transferir os dois detentos da penitenci\u00e1ria em Francisco S\u00e1 para um pres\u00eddio federal de seguran\u00e7a m\u00e1xima. A Seap, Secretaria de Estado de Administra\u00e7\u00e3o Prisional de Minas Gerais, ficou respons\u00e1vel pela transfer\u00eancia  <\/p>\n<p>Escoltados, os dois homens embarcaram no aeroporto de Montes Claros, com apoio das aeronaves Guar\u00e1 da 3\u00aa Cia BravE e da P\u00e9gasus 16.  A 11\u00aa Cia de Policiamento Especializado e o 50\u00ba BPM tamb\u00e9m participaram da opera\u00e7\u00e3o. O nome e localiza\u00e7\u00e3o do pres\u00eddio para o qual os presos foram transferidos n\u00e3o foram revelados por precau\u00e7\u00e3o.<\/p>\n<p>De acordo com a pol\u00edcia, mesmo ap\u00f3s a transfer\u00eancia dos homens, por seguran\u00e7a, o Norte de Minas continuar\u00e1 com o policiamento refor\u00e7ado durante o fim de semana.<\/p>\n<p>&#8220;Por conta do grau de import\u00e2ncia de um dos presos que seria resgatado e que faz parte de um bra\u00e7o do PCC que responde diretamente a lideran\u00e7a dessa organiza\u00e7\u00e3o criminosa e para identificar os homens que fariam a a\u00e7\u00e3o nossas equipes ainda est\u00e3o em campo e outros \u00f3rg\u00e3os de seguran\u00e7a est\u00e3o com aten\u00e7\u00e3o redobrada&#8221;, afirmou Matos.<\/p>\n<p><img decoding=\"async\" src=\"http:\/\/aconteceunovale.com.br\/portal\/wp-content\/uploads\/2018\/12\/detentos_transferidos.jpg\" alt=\"\" \/><em>Dois detentos foram transferidos para Pres\u00eddio Federal \u2014 Foto: PM\/Divulga\u00e7\u00e3o<\/em><br \/>\n<\/br><\/p>\n<p><strong>VER PRIMEIRO<\/strong><\/p>\n<p>Receba as not\u00edcias do Aconteceu no Vale em primeira m\u00e3o. Clique em curtir no endere\u00e7o <a href=\"https:\/\/www.facebook.com\/aconteceunovale\" target=\"_blank\"><font color=\"red\">www.facebook.com\/aconteceunovale<\/font><\/a> ou no box abaixo:<\/p>\n<div class=\"fb-like\" data-href=\"https:\/\/www.facebook.com\/aconteceunovale\" data-width=\"120\" data-layout=\"standard\" data-action=\"like\" data-size=\"small\" data-show-faces=\"true\" data-share=\"true\"><\/div>\n<p><\/br><\/p>\n<p><em>(Fonte: O Tempo)<\/em><\/p>\n","protected":false},"excerpt":{"rendered":"<p>A pol\u00edcia desarticulou um plano de resgate de dois integrantes do Primeiro Comando da Capital (PCC), presos na Penitenci\u00e1ria de Francisco S\u00e1, no Norte de Minas, na \u00faltima sexta-feira (14\/12\/2018). Investiga\u00e7\u00f5es apontaram que mais de 30 pessoas do grupo iriam invadir a cidade para fazer a a\u00e7\u00e3o. Segundo Marco Matos Inspetor do Deosp de Minas [&hellip;]<\/p>\n","protected":false},"author":1,"featured_media":140793,"comment_status":"open","ping_status":"closed","sticky":false,"template":"","format":"standard","meta":{"amp_status":"","footnotes":""},"categories":[1236],"tags":[1395,189571,210,189569,189568,10550,189570],"class_list":["post-140746","post","type-post","status-publish","format-standard","has-post-thumbnail","hentry","category-norte_de_minas","tag-francisco-sa","tag-fuga-penitenciaria-de-francisco-sa","tag-montes-claros","tag-orgaos-de-seguranca-impedem-resgate-de-presidiarios-em-francisco-sa","tag-orgaos-de-seguranca-impedem-resgate-de-presidiarios-no-norte-de-minas","tag-penitenciaria-de-francisco-sa","tag-resgate-penitenciaria-de-francisco-sa"],"_links":{"self":[{"href":"https:\/\/aconteceunovale.com.br\/portal\/index.php?rest_route=\/wp\/v2\/posts\/140746","targetHints":{"allow":["GET"]}}],"collection":[{"href":"https:\/\/aconteceunovale.com.br\/portal\/index.php?rest_route=\/wp\/v2\/posts"}],"about":[{"href":"https:\/\/aconteceunovale.com.br\/portal\/index.php?rest_route=\/wp\/v2\/types\/post"}],"author":[{"embeddable":true,"href":"https:\/\/aconteceunovale.com.br\/portal\/index.php?rest_route=\/wp\/v2\/users\/1"}],"replies":[{"embeddable":true,"href":"https:\/\/aconteceunovale.com.br\/portal\/index.php?rest_route=%2Fwp%2Fv2%2Fcomments&post=140746"}],"version-history":[{"count":0,"href":"https:\/\/aconteceunovale.com.br\/portal\/index.php?rest_route=\/wp\/v2\/posts\/140746\/revisions"}],"wp:featuredmedia":[{"embeddable":true,"href":"https:\/\/aconteceunovale.com.br\/portal\/index.php?rest_route=\/wp\/v2\/media\/140793"}],"wp:attachment":[{"href":"https:\/\/aconteceunovale.com.br\/portal\/index.php?rest_route=%2Fwp%2Fv2%2Fmedia&parent=140746"}],"wp:term":[{"taxonomy":"category","embeddable":true,"href":"https:\/\/aconteceunovale.com.br\/portal\/index.php?rest_route=%2Fwp%2Fv2%2Fcategories&post=140746"},{"taxonomy":"post_tag","embeddable":true,"href":"https:\/\/aconteceunovale.com.br\/portal\/index.php?rest_route=%2Fwp%2Fv2%2Ftags&post=140746"}],"curies":[{"name":"wp","href":"https:\/\/api.w.org\/{rel}","templated":true}]}}