{"id":140736,"date":"2018-12-15T16:23:29","date_gmt":"2018-12-15T18:23:29","guid":{"rendered":"http:\/\/aconteceunovale.com.br\/portal\/?p=140736"},"modified":"2018-12-15T16:23:57","modified_gmt":"2018-12-15T18:23:57","slug":"julio-avelar-e-eleito-presidente-da-camara-de-governador-valadares","status":"publish","type":"post","link":"https:\/\/aconteceunovale.com.br\/portal\/?p=140736","title":{"rendered":"J\u00falio Avelar \u00e9 eleito presidente da C\u00e2mara de Governador Valadares"},"content":{"rendered":"<p>A Mesa Diretora que conduzir\u00e1 a C\u00e2mara Municipal de Governador Valadares, no Vale do Rio Doce, pelos pr\u00f3ximos dois anos (bi\u00eanio 2019\/2020) foi definida em r\u00e1pida vota\u00e7\u00e3o na manh\u00e3 dessa sexta-feira (14\/12\/2018). O bloco composto por J\u00falio Avelar (presidente), Marcion da Fusobras (vice-presidente), Juninho da Farm\u00e1cia (1\u00ba secret\u00e1rio) e Ant\u00f4nio Carlos (2\u00ba secret\u00e1rio) foi eleito pela maioria dos vereadores.<\/p>\n<p>A chapa 1 recebeu 13 votos \u2013 \u00e0 exce\u00e7\u00e3o de Marcion da Fusobras, que obteve 11 votos (houve duas absten\u00e7\u00f5es) \u2013 contra 8 da concorrente, que tinha Alessandro Ferraz (presidente), Dr. Marc\u00edlio (vice-presidente), Coronel Wagner (1\u00ba secret\u00e1rio) e Dandan Ces\u00e1rio (2\u00ba secret\u00e1rio).<\/p>\n<p>O grupo vitorioso assume o comando do Legislativo no dia 1\u00ba de janeiro, por\u00e9m a posse acontecer\u00e1 somente na 1\u00aa reuni\u00e3o ordin\u00e1ria de 2019, prevista para o in\u00edcio de fevereiro.<\/p>\n<p><img decoding=\"async\" src=\"http:\/\/aconteceunovale.com.br\/portal\/wp-content\/uploads\/2018\/12\/camara_gv.jpg\" alt=\"\" \/><em>Vereadores Juninho da Farm\u00e1cia (secret\u00e1rio), J\u00falio Avelar (presidente), Betinho Detetive e Regino Cruz ap\u00f3s elei\u00e7\u00e3o da nova Mesa Diretora da C\u00e2mara de Valadares (Foto: Divulga\u00e7\u00e3o\/J\u00falio Avelar)<\/em><br \/>\n<\/br><\/p>\n<p><strong>VER PRIMEIRO<\/strong><\/p>\n<p>Receba as not\u00edcias do Aconteceu no Vale em primeira m\u00e3o. Clique em curtir no endere\u00e7o <a href=\"https:\/\/www.facebook.com\/aconteceunovale\" target=\"_blank\"><font color=\"red\">www.facebook.com\/aconteceunovale<\/font><\/a> ou no box abaixo:<\/p>\n<div class=\"fb-like\" data-href=\"https:\/\/www.facebook.com\/aconteceunovale\" data-width=\"120\" data-layout=\"standard\" data-action=\"like\" data-size=\"small\" data-show-faces=\"true\" data-share=\"true\"><\/div>\n<p><\/br><\/p>\n","protected":false},"excerpt":{"rendered":"<p>A Mesa Diretora que conduzir\u00e1 a C\u00e2mara Municipal de Governador Valadares, no Vale do Rio Doce, pelos pr\u00f3ximos dois anos (bi\u00eanio 2019\/2020) foi definida em r\u00e1pida vota\u00e7\u00e3o na manh\u00e3 dessa sexta-feira (14\/12\/2018). O bloco composto por J\u00falio Avelar (presidente), Marcion da Fusobras (vice-presidente), Juninho da Farm\u00e1cia (1\u00ba secret\u00e1rio) e Ant\u00f4nio Carlos (2\u00ba secret\u00e1rio) foi eleito [&hellip;]<\/p>\n","protected":false},"author":1,"featured_media":140737,"comment_status":"open","ping_status":"closed","sticky":false,"template":"","format":"standard","meta":{"amp_status":"","footnotes":""},"categories":[121,40240],"tags":[49371,88221,247,189559,189557,189560,189558],"class_list":["post-140736","post","type-post","status-publish","format-standard","has-post-thumbnail","hentry","category-leste","category-politica-2","tag-camara-de-governador-valadares","tag-camara-municipal-de-governador-valadares","tag-governador-valadares","tag-julio-avelar","tag-julio-avelar-e-eleito-presidente-da-camara-de-governador-valadares","tag-julio-cesar-tebas-de-avelar","tag-presidente-da-camara-de-governador-valadares"],"_links":{"self":[{"href":"https:\/\/aconteceunovale.com.br\/portal\/index.php?rest_route=\/wp\/v2\/posts\/140736","targetHints":{"allow":["GET"]}}],"collection":[{"href":"https:\/\/aconteceunovale.com.br\/portal\/index.php?rest_route=\/wp\/v2\/posts"}],"about":[{"href":"https:\/\/aconteceunovale.com.br\/portal\/index.php?rest_route=\/wp\/v2\/types\/post"}],"author":[{"embeddable":true,"href":"https:\/\/aconteceunovale.com.br\/portal\/index.php?rest_route=\/wp\/v2\/users\/1"}],"replies":[{"embeddable":true,"href":"https:\/\/aconteceunovale.com.br\/portal\/index.php?rest_route=%2Fwp%2Fv2%2Fcomments&post=140736"}],"version-history":[{"count":0,"href":"https:\/\/aconteceunovale.com.br\/portal\/index.php?rest_route=\/wp\/v2\/posts\/140736\/revisions"}],"wp:featuredmedia":[{"embeddable":true,"href":"https:\/\/aconteceunovale.com.br\/portal\/index.php?rest_route=\/wp\/v2\/media\/140737"}],"wp:attachment":[{"href":"https:\/\/aconteceunovale.com.br\/portal\/index.php?rest_route=%2Fwp%2Fv2%2Fmedia&parent=140736"}],"wp:term":[{"taxonomy":"category","embeddable":true,"href":"https:\/\/aconteceunovale.com.br\/portal\/index.php?rest_route=%2Fwp%2Fv2%2Fcategories&post=140736"},{"taxonomy":"post_tag","embeddable":true,"href":"https:\/\/aconteceunovale.com.br\/portal\/index.php?rest_route=%2Fwp%2Fv2%2Ftags&post=140736"}],"curies":[{"name":"wp","href":"https:\/\/api.w.org\/{rel}","templated":true}]}}