{"id":140733,"date":"2018-12-15T14:37:24","date_gmt":"2018-12-15T16:37:24","guid":{"rendered":"http:\/\/aconteceunovale.com.br\/portal\/?p=140733"},"modified":"2018-12-15T14:37:24","modified_gmt":"2018-12-15T16:37:24","slug":"jorge-e-mateus-nao-se-falam-mais","status":"publish","type":"post","link":"https:\/\/aconteceunovale.com.br\/portal\/?p=140733","title":{"rendered":"Jorge e Mateus n\u00e3o se falam mais"},"content":{"rendered":"<p>O clima anda a cada dia mais tenso entre os cantores Jorge e Mateus. Os dois nem se falam mais e os encontros t\u00eam se restringido ao palco, nos shows da dupla sertaneja. Quem esteve no Festival de Salvador, no \u00faltimo domingo (9), p\u00f4de perceber a tens\u00e3o entre eles nos bastidores. A produ\u00e7\u00e3o dos cantores criou at\u00e9 um esquema especial para que os artistas n\u00e3o precisem passar tanto tempo juntos. At\u00e9 elevadores eles pegam separados. S\u00f3 n\u00e3o viajam em jatinhos diferentes porque o custo sairia muito alto, mas j\u00e1 chegaram a viajar cada um no seu.<\/p>\n<p>O clima \u00e9 ruim tamb\u00e9m entre os familiares de cada um deles, que trabalham como funcion\u00e1rios no escrit\u00f3rio da dupla. A diverg\u00eancia em rela\u00e7\u00e3o \u00e0 carreira \u00e9 um dos motivos do fim da amizade. Mateus quer tirar o p\u00e9 do acelerador e diminuir o ritmo de shows. Al\u00e9m disso, ele leva uma vida mais reservada e \u00e9 avesso a badala\u00e7\u00f5es. Jorge \u00e9 o oposto e quer manter a agenda lotada. \u201cA separa\u00e7\u00e3o seria radical. Eles fizeram muitos investimentos e o retorno n\u00e3o foi o esperado. A dupla rende muito dinheiro\u201d, diz um produtor.<\/p>\n<p><img decoding=\"async\" src=\"http:\/\/aconteceunovale.com.br\/portal\/wp-content\/uploads\/2018\/12\/jorge_e_mateus.jpg\" alt=\"\" \/><em>A dupla sertaneja Jorge e Mateus &#8211; Foto: Divulga\u00e7\u00e3o<\/em><br \/>\n<\/br><\/p>\n<p><strong>VER PRIMEIRO<\/strong><\/p>\n<p>Receba as not\u00edcias do Aconteceu no Vale em primeira m\u00e3o. Clique em curtir no endere\u00e7o <a href=\"https:\/\/www.facebook.com\/aconteceunovale\" target=\"_blank\"><font color=\"red\">www.facebook.com\/aconteceunovale<\/font><\/a> ou no box abaixo:<\/p>\n<div class=\"fb-like\" data-href=\"https:\/\/www.facebook.com\/aconteceunovale\" data-width=\"120\" data-layout=\"standard\" data-action=\"like\" data-size=\"small\" data-show-faces=\"true\" data-share=\"true\"><\/div>\n<p><\/br><\/p>\n<p><em>(Fonte: Extra\/Globo)<\/em><\/p>\n","protected":false},"excerpt":{"rendered":"<p>O clima anda a cada dia mais tenso entre os cantores Jorge e Mateus. Os dois nem se falam mais e os encontros t\u00eam se restringido ao palco, nos shows da dupla sertaneja. Quem esteve no Festival de Salvador, no \u00faltimo domingo (9), p\u00f4de perceber a tens\u00e3o entre eles nos bastidores. A produ\u00e7\u00e3o dos cantores [&hellip;]<\/p>\n","protected":false},"author":1,"featured_media":140734,"comment_status":"open","ping_status":"closed","sticky":false,"template":"","format":"standard","meta":{"amp_status":"","footnotes":""},"categories":[6],"tags":[189552,189544,189556,189555,189554,189547,189548,189551,189546,189549,76697,189543,189550,189553,189545],"class_list":["post-140733","post","type-post","status-publish","format-standard","has-post-thumbnail","hentry","category-br","tag-briga-dupla-sertaneja-jorge-e-mateus","tag-briga-entre-jorge-e-mateus","tag-crise-dupla-jorge-e-mateus","tag-crise-dupla-sertaneja-jorge-e-mateus","tag-desentendimento-dupla-sertaneja-jorge-e-mateus","tag-desentendimento-entre-jorge-e-mateus","tag-dupla-jorge-e-mateus","tag-dupla-sertaneja-jorge-e-mateus","tag-futuro-da-dupla-jorge-e-mateus","tag-jorge-alves-barcelos","tag-jorge-e-mateus","tag-jorge-e-mateus-nao-se-falam-mais","tag-mateus-pedro-liduario-oliveira","tag-situacao-dupla-sertaneja-jorge-e-mateus","tag-situacoa-da-dupla-jorge-e-mateus"],"_links":{"self":[{"href":"https:\/\/aconteceunovale.com.br\/portal\/index.php?rest_route=\/wp\/v2\/posts\/140733","targetHints":{"allow":["GET"]}}],"collection":[{"href":"https:\/\/aconteceunovale.com.br\/portal\/index.php?rest_route=\/wp\/v2\/posts"}],"about":[{"href":"https:\/\/aconteceunovale.com.br\/portal\/index.php?rest_route=\/wp\/v2\/types\/post"}],"author":[{"embeddable":true,"href":"https:\/\/aconteceunovale.com.br\/portal\/index.php?rest_route=\/wp\/v2\/users\/1"}],"replies":[{"embeddable":true,"href":"https:\/\/aconteceunovale.com.br\/portal\/index.php?rest_route=%2Fwp%2Fv2%2Fcomments&post=140733"}],"version-history":[{"count":0,"href":"https:\/\/aconteceunovale.com.br\/portal\/index.php?rest_route=\/wp\/v2\/posts\/140733\/revisions"}],"wp:featuredmedia":[{"embeddable":true,"href":"https:\/\/aconteceunovale.com.br\/portal\/index.php?rest_route=\/wp\/v2\/media\/140734"}],"wp:attachment":[{"href":"https:\/\/aconteceunovale.com.br\/portal\/index.php?rest_route=%2Fwp%2Fv2%2Fmedia&parent=140733"}],"wp:term":[{"taxonomy":"category","embeddable":true,"href":"https:\/\/aconteceunovale.com.br\/portal\/index.php?rest_route=%2Fwp%2Fv2%2Fcategories&post=140733"},{"taxonomy":"post_tag","embeddable":true,"href":"https:\/\/aconteceunovale.com.br\/portal\/index.php?rest_route=%2Fwp%2Fv2%2Ftags&post=140733"}],"curies":[{"name":"wp","href":"https:\/\/api.w.org\/{rel}","templated":true}]}}