{"id":140570,"date":"2018-12-11T10:38:57","date_gmt":"2018-12-11T12:38:57","guid":{"rendered":"http:\/\/aconteceunovale.com.br\/portal\/?p=140570"},"modified":"2018-12-11T10:38:57","modified_gmt":"2018-12-11T12:38:57","slug":"corte-eleitoral-mineira-desaprova-as-contas-de-campanha-do-senador-eleito-carlos-viana","status":"publish","type":"post","link":"https:\/\/aconteceunovale.com.br\/portal\/?p=140570","title":{"rendered":"Corte Eleitoral mineira desaprova as contas de campanha do senador eleito Carlos Viana"},"content":{"rendered":"<p>Por quatro votos a dois, a Corte Eleitoral mineira desaprovou, na sess\u00e3o dessa segunda-feira (10\/12\/2018), as contas de campanha do senador eleito Carlos Viana (PHS) e determinou o recolhimento ao Tesouro Nacional da quantia de R$44.584,26.<\/p>\n<p>Entre as irregularidades apontadas no parecer t\u00e9cnico final da Coordenadoria de Contas Eleitorais e Partid\u00e1rias do TRE est\u00e3o doa\u00e7\u00f5es diretas realizadas por outros candidatos e partidos pol\u00edticos n\u00e3o registradas na presta\u00e7\u00e3o de contas, omiss\u00f5es de receitas estim\u00e1veis detectadas mediante cruzamento com o banco de dados do Sistema de Controle Concomitante e Fiscaliza\u00e7\u00e3o de Gastos Eleitorais (SICOF), receitas financeiras sem identifica\u00e7\u00e3o do doador nos extratos banc\u00e1rios e nos documentos apresentados.<\/p>\n<p>Tamb\u00e9m foram verificadas inconsist\u00eancias em despesas pagas com recursos do Fundo Especial de Financiamento de Campanha, fracionamento de pagamentos com recursos do fundo de caixa, descumprimento quanto \u00e0 entrega dos relat\u00f3rios financeiros no prazo estabelecido pela legisla\u00e7\u00e3o eleitoral, doa\u00e7\u00f5es recebidas e gastos eleitorais feitos em data anterior \u00e0 data inicial de entrega da presta\u00e7\u00e3o de contas parcial, mas n\u00e3o informados \u00e0 \u00e9poca. Essas falhas foram apontadas em dilig\u00eancias feitas no decorrer do processo junto ao candidato, mas n\u00e3o foram sanadas.<\/p>\n<p>A desaprova\u00e7\u00e3o das contas n\u00e3o impede a diploma\u00e7\u00e3o e posse do candidato eleito, e \u00e9 poss\u00edvel recurso junto ao TSE contestando a decis\u00e3o do TRE. N\u00e3o foram julgadas ainda as contas de campanha dos outros candidatos eleitos a cargos majorit\u00e1rios: Romeu Zema (Governo) e Rodrigo Pacheco (Senado).<\/p>\n<p><strong>VER PRIMEIRO<\/strong><\/p>\n<p>Receba as not\u00edcias do Aconteceu no Vale em primeira m\u00e3o. Clique em curtir no endere\u00e7o <a href=\"https:\/\/www.facebook.com\/aconteceunovale\" target=\"_blank\"><font color=\"red\">www.facebook.com\/aconteceunovale<\/font><\/a> ou no box abaixo:<\/p>\n<div class=\"fb-like\" data-href=\"https:\/\/www.facebook.com\/aconteceunovale\" data-width=\"120\" data-layout=\"standard\" data-action=\"like\" data-size=\"small\" data-show-faces=\"true\" data-share=\"true\"><\/div>\n<p><\/br><\/p>\n<p><em>(Fonte: TRE-MG)<\/em><\/p>\n","protected":false},"excerpt":{"rendered":"<p>Por quatro votos a dois, a Corte Eleitoral mineira desaprovou, na sess\u00e3o dessa segunda-feira (10\/12\/2018), as contas de campanha do senador eleito Carlos Viana (PHS) e determinou o recolhimento ao Tesouro Nacional da quantia de R$44.584,26. Entre as irregularidades apontadas no parecer t\u00e9cnico final da Coordenadoria de Contas Eleitorais e Partid\u00e1rias do TRE est\u00e3o doa\u00e7\u00f5es [&hellip;]<\/p>\n","protected":false},"author":1,"featured_media":140571,"comment_status":"open","ping_status":"closed","sticky":false,"template":"","format":"standard","meta":{"amp_status":"","footnotes":""},"categories":[123,40240],"tags":[178438,189230,189234,189229,189231,189232,1051,189233],"class_list":["post-140570","post","type-post","status-publish","format-standard","has-post-thumbnail","hentry","category-gerais","category-politica","tag-carlos-viana","tag-contas-de-campanha-do-carlos-viana","tag-corte-eleitoral-mineira-desaprova-as-contas-de-campanha-do-senador-eleito-carlos-viana","tag-corte-eleitoral-mineira-desaprova-as-contas-do-senador-eleito-carlos-viana","tag-desaprovacao-das-contas-de-campanha-do-carlos-viana","tag-julgamento-das-contas-de-campanha-do-carlos-viana","tag-phs","tag-senador-eleito-carlos-viana"],"yoast_head":"<!-- This site is optimized with the Yoast SEO plugin v28.3 - https:\/\/yoast.com\/product\/yoast-seo-wordpress\/ -->\n<title>Corte Eleitoral mineira desaprova as contas de campanha do senador eleito Carlos Viana - Aconteceu no Vale<\/title>\n<meta name=\"robots\" content=\"index, follow, max-snippet:-1, max-image-preview:large, max-video-preview:-1\" \/>\n<link rel=\"canonical\" href=\"https:\/\/aconteceunovale.com.br\/portal\/?p=140570\" \/>\n<meta property=\"og:locale\" content=\"pt_BR\" \/>\n<meta property=\"og:type\" content=\"article\" \/>\n<meta property=\"og:title\" content=\"Corte Eleitoral mineira desaprova as contas de campanha do senador eleito Carlos Viana - Aconteceu no Vale\" \/>\n<meta property=\"og:description\" content=\"Por quatro votos a dois, a Corte Eleitoral mineira desaprovou, na sess\u00e3o dessa segunda-feira (10\/12\/2018), as contas de campanha do senador eleito Carlos Viana (PHS) e determinou o recolhimento ao Tesouro Nacional da quantia de R$44.584,26. Entre as irregularidades apontadas no parecer t\u00e9cnico final da Coordenadoria de Contas Eleitorais e Partid\u00e1rias do TRE est\u00e3o doa\u00e7\u00f5es [&hellip;]\" \/>\n<meta property=\"og:url\" content=\"https:\/\/aconteceunovale.com.br\/portal\/?p=140570\" \/>\n<meta property=\"og:site_name\" content=\"Aconteceu no Vale\" \/>\n<meta property=\"article:publisher\" content=\"https:\/\/www.facebook.com\/aconteceunovale\/\" \/>\n<meta property=\"article:published_time\" content=\"2018-12-11T12:38:57+00:00\" \/>\n<meta property=\"og:image\" content=\"https:\/\/aconteceunovale.com.br\/portal\/wp-content\/uploads\/2018\/12\/carlos_viana.jpg\" \/>\n\t<meta property=\"og:image:width\" content=\"634\" \/>\n\t<meta property=\"og:image:height\" content=\"405\" \/>\n\t<meta property=\"og:image:type\" content=\"image\/jpeg\" \/>\n<meta name=\"author\" content=\"Aconteceu no Vale\" \/>\n<meta name=\"twitter:card\" content=\"summary_large_image\" \/>\n<meta name=\"twitter:creator\" content=\"@noticiadosvales\" \/>\n<meta name=\"twitter:site\" content=\"@noticiadosvales\" \/>\n<meta name=\"twitter:label1\" content=\"Escrito por\" \/>\n\t<meta name=\"twitter:data1\" content=\"Aconteceu no Vale\" \/>\n\t<meta name=\"twitter:label2\" content=\"Est. tempo de leitura\" \/>\n\t<meta name=\"twitter:data2\" content=\"1 minuto\" \/>\n<script type=\"application\/ld+json\" class=\"yoast-schema-graph\">{\"@context\":\"https:\\\/\\\/schema.org\",\"@graph\":[{\"@type\":\"Article\",\"@id\":\"https:\\\/\\\/aconteceunovale.com.br\\\/portal\\\/?p=140570#article\",\"isPartOf\":{\"@id\":\"https:\\\/\\\/aconteceunovale.com.br\\\/portal\\\/?p=140570\"},\"author\":{\"name\":\"Aconteceu no Vale\",\"@id\":\"https:\\\/\\\/aconteceunovale.com.br\\\/portal\\\/#\\\/schema\\\/person\\\/633529146f2c94272bef50ac2953d589\"},\"headline\":\"Corte Eleitoral mineira desaprova as contas de campanha do senador eleito Carlos Viana\",\"datePublished\":\"2018-12-11T12:38:57+00:00\",\"mainEntityOfPage\":{\"@id\":\"https:\\\/\\\/aconteceunovale.com.br\\\/portal\\\/?p=140570\"},\"wordCount\":299,\"commentCount\":0,\"image\":{\"@id\":\"https:\\\/\\\/aconteceunovale.com.br\\\/portal\\\/?p=140570#primaryimage\"},\"thumbnailUrl\":\"https:\\\/\\\/aconteceunovale.com.br\\\/portal\\\/wp-content\\\/uploads\\\/2018\\\/12\\\/carlos_viana.jpg\",\"keywords\":[\"Carlos Viana\",\"Contas de campanha do Carlos Viana\",\"Corte Eleitoral mineira desaprova as contas de campanha do senador eleito Carlos Viana\",\"Corte Eleitoral mineira desaprova as contas do senador eleito Carlos Viana\",\"Desaprova\u00e7\u00e3o das Contas de campanha do Carlos Viana\",\"Julgamento das Contas de campanha do Carlos Viana\",\"phs\",\"senador eleito Carlos Viana\"],\"articleSection\":[\"Minas Gerais\",\"Pol\u00edtica\"],\"inLanguage\":\"pt-BR\",\"potentialAction\":[{\"@type\":\"CommentAction\",\"name\":\"Comment\",\"target\":[\"https:\\\/\\\/aconteceunovale.com.br\\\/portal\\\/?p=140570#respond\"]}]},{\"@type\":\"WebPage\",\"@id\":\"https:\\\/\\\/aconteceunovale.com.br\\\/portal\\\/?p=140570\",\"url\":\"https:\\\/\\\/aconteceunovale.com.br\\\/portal\\\/?p=140570\",\"name\":\"Corte Eleitoral mineira desaprova as contas de campanha do senador eleito Carlos Viana - Aconteceu no Vale\",\"isPartOf\":{\"@id\":\"https:\\\/\\\/aconteceunovale.com.br\\\/portal\\\/#website\"},\"primaryImageOfPage\":{\"@id\":\"https:\\\/\\\/aconteceunovale.com.br\\\/portal\\\/?p=140570#primaryimage\"},\"image\":{\"@id\":\"https:\\\/\\\/aconteceunovale.com.br\\\/portal\\\/?p=140570#primaryimage\"},\"thumbnailUrl\":\"https:\\\/\\\/aconteceunovale.com.br\\\/portal\\\/wp-content\\\/uploads\\\/2018\\\/12\\\/carlos_viana.jpg\",\"datePublished\":\"2018-12-11T12:38:57+00:00\",\"author\":{\"@id\":\"https:\\\/\\\/aconteceunovale.com.br\\\/portal\\\/#\\\/schema\\\/person\\\/633529146f2c94272bef50ac2953d589\"},\"breadcrumb\":{\"@id\":\"https:\\\/\\\/aconteceunovale.com.br\\\/portal\\\/?p=140570#breadcrumb\"},\"inLanguage\":\"pt-BR\",\"potentialAction\":[{\"@type\":\"ReadAction\",\"target\":[\"https:\\\/\\\/aconteceunovale.com.br\\\/portal\\\/?p=140570\"]}]},{\"@type\":\"ImageObject\",\"inLanguage\":\"pt-BR\",\"@id\":\"https:\\\/\\\/aconteceunovale.com.br\\\/portal\\\/?p=140570#primaryimage\",\"url\":\"https:\\\/\\\/aconteceunovale.com.br\\\/portal\\\/wp-content\\\/uploads\\\/2018\\\/12\\\/carlos_viana.jpg\",\"contentUrl\":\"https:\\\/\\\/aconteceunovale.com.br\\\/portal\\\/wp-content\\\/uploads\\\/2018\\\/12\\\/carlos_viana.jpg\",\"width\":634,\"height\":405},{\"@type\":\"BreadcrumbList\",\"@id\":\"https:\\\/\\\/aconteceunovale.com.br\\\/portal\\\/?p=140570#breadcrumb\",\"itemListElement\":[{\"@type\":\"ListItem\",\"position\":1,\"name\":\"In\u00edcio\",\"item\":\"https:\\\/\\\/aconteceunovale.com.br\\\/portal\\\/\"},{\"@type\":\"ListItem\",\"position\":2,\"name\":\"Corte Eleitoral mineira desaprova as contas de campanha do senador eleito Carlos Viana\"}]},{\"@type\":\"WebSite\",\"@id\":\"https:\\\/\\\/aconteceunovale.com.br\\\/portal\\\/#website\",\"url\":\"https:\\\/\\\/aconteceunovale.com.br\\\/portal\\\/\",\"name\":\"Aconteceu no Vale\",\"description\":\"Portal de Not\u00edcias\",\"potentialAction\":[{\"@type\":\"SearchAction\",\"target\":{\"@type\":\"EntryPoint\",\"urlTemplate\":\"https:\\\/\\\/aconteceunovale.com.br\\\/portal\\\/?s={search_term_string}\"},\"query-input\":{\"@type\":\"PropertyValueSpecification\",\"valueRequired\":true,\"valueName\":\"search_term_string\"}}],\"inLanguage\":\"pt-BR\"},{\"@type\":\"Person\",\"@id\":\"https:\\\/\\\/aconteceunovale.com.br\\\/portal\\\/#\\\/schema\\\/person\\\/633529146f2c94272bef50ac2953d589\",\"name\":\"Aconteceu no Vale\",\"description\":\"Equipe de reportagem do Aconteceu no Vale, portal de not\u00edcias do Vale do Jequitinhonha, em Minas Gerais. Cobrimos as 51 cidades do Vale desde 2013. Sugest\u00f5es de pauta e pedidos de corre\u00e7\u00e3o: contato@aconteceunovale.com.br\",\"sameAs\":[\"http:\\\/\\\/www.aconteceunovale.com.br\"],\"url\":\"https:\\\/\\\/aconteceunovale.com.br\\\/portal\\\/?author=1\"}]}<\/script>\n<!-- \/ Yoast SEO plugin. -->","yoast_head_json":{"title":"Corte Eleitoral mineira desaprova as contas de campanha do senador eleito Carlos Viana - Aconteceu no Vale","robots":{"index":"index","follow":"follow","max-snippet":"max-snippet:-1","max-image-preview":"max-image-preview:large","max-video-preview":"max-video-preview:-1"},"canonical":"https:\/\/aconteceunovale.com.br\/portal\/?p=140570","og_locale":"pt_BR","og_type":"article","og_title":"Corte Eleitoral mineira desaprova as contas de campanha do senador eleito Carlos Viana - Aconteceu no Vale","og_description":"Por quatro votos a dois, a Corte Eleitoral mineira desaprovou, na sess\u00e3o dessa segunda-feira (10\/12\/2018), as contas de campanha do senador eleito Carlos Viana (PHS) e determinou o recolhimento ao Tesouro Nacional da quantia de R$44.584,26. Entre as irregularidades apontadas no parecer t\u00e9cnico final da Coordenadoria de Contas Eleitorais e Partid\u00e1rias do TRE est\u00e3o doa\u00e7\u00f5es [&hellip;]","og_url":"https:\/\/aconteceunovale.com.br\/portal\/?p=140570","og_site_name":"Aconteceu no Vale","article_publisher":"https:\/\/www.facebook.com\/aconteceunovale\/","article_published_time":"2018-12-11T12:38:57+00:00","og_image":[{"width":634,"height":405,"url":"https:\/\/aconteceunovale.com.br\/portal\/wp-content\/uploads\/2018\/12\/carlos_viana.jpg","type":"image\/jpeg"}],"author":"Aconteceu no Vale","twitter_card":"summary_large_image","twitter_creator":"@noticiadosvales","twitter_site":"@noticiadosvales","twitter_misc":{"Escrito por":"Aconteceu no Vale","Est. tempo de leitura":"1 minuto"},"schema":{"@context":"https:\/\/schema.org","@graph":[{"@type":"Article","@id":"https:\/\/aconteceunovale.com.br\/portal\/?p=140570#article","isPartOf":{"@id":"https:\/\/aconteceunovale.com.br\/portal\/?p=140570"},"author":{"name":"Aconteceu no Vale","@id":"https:\/\/aconteceunovale.com.br\/portal\/#\/schema\/person\/633529146f2c94272bef50ac2953d589"},"headline":"Corte Eleitoral mineira desaprova as contas de campanha do senador eleito Carlos Viana","datePublished":"2018-12-11T12:38:57+00:00","mainEntityOfPage":{"@id":"https:\/\/aconteceunovale.com.br\/portal\/?p=140570"},"wordCount":299,"commentCount":0,"image":{"@id":"https:\/\/aconteceunovale.com.br\/portal\/?p=140570#primaryimage"},"thumbnailUrl":"https:\/\/aconteceunovale.com.br\/portal\/wp-content\/uploads\/2018\/12\/carlos_viana.jpg","keywords":["Carlos Viana","Contas de campanha do Carlos Viana","Corte Eleitoral mineira desaprova as contas de campanha do senador eleito Carlos Viana","Corte Eleitoral mineira desaprova as contas do senador eleito Carlos Viana","Desaprova\u00e7\u00e3o das Contas de campanha do Carlos Viana","Julgamento das Contas de campanha do Carlos Viana","phs","senador eleito Carlos Viana"],"articleSection":["Minas Gerais","Pol\u00edtica"],"inLanguage":"pt-BR","potentialAction":[{"@type":"CommentAction","name":"Comment","target":["https:\/\/aconteceunovale.com.br\/portal\/?p=140570#respond"]}]},{"@type":"WebPage","@id":"https:\/\/aconteceunovale.com.br\/portal\/?p=140570","url":"https:\/\/aconteceunovale.com.br\/portal\/?p=140570","name":"Corte Eleitoral mineira desaprova as contas de campanha do senador eleito Carlos Viana - Aconteceu no Vale","isPartOf":{"@id":"https:\/\/aconteceunovale.com.br\/portal\/#website"},"primaryImageOfPage":{"@id":"https:\/\/aconteceunovale.com.br\/portal\/?p=140570#primaryimage"},"image":{"@id":"https:\/\/aconteceunovale.com.br\/portal\/?p=140570#primaryimage"},"thumbnailUrl":"https:\/\/aconteceunovale.com.br\/portal\/wp-content\/uploads\/2018\/12\/carlos_viana.jpg","datePublished":"2018-12-11T12:38:57+00:00","author":{"@id":"https:\/\/aconteceunovale.com.br\/portal\/#\/schema\/person\/633529146f2c94272bef50ac2953d589"},"breadcrumb":{"@id":"https:\/\/aconteceunovale.com.br\/portal\/?p=140570#breadcrumb"},"inLanguage":"pt-BR","potentialAction":[{"@type":"ReadAction","target":["https:\/\/aconteceunovale.com.br\/portal\/?p=140570"]}]},{"@type":"ImageObject","inLanguage":"pt-BR","@id":"https:\/\/aconteceunovale.com.br\/portal\/?p=140570#primaryimage","url":"https:\/\/aconteceunovale.com.br\/portal\/wp-content\/uploads\/2018\/12\/carlos_viana.jpg","contentUrl":"https:\/\/aconteceunovale.com.br\/portal\/wp-content\/uploads\/2018\/12\/carlos_viana.jpg","width":634,"height":405},{"@type":"BreadcrumbList","@id":"https:\/\/aconteceunovale.com.br\/portal\/?p=140570#breadcrumb","itemListElement":[{"@type":"ListItem","position":1,"name":"In\u00edcio","item":"https:\/\/aconteceunovale.com.br\/portal\/"},{"@type":"ListItem","position":2,"name":"Corte Eleitoral mineira desaprova as contas de campanha do senador eleito Carlos Viana"}]},{"@type":"WebSite","@id":"https:\/\/aconteceunovale.com.br\/portal\/#website","url":"https:\/\/aconteceunovale.com.br\/portal\/","name":"Aconteceu no Vale","description":"Portal de Not\u00edcias","potentialAction":[{"@type":"SearchAction","target":{"@type":"EntryPoint","urlTemplate":"https:\/\/aconteceunovale.com.br\/portal\/?s={search_term_string}"},"query-input":{"@type":"PropertyValueSpecification","valueRequired":true,"valueName":"search_term_string"}}],"inLanguage":"pt-BR"},{"@type":"Person","@id":"https:\/\/aconteceunovale.com.br\/portal\/#\/schema\/person\/633529146f2c94272bef50ac2953d589","name":"Aconteceu no Vale","description":"Equipe de reportagem do Aconteceu no Vale, portal de not\u00edcias do Vale do Jequitinhonha, em Minas Gerais. Cobrimos as 51 cidades do Vale desde 2013. Sugest\u00f5es de pauta e pedidos de corre\u00e7\u00e3o: contato@aconteceunovale.com.br","sameAs":["http:\/\/www.aconteceunovale.com.br"],"url":"https:\/\/aconteceunovale.com.br\/portal\/?author=1"}]}},"_links":{"self":[{"href":"https:\/\/aconteceunovale.com.br\/portal\/index.php?rest_route=\/wp\/v2\/posts\/140570","targetHints":{"allow":["GET"]}}],"collection":[{"href":"https:\/\/aconteceunovale.com.br\/portal\/index.php?rest_route=\/wp\/v2\/posts"}],"about":[{"href":"https:\/\/aconteceunovale.com.br\/portal\/index.php?rest_route=\/wp\/v2\/types\/post"}],"author":[{"embeddable":true,"href":"https:\/\/aconteceunovale.com.br\/portal\/index.php?rest_route=\/wp\/v2\/users\/1"}],"replies":[{"embeddable":true,"href":"https:\/\/aconteceunovale.com.br\/portal\/index.php?rest_route=%2Fwp%2Fv2%2Fcomments&post=140570"}],"version-history":[{"count":0,"href":"https:\/\/aconteceunovale.com.br\/portal\/index.php?rest_route=\/wp\/v2\/posts\/140570\/revisions"}],"wp:featuredmedia":[{"embeddable":true,"href":"https:\/\/aconteceunovale.com.br\/portal\/index.php?rest_route=\/wp\/v2\/media\/140571"}],"wp:attachment":[{"href":"https:\/\/aconteceunovale.com.br\/portal\/index.php?rest_route=%2Fwp%2Fv2%2Fmedia&parent=140570"}],"wp:term":[{"taxonomy":"category","embeddable":true,"href":"https:\/\/aconteceunovale.com.br\/portal\/index.php?rest_route=%2Fwp%2Fv2%2Fcategories&post=140570"},{"taxonomy":"post_tag","embeddable":true,"href":"https:\/\/aconteceunovale.com.br\/portal\/index.php?rest_route=%2Fwp%2Fv2%2Ftags&post=140570"}],"curies":[{"name":"wp","href":"https:\/\/api.w.org\/{rel}","templated":true}]}}