{"id":140567,"date":"2018-12-11T08:21:23","date_gmt":"2018-12-11T10:21:23","guid":{"rendered":"http:\/\/aconteceunovale.com.br\/portal\/?p=140567"},"modified":"2018-12-11T11:10:16","modified_gmt":"2018-12-11T13:10:16","slug":"nova-fase-da-operacao-lava-jato-mira-aecio-neves","status":"publish","type":"post","link":"https:\/\/aconteceunovale.com.br\/portal\/?p=140567","title":{"rendered":"Opera\u00e7\u00e3o mira A\u00e9cio Neves e outros pol\u00edticos"},"content":{"rendered":"<p>A Pol\u00edcia Federal (PF) e o Minist\u00e9rio P\u00fablico Federal cumprem nesta ter\u00e7a-feira (11\/12\/2018) 24 mandados de busca e apreens\u00e3o, assim como 48 intima\u00e7\u00f5es para oitivas no Distrito Federal, em S\u00e3o Paulo, Minas Gerais, no Rio de Janeiro, Rio Grande do Norte e na Bahia, al\u00e9m de Mato Grosso do Sul, do Tocantins e Amap\u00e1. S\u00e3o investigados os crimes de corrup\u00e7\u00e3o passiva, organiza\u00e7\u00e3o criminosa, lavagem de dinheiro e associa\u00e7\u00e3o criminosa.<\/p>\n<p>Os alvos s\u00e3o o senador A\u00e9cio Neves (PSDB-MG), a irm\u00e3 dele, Andrea Neves, e o primo Frederico Pacheco de Medeiros. Tamb\u00e9m est\u00e3o na mira os senadores Antonio Anastasia (PSDB-MG) e Jos\u00e9 Agripino Maia (DEM-RN). A Opera\u00e7\u00e3o Ross investiga tamb\u00e9m os deputados Paulinho da For\u00e7a (Solidariedade-SP), Benito Gama (PTB-BA) e Cristiane Brasil (PTB-RJ).<\/p>\n<p>A PF no Distrito Federal confirmou a Opera\u00e7\u00e3o Ross. No total, 200 homens trabalham na a\u00e7\u00e3o, que investiga o recebimento de vantagens indevidas por parte dos parlamentares no per\u00edodo de 2014 a 2017.<\/p>\n<p>A Opera\u00e7\u00e3o Ross \u00e9 um desdobramento da Patmos, deflagrada pela PF em maio de 2017. Os valores investigados, que teriam sido utilizados tamb\u00e9m para a obten\u00e7\u00e3o de apoio pol\u00edtico, ultrapassam R$ 100 milh\u00f5es.<\/p>\n<p><strong>Alvos<\/strong><\/p>\n<p>Os mandados de busca e apreens\u00e3o s\u00e3o cumpridos em apartamentos de A\u00e9cio Neves e sua irm\u00e3, Andrea, no Rio de Janeiro, assim como no de Cristiane Brasil, tamb\u00e9m na capital fluminense. Em S\u00e3o Paulo, o im\u00f3vel de Paulinho da For\u00e7a est\u00e1 na mira, assim como os apartamentos de A\u00e9cio e Anastasia em Belo Horizonte.<\/p>\n<p>Os mandados foram expedidos tamb\u00e9m para im\u00f3veis de Agripino Maia e Benito Gama, em Natal e Salvador. A autoriza\u00e7\u00e3o foi dada com base no Inqu\u00e9rito 4.519, relatado pelo ministro Marco Aur\u00e9lio Mello, do Supremo Tribunal Federal (STF).  <\/p>\n<p><strong>Den\u00fancias<\/strong><\/p>\n<p>A opera\u00e7\u00e3o se baseia em informa\u00e7\u00f5es de empres\u00e1rios, que teriam relatado a promotores a emiss\u00e3o de notas fiscais frias. H\u00e1 den\u00fancias, que est\u00e3o sob investiga\u00e7\u00e3o, sobre a suposta compra de apoio pol\u00edtico, e que empres\u00e1rios teriam ajudado com doa\u00e7\u00f5es de campanha e caixa 2, por meio de notas frias.<\/p>\n<p><strong>Nome da opera\u00e7\u00e3o<\/strong><\/p>\n<p>O nome da Opera\u00e7\u00e3o Ross \u00e9 refer\u00eancia ao explorador brit\u00e2nico que d\u00e1 nome \u00e0 maior plataforma de gelo do mundo, na Ant\u00e1rtida, fazendo alus\u00e3o \u00e0s notas fiscais frias que est\u00e3o sendo investigadas.<\/p>\n<p><strong>Defesa dos envolvidos<\/strong><\/p>\n<p>Alberto Zacharias Toron, advogado de A\u00e9cio, emitiu nota. &#8220;O senador A\u00e9cio Neves sempre esteve \u00e0 disposi\u00e7\u00e3o para prestar todos os esclarecimentos necess\u00e1rios que mostrar\u00e3o a absoluta corre\u00e7\u00e3o de todos os seus atos&#8221;, afirma.<\/p>\n<p>&#8220;\u00c9 preciso que se esclare\u00e7a que os recursos referidos pelos delatores da JBS agora como propina s\u00e3o as contribui\u00e7\u00f5es eleitorais feitas \u00e0 campanha do PSDB em 2014 e devidamente registradas na Justi\u00e7a Eleitoral&#8221;, prossegue.<\/p>\n<p>&#8220;Somam-se a esses valores contribui\u00e7\u00f5es legais feitas a outros partidos pol\u00edticos. A medida \u00e9, portanto, desnecess\u00e1ria j\u00e1 que o Senador \u00e9 o maior interessado no esclarecimento de todos os fatos&#8221;, emenda.<\/p>\n<p><strong>VER PRIMEIRO<\/strong><\/p>\n<p>Receba as not\u00edcias do Aconteceu no Vale em primeira m\u00e3o. Clique em curtir no endere\u00e7o <a href=\"https:\/\/www.facebook.com\/aconteceunovale\" target=\"_blank\"><font color=\"red\">www.facebook.com\/aconteceunovale<\/font><\/a> ou no box abaixo:<\/p>\n<div class=\"fb-like\" data-href=\"https:\/\/www.facebook.com\/aconteceunovale\" data-width=\"120\" data-layout=\"standard\" data-action=\"like\" data-size=\"small\" data-show-faces=\"true\" data-share=\"true\"><\/div>\n<p><\/br><\/p>\n<p><em>(Fonte: Ag\u00eancia Brasil e G1)<\/em><\/p>\n","protected":false},"excerpt":{"rendered":"<p>A Pol\u00edcia Federal (PF) e o Minist\u00e9rio P\u00fablico Federal cumprem nesta ter\u00e7a-feira (11\/12\/2018) 24 mandados de busca e apreens\u00e3o, assim como 48 intima\u00e7\u00f5es para oitivas no Distrito Federal, em S\u00e3o Paulo, Minas Gerais, no Rio de Janeiro, Rio Grande do Norte e na Bahia, al\u00e9m de Mato Grosso do Sul, do Tocantins e Amap\u00e1. S\u00e3o [&hellip;]<\/p>\n","protected":false},"author":1,"featured_media":139594,"comment_status":"open","ping_status":"closed","sticky":false,"template":"","format":"standard","meta":{"amp_status":"","footnotes":""},"categories":[40240],"tags":[2728,189222,189220,149453,2184,189223,189236,189221,85721,149457,78303,149434,189235,189219,119495,5667,18887,189227,189226,189228,18914,189218,189224,189225,91500,20966,772,189217,149546,78586],"class_list":["post-140567","post","type-post","status-publish","format-standard","has-post-thumbnail","hentry","category-politica","tag-aecio-neves","tag-agripino-maia","tag-andrea-neve","tag-andrea-neves","tag-antonio-anastasia","tag-benito-da-gama","tag-benito-gama","tag-cristiane-brasil","tag-deputados-federais","tag-frederico-pacheco-de-medeiros","tag-investigacao-aecio-neves","tag-joesley-batista","tag-jose-agripino-maia","tag-mandados-contra-aecio-neves","tag-marco-aurelio-mello","tag-ministerio-publico-federal","tag-mpf","tag-nova-fase-da-lava-jato-investiga-aecio-neves","tag-nova-fase-da-lava-jato-mira-aecio-neves","tag-nova-fase-da-operacao-lava-jato-mira-aecio-neves","tag-operacao","tag-operacao-aecio-neves","tag-operacao-ross","tag-operacao-ross-aecio-neves","tag-paulinho-da-forca","tag-pf","tag-policia-federal","tag-propina-de-r-110-milhoes","tag-ricardo-saud","tag-senadores"],"yoast_head":"<!-- This site is optimized with the Yoast SEO plugin v28.3 - https:\/\/yoast.com\/product\/yoast-seo-wordpress\/ -->\n<title>Opera\u00e7\u00e3o mira A\u00e9cio Neves e outros pol\u00edticos - Aconteceu no Vale<\/title>\n<meta name=\"robots\" content=\"index, follow, max-snippet:-1, max-image-preview:large, max-video-preview:-1\" \/>\n<link rel=\"canonical\" href=\"https:\/\/aconteceunovale.com.br\/portal\/?p=140567\" \/>\n<meta property=\"og:locale\" content=\"pt_BR\" \/>\n<meta property=\"og:type\" content=\"article\" \/>\n<meta property=\"og:title\" content=\"Opera\u00e7\u00e3o mira A\u00e9cio Neves e outros pol\u00edticos - Aconteceu no Vale\" \/>\n<meta property=\"og:description\" content=\"A Pol\u00edcia Federal (PF) e o Minist\u00e9rio P\u00fablico Federal cumprem nesta ter\u00e7a-feira (11\/12\/2018) 24 mandados de busca e apreens\u00e3o, assim como 48 intima\u00e7\u00f5es para oitivas no Distrito Federal, em S\u00e3o Paulo, Minas Gerais, no Rio de Janeiro, Rio Grande do Norte e na Bahia, al\u00e9m de Mato Grosso do Sul, do Tocantins e Amap\u00e1. S\u00e3o [&hellip;]\" \/>\n<meta property=\"og:url\" content=\"https:\/\/aconteceunovale.com.br\/portal\/?p=140567\" \/>\n<meta property=\"og:site_name\" content=\"Aconteceu no Vale\" \/>\n<meta property=\"article:publisher\" content=\"https:\/\/www.facebook.com\/aconteceunovale\/\" \/>\n<meta property=\"article:published_time\" content=\"2018-12-11T10:21:23+00:00\" \/>\n<meta property=\"article:modified_time\" content=\"2018-12-11T13:10:16+00:00\" \/>\n<meta property=\"og:image\" content=\"https:\/\/aconteceunovale.com.br\/portal\/wp-content\/uploads\/2018\/11\/aecio_neves.jpg\" \/>\n\t<meta property=\"og:image:width\" content=\"678\" \/>\n\t<meta property=\"og:image:height\" content=\"381\" \/>\n\t<meta property=\"og:image:type\" content=\"image\/jpeg\" \/>\n<meta name=\"author\" content=\"Aconteceu no Vale\" \/>\n<meta name=\"twitter:card\" content=\"summary_large_image\" \/>\n<meta name=\"twitter:creator\" content=\"@noticiadosvales\" \/>\n<meta name=\"twitter:site\" content=\"@noticiadosvales\" \/>\n<meta name=\"twitter:label1\" content=\"Escrito por\" \/>\n\t<meta name=\"twitter:data1\" content=\"Aconteceu no Vale\" \/>\n\t<meta name=\"twitter:label2\" content=\"Est. tempo de leitura\" \/>\n\t<meta name=\"twitter:data2\" content=\"3 minutos\" \/>\n<script type=\"application\/ld+json\" class=\"yoast-schema-graph\">{\"@context\":\"https:\\\/\\\/schema.org\",\"@graph\":[{\"@type\":\"Article\",\"@id\":\"https:\\\/\\\/aconteceunovale.com.br\\\/portal\\\/?p=140567#article\",\"isPartOf\":{\"@id\":\"https:\\\/\\\/aconteceunovale.com.br\\\/portal\\\/?p=140567\"},\"author\":{\"name\":\"Aconteceu no Vale\",\"@id\":\"https:\\\/\\\/aconteceunovale.com.br\\\/portal\\\/#\\\/schema\\\/person\\\/633529146f2c94272bef50ac2953d589\"},\"headline\":\"Opera\u00e7\u00e3o mira A\u00e9cio Neves e outros pol\u00edticos\",\"datePublished\":\"2018-12-11T10:21:23+00:00\",\"dateModified\":\"2018-12-11T13:10:16+00:00\",\"mainEntityOfPage\":{\"@id\":\"https:\\\/\\\/aconteceunovale.com.br\\\/portal\\\/?p=140567\"},\"wordCount\":561,\"commentCount\":0,\"image\":{\"@id\":\"https:\\\/\\\/aconteceunovale.com.br\\\/portal\\\/?p=140567#primaryimage\"},\"thumbnailUrl\":\"https:\\\/\\\/aconteceunovale.com.br\\\/portal\\\/wp-content\\\/uploads\\\/2018\\\/11\\\/aecio_neves.jpg\",\"keywords\":[\"A\u00e9cio Neves\",\"Agripino Maia\",\"Andr\u00e9a Neve\",\"Andrea Neves\",\"Antonio Anastasia\",\"Benito da Gama\",\"Benito Gama\",\"Cristiane Brasil\",\"deputados federais\",\"Frederico Pacheco de Medeiros\",\"investiga\u00e7\u00e3o A\u00e9cio Neves\",\"Joesley Batista\",\"Jos\u00e9 Agripino Maia\",\"Mandados contra A\u00e9cio Neves\",\"Marco Aur\u00e9lio Mello\",\"Minist\u00e9rio P\u00fablico Federal\",\"MPF\",\"Nova fase da Lava jato investiga A\u00e9cio Neves\",\"Nova fase da Lava jato mira A\u00e9cio Neves\",\"Nova fase da Opera\u00e7\u00e3o Lava Jato mira A\u00e9cio Neves\",\"opera\u00e7\u00e3o\",\"Opera\u00e7\u00e3o A\u00e9cio Neves\",\"Opera\u00e7\u00e3o Ross\",\"Opera\u00e7\u00e3o Ross A\u00e9cio Neves\",\"Paulinho da For\u00e7a\",\"PF\",\"pol\u00edcia federal\",\"Propina de R$ 110 milh\u00f5es\",\"Ricardo Saud\",\"senadores\"],\"articleSection\":[\"Pol\u00edtica\"],\"inLanguage\":\"pt-BR\",\"potentialAction\":[{\"@type\":\"CommentAction\",\"name\":\"Comment\",\"target\":[\"https:\\\/\\\/aconteceunovale.com.br\\\/portal\\\/?p=140567#respond\"]}]},{\"@type\":\"WebPage\",\"@id\":\"https:\\\/\\\/aconteceunovale.com.br\\\/portal\\\/?p=140567\",\"url\":\"https:\\\/\\\/aconteceunovale.com.br\\\/portal\\\/?p=140567\",\"name\":\"Opera\u00e7\u00e3o mira A\u00e9cio Neves e outros pol\u00edticos - Aconteceu no Vale\",\"isPartOf\":{\"@id\":\"https:\\\/\\\/aconteceunovale.com.br\\\/portal\\\/#website\"},\"primaryImageOfPage\":{\"@id\":\"https:\\\/\\\/aconteceunovale.com.br\\\/portal\\\/?p=140567#primaryimage\"},\"image\":{\"@id\":\"https:\\\/\\\/aconteceunovale.com.br\\\/portal\\\/?p=140567#primaryimage\"},\"thumbnailUrl\":\"https:\\\/\\\/aconteceunovale.com.br\\\/portal\\\/wp-content\\\/uploads\\\/2018\\\/11\\\/aecio_neves.jpg\",\"datePublished\":\"2018-12-11T10:21:23+00:00\",\"dateModified\":\"2018-12-11T13:10:16+00:00\",\"author\":{\"@id\":\"https:\\\/\\\/aconteceunovale.com.br\\\/portal\\\/#\\\/schema\\\/person\\\/633529146f2c94272bef50ac2953d589\"},\"breadcrumb\":{\"@id\":\"https:\\\/\\\/aconteceunovale.com.br\\\/portal\\\/?p=140567#breadcrumb\"},\"inLanguage\":\"pt-BR\",\"potentialAction\":[{\"@type\":\"ReadAction\",\"target\":[\"https:\\\/\\\/aconteceunovale.com.br\\\/portal\\\/?p=140567\"]}]},{\"@type\":\"ImageObject\",\"inLanguage\":\"pt-BR\",\"@id\":\"https:\\\/\\\/aconteceunovale.com.br\\\/portal\\\/?p=140567#primaryimage\",\"url\":\"https:\\\/\\\/aconteceunovale.com.br\\\/portal\\\/wp-content\\\/uploads\\\/2018\\\/11\\\/aecio_neves.jpg\",\"contentUrl\":\"https:\\\/\\\/aconteceunovale.com.br\\\/portal\\\/wp-content\\\/uploads\\\/2018\\\/11\\\/aecio_neves.jpg\",\"width\":678,\"height\":381},{\"@type\":\"BreadcrumbList\",\"@id\":\"https:\\\/\\\/aconteceunovale.com.br\\\/portal\\\/?p=140567#breadcrumb\",\"itemListElement\":[{\"@type\":\"ListItem\",\"position\":1,\"name\":\"In\u00edcio\",\"item\":\"https:\\\/\\\/aconteceunovale.com.br\\\/portal\\\/\"},{\"@type\":\"ListItem\",\"position\":2,\"name\":\"Opera\u00e7\u00e3o mira A\u00e9cio Neves e outros pol\u00edticos\"}]},{\"@type\":\"WebSite\",\"@id\":\"https:\\\/\\\/aconteceunovale.com.br\\\/portal\\\/#website\",\"url\":\"https:\\\/\\\/aconteceunovale.com.br\\\/portal\\\/\",\"name\":\"Aconteceu no Vale\",\"description\":\"Portal de Not\u00edcias\",\"potentialAction\":[{\"@type\":\"SearchAction\",\"target\":{\"@type\":\"EntryPoint\",\"urlTemplate\":\"https:\\\/\\\/aconteceunovale.com.br\\\/portal\\\/?s={search_term_string}\"},\"query-input\":{\"@type\":\"PropertyValueSpecification\",\"valueRequired\":true,\"valueName\":\"search_term_string\"}}],\"inLanguage\":\"pt-BR\"},{\"@type\":\"Person\",\"@id\":\"https:\\\/\\\/aconteceunovale.com.br\\\/portal\\\/#\\\/schema\\\/person\\\/633529146f2c94272bef50ac2953d589\",\"name\":\"Aconteceu no Vale\",\"description\":\"Equipe de reportagem do Aconteceu no Vale, portal de not\u00edcias do Vale do Jequitinhonha, em Minas Gerais. Cobrimos as 51 cidades do Vale desde 2013. Sugest\u00f5es de pauta e pedidos de corre\u00e7\u00e3o: contato@aconteceunovale.com.br\",\"sameAs\":[\"http:\\\/\\\/www.aconteceunovale.com.br\"],\"url\":\"https:\\\/\\\/aconteceunovale.com.br\\\/portal\\\/?author=1\"}]}<\/script>\n<!-- \/ Yoast SEO plugin. -->","yoast_head_json":{"title":"Opera\u00e7\u00e3o mira A\u00e9cio Neves e outros pol\u00edticos - Aconteceu no Vale","robots":{"index":"index","follow":"follow","max-snippet":"max-snippet:-1","max-image-preview":"max-image-preview:large","max-video-preview":"max-video-preview:-1"},"canonical":"https:\/\/aconteceunovale.com.br\/portal\/?p=140567","og_locale":"pt_BR","og_type":"article","og_title":"Opera\u00e7\u00e3o mira A\u00e9cio Neves e outros pol\u00edticos - Aconteceu no Vale","og_description":"A Pol\u00edcia Federal (PF) e o Minist\u00e9rio P\u00fablico Federal cumprem nesta ter\u00e7a-feira (11\/12\/2018) 24 mandados de busca e apreens\u00e3o, assim como 48 intima\u00e7\u00f5es para oitivas no Distrito Federal, em S\u00e3o Paulo, Minas Gerais, no Rio de Janeiro, Rio Grande do Norte e na Bahia, al\u00e9m de Mato Grosso do Sul, do Tocantins e Amap\u00e1. S\u00e3o [&hellip;]","og_url":"https:\/\/aconteceunovale.com.br\/portal\/?p=140567","og_site_name":"Aconteceu no Vale","article_publisher":"https:\/\/www.facebook.com\/aconteceunovale\/","article_published_time":"2018-12-11T10:21:23+00:00","article_modified_time":"2018-12-11T13:10:16+00:00","og_image":[{"width":678,"height":381,"url":"https:\/\/aconteceunovale.com.br\/portal\/wp-content\/uploads\/2018\/11\/aecio_neves.jpg","type":"image\/jpeg"}],"author":"Aconteceu no Vale","twitter_card":"summary_large_image","twitter_creator":"@noticiadosvales","twitter_site":"@noticiadosvales","twitter_misc":{"Escrito por":"Aconteceu no Vale","Est. tempo de leitura":"3 minutos"},"schema":{"@context":"https:\/\/schema.org","@graph":[{"@type":"Article","@id":"https:\/\/aconteceunovale.com.br\/portal\/?p=140567#article","isPartOf":{"@id":"https:\/\/aconteceunovale.com.br\/portal\/?p=140567"},"author":{"name":"Aconteceu no Vale","@id":"https:\/\/aconteceunovale.com.br\/portal\/#\/schema\/person\/633529146f2c94272bef50ac2953d589"},"headline":"Opera\u00e7\u00e3o mira A\u00e9cio Neves e outros pol\u00edticos","datePublished":"2018-12-11T10:21:23+00:00","dateModified":"2018-12-11T13:10:16+00:00","mainEntityOfPage":{"@id":"https:\/\/aconteceunovale.com.br\/portal\/?p=140567"},"wordCount":561,"commentCount":0,"image":{"@id":"https:\/\/aconteceunovale.com.br\/portal\/?p=140567#primaryimage"},"thumbnailUrl":"https:\/\/aconteceunovale.com.br\/portal\/wp-content\/uploads\/2018\/11\/aecio_neves.jpg","keywords":["A\u00e9cio Neves","Agripino Maia","Andr\u00e9a Neve","Andrea Neves","Antonio Anastasia","Benito da Gama","Benito Gama","Cristiane Brasil","deputados federais","Frederico Pacheco de Medeiros","investiga\u00e7\u00e3o A\u00e9cio Neves","Joesley Batista","Jos\u00e9 Agripino Maia","Mandados contra A\u00e9cio Neves","Marco Aur\u00e9lio Mello","Minist\u00e9rio P\u00fablico Federal","MPF","Nova fase da Lava jato investiga A\u00e9cio Neves","Nova fase da Lava jato mira A\u00e9cio Neves","Nova fase da Opera\u00e7\u00e3o Lava Jato mira A\u00e9cio Neves","opera\u00e7\u00e3o","Opera\u00e7\u00e3o A\u00e9cio Neves","Opera\u00e7\u00e3o Ross","Opera\u00e7\u00e3o Ross A\u00e9cio Neves","Paulinho da For\u00e7a","PF","pol\u00edcia federal","Propina de R$ 110 milh\u00f5es","Ricardo Saud","senadores"],"articleSection":["Pol\u00edtica"],"inLanguage":"pt-BR","potentialAction":[{"@type":"CommentAction","name":"Comment","target":["https:\/\/aconteceunovale.com.br\/portal\/?p=140567#respond"]}]},{"@type":"WebPage","@id":"https:\/\/aconteceunovale.com.br\/portal\/?p=140567","url":"https:\/\/aconteceunovale.com.br\/portal\/?p=140567","name":"Opera\u00e7\u00e3o mira A\u00e9cio Neves e outros pol\u00edticos - Aconteceu no Vale","isPartOf":{"@id":"https:\/\/aconteceunovale.com.br\/portal\/#website"},"primaryImageOfPage":{"@id":"https:\/\/aconteceunovale.com.br\/portal\/?p=140567#primaryimage"},"image":{"@id":"https:\/\/aconteceunovale.com.br\/portal\/?p=140567#primaryimage"},"thumbnailUrl":"https:\/\/aconteceunovale.com.br\/portal\/wp-content\/uploads\/2018\/11\/aecio_neves.jpg","datePublished":"2018-12-11T10:21:23+00:00","dateModified":"2018-12-11T13:10:16+00:00","author":{"@id":"https:\/\/aconteceunovale.com.br\/portal\/#\/schema\/person\/633529146f2c94272bef50ac2953d589"},"breadcrumb":{"@id":"https:\/\/aconteceunovale.com.br\/portal\/?p=140567#breadcrumb"},"inLanguage":"pt-BR","potentialAction":[{"@type":"ReadAction","target":["https:\/\/aconteceunovale.com.br\/portal\/?p=140567"]}]},{"@type":"ImageObject","inLanguage":"pt-BR","@id":"https:\/\/aconteceunovale.com.br\/portal\/?p=140567#primaryimage","url":"https:\/\/aconteceunovale.com.br\/portal\/wp-content\/uploads\/2018\/11\/aecio_neves.jpg","contentUrl":"https:\/\/aconteceunovale.com.br\/portal\/wp-content\/uploads\/2018\/11\/aecio_neves.jpg","width":678,"height":381},{"@type":"BreadcrumbList","@id":"https:\/\/aconteceunovale.com.br\/portal\/?p=140567#breadcrumb","itemListElement":[{"@type":"ListItem","position":1,"name":"In\u00edcio","item":"https:\/\/aconteceunovale.com.br\/portal\/"},{"@type":"ListItem","position":2,"name":"Opera\u00e7\u00e3o mira A\u00e9cio Neves e outros pol\u00edticos"}]},{"@type":"WebSite","@id":"https:\/\/aconteceunovale.com.br\/portal\/#website","url":"https:\/\/aconteceunovale.com.br\/portal\/","name":"Aconteceu no Vale","description":"Portal de Not\u00edcias","potentialAction":[{"@type":"SearchAction","target":{"@type":"EntryPoint","urlTemplate":"https:\/\/aconteceunovale.com.br\/portal\/?s={search_term_string}"},"query-input":{"@type":"PropertyValueSpecification","valueRequired":true,"valueName":"search_term_string"}}],"inLanguage":"pt-BR"},{"@type":"Person","@id":"https:\/\/aconteceunovale.com.br\/portal\/#\/schema\/person\/633529146f2c94272bef50ac2953d589","name":"Aconteceu no Vale","description":"Equipe de reportagem do Aconteceu no Vale, portal de not\u00edcias do Vale do Jequitinhonha, em Minas Gerais. Cobrimos as 51 cidades do Vale desde 2013. Sugest\u00f5es de pauta e pedidos de corre\u00e7\u00e3o: contato@aconteceunovale.com.br","sameAs":["http:\/\/www.aconteceunovale.com.br"],"url":"https:\/\/aconteceunovale.com.br\/portal\/?author=1"}]}},"_links":{"self":[{"href":"https:\/\/aconteceunovale.com.br\/portal\/index.php?rest_route=\/wp\/v2\/posts\/140567","targetHints":{"allow":["GET"]}}],"collection":[{"href":"https:\/\/aconteceunovale.com.br\/portal\/index.php?rest_route=\/wp\/v2\/posts"}],"about":[{"href":"https:\/\/aconteceunovale.com.br\/portal\/index.php?rest_route=\/wp\/v2\/types\/post"}],"author":[{"embeddable":true,"href":"https:\/\/aconteceunovale.com.br\/portal\/index.php?rest_route=\/wp\/v2\/users\/1"}],"replies":[{"embeddable":true,"href":"https:\/\/aconteceunovale.com.br\/portal\/index.php?rest_route=%2Fwp%2Fv2%2Fcomments&post=140567"}],"version-history":[{"count":0,"href":"https:\/\/aconteceunovale.com.br\/portal\/index.php?rest_route=\/wp\/v2\/posts\/140567\/revisions"}],"wp:featuredmedia":[{"embeddable":true,"href":"https:\/\/aconteceunovale.com.br\/portal\/index.php?rest_route=\/wp\/v2\/media\/139594"}],"wp:attachment":[{"href":"https:\/\/aconteceunovale.com.br\/portal\/index.php?rest_route=%2Fwp%2Fv2%2Fmedia&parent=140567"}],"wp:term":[{"taxonomy":"category","embeddable":true,"href":"https:\/\/aconteceunovale.com.br\/portal\/index.php?rest_route=%2Fwp%2Fv2%2Fcategories&post=140567"},{"taxonomy":"post_tag","embeddable":true,"href":"https:\/\/aconteceunovale.com.br\/portal\/index.php?rest_route=%2Fwp%2Fv2%2Ftags&post=140567"}],"curies":[{"name":"wp","href":"https:\/\/api.w.org\/{rel}","templated":true}]}}