{"id":140561,"date":"2018-12-11T00:03:49","date_gmt":"2018-12-11T02:03:49","guid":{"rendered":"http:\/\/aconteceunovale.com.br\/portal\/?p=140561"},"modified":"2018-12-11T00:03:49","modified_gmt":"2018-12-11T02:03:49","slug":"temperaturas-vao-ficar-acima-da-media-historica-entre-dezembro-e-fevereiro","status":"publish","type":"post","link":"https:\/\/aconteceunovale.com.br\/portal\/?p=140561","title":{"rendered":"Temperaturas v\u00e3o ficar acima da m\u00e9dia hist\u00f3rica entre dezembro e fevereiro"},"content":{"rendered":"<p>Entre dezembro deste ano e fevereiro do ano que vem, as temperaturas registradas em todo o Brasil v\u00e3o ficar acima da m\u00e9dia hist\u00f3rica para o per\u00edodo, segundo previs\u00f5es do Minist\u00e9rio da Ci\u00eancia, Tecnologia, Inova\u00e7\u00f5es e Comunica\u00e7\u00f5es (MCTIC). A mudan\u00e7a ser\u00e1 causada pelo El Ni\u00f1o, fen\u00f4meno caracterizado pelo aquecimento das \u00e1guas superficiais da por\u00e7\u00e3o equatorial do Oceano Pac\u00edfico.<\/p>\n<p>O El Ni\u00f1o tamb\u00e9m vai trazer impactos aos regimes de chuvas em partes do Pa\u00eds. No Sul, sobretudo em Santa Catarina e Rio Grande do Sul, as precipita\u00e7\u00f5es ser\u00e3o mais frequentes do que o normal.<\/p>\n<p>J\u00e1 no Norte do Pa\u00eds, em especial no Amap\u00e1, em Roraima e no norte do Par\u00e1, o efeito deve ser inverso, com menos chuvas do que o habitual.<\/p>\n<p><img decoding=\"async\" src=\"http:\/\/aconteceunovale.com.br\/portal\/wp-content\/uploads\/2018\/12\/temperatura_alta.png\" alt=\"\" \/><em>El Ni\u00f1o tem impactos na temperatura &#8211; Foto: Marcelo Camargo\/Ag\u00eancia Brasil<\/em><br \/>\n<\/br><\/p>\n<p><strong>VER PRIMEIRO<\/strong><\/p>\n<p>Receba as not\u00edcias do Aconteceu no Vale em primeira m\u00e3o. Clique em curtir no endere\u00e7o <a href=\"https:\/\/www.facebook.com\/aconteceunovale\" target=\"_blank\"><font color=\"red\">www.facebook.com\/aconteceunovale<\/font><\/a> ou no box abaixo:<\/p>\n<div class=\"fb-like\" data-href=\"https:\/\/www.facebook.com\/aconteceunovale\" data-width=\"120\" data-layout=\"standard\" data-action=\"like\" data-size=\"small\" data-show-faces=\"true\" data-share=\"true\"><\/div>\n<p><\/br><\/p>\n<p><em>(Fonte: MCTIC)<\/em><\/p>\n","protected":false},"excerpt":{"rendered":"<p>Entre dezembro deste ano e fevereiro do ano que vem, as temperaturas registradas em todo o Brasil v\u00e3o ficar acima da m\u00e9dia hist\u00f3rica para o per\u00edodo, segundo previs\u00f5es do Minist\u00e9rio da Ci\u00eancia, Tecnologia, Inova\u00e7\u00f5es e Comunica\u00e7\u00f5es (MCTIC). A mudan\u00e7a ser\u00e1 causada pelo El Ni\u00f1o, fen\u00f4meno caracterizado pelo aquecimento das \u00e1guas superficiais da por\u00e7\u00e3o equatorial do [&hellip;]<\/p>\n","protected":false},"author":1,"featured_media":140562,"comment_status":"open","ping_status":"closed","sticky":false,"template":"","format":"standard","meta":{"amp_status":"","footnotes":""},"categories":[6],"tags":[189211,189212,63401,111111,189213,189214,189216,189215,189210],"class_list":["post-140561","post","type-post","status-publish","format-standard","has-post-thumbnail","hentry","category-br","tag-clima-em-dezembro","tag-clima-em-janeiro","tag-el-nino","tag-mctic","tag-temperatura-em-dezembro","tag-temperatura-em-janeiro","tag-temperaturas-registradas-em-todo-o-brasil-vao-ficar-acima-da-media-historica-para-o-periodo","tag-temperaturas-vao-ficar-acima-da-media-historica","tag-temperaturas-vao-ficar-acima-da-media-historica-entre-dezembro-e-fevereiro"],"yoast_head":"<!-- This site is optimized with the Yoast SEO plugin v28.3 - https:\/\/yoast.com\/product\/yoast-seo-wordpress\/ -->\n<title>Temperaturas v\u00e3o ficar acima da m\u00e9dia hist\u00f3rica entre dezembro e fevereiro - Aconteceu no Vale<\/title>\n<meta name=\"robots\" content=\"index, follow, max-snippet:-1, max-image-preview:large, max-video-preview:-1\" \/>\n<link rel=\"canonical\" href=\"https:\/\/aconteceunovale.com.br\/portal\/?p=140561\" \/>\n<meta property=\"og:locale\" content=\"pt_BR\" \/>\n<meta property=\"og:type\" content=\"article\" \/>\n<meta property=\"og:title\" content=\"Temperaturas v\u00e3o ficar acima da m\u00e9dia hist\u00f3rica entre dezembro e fevereiro - Aconteceu no Vale\" \/>\n<meta property=\"og:description\" content=\"Entre dezembro deste ano e fevereiro do ano que vem, as temperaturas registradas em todo o Brasil v\u00e3o ficar acima da m\u00e9dia hist\u00f3rica para o per\u00edodo, segundo previs\u00f5es do Minist\u00e9rio da Ci\u00eancia, Tecnologia, Inova\u00e7\u00f5es e Comunica\u00e7\u00f5es (MCTIC). A mudan\u00e7a ser\u00e1 causada pelo El Ni\u00f1o, fen\u00f4meno caracterizado pelo aquecimento das \u00e1guas superficiais da por\u00e7\u00e3o equatorial do [&hellip;]\" \/>\n<meta property=\"og:url\" content=\"https:\/\/aconteceunovale.com.br\/portal\/?p=140561\" \/>\n<meta property=\"og:site_name\" content=\"Aconteceu no Vale\" \/>\n<meta property=\"article:publisher\" content=\"https:\/\/www.facebook.com\/aconteceunovale\/\" \/>\n<meta property=\"article:published_time\" content=\"2018-12-11T02:03:49+00:00\" \/>\n<meta property=\"og:image\" content=\"https:\/\/aconteceunovale.com.br\/portal\/wp-content\/uploads\/2018\/12\/temperatura_alta.png\" \/>\n\t<meta property=\"og:image:width\" content=\"678\" \/>\n\t<meta property=\"og:image:height\" content=\"331\" \/>\n\t<meta property=\"og:image:type\" content=\"image\/png\" \/>\n<meta name=\"author\" content=\"Aconteceu no Vale\" \/>\n<meta name=\"twitter:card\" content=\"summary_large_image\" \/>\n<meta name=\"twitter:creator\" content=\"@noticiadosvales\" \/>\n<meta name=\"twitter:site\" content=\"@noticiadosvales\" \/>\n<meta name=\"twitter:label1\" content=\"Escrito por\" \/>\n\t<meta name=\"twitter:data1\" content=\"Aconteceu no Vale\" \/>\n\t<meta name=\"twitter:label2\" content=\"Est. tempo de leitura\" \/>\n\t<meta name=\"twitter:data2\" content=\"1 minuto\" \/>\n<script type=\"application\/ld+json\" class=\"yoast-schema-graph\">{\"@context\":\"https:\\\/\\\/schema.org\",\"@graph\":[{\"@type\":\"Article\",\"@id\":\"https:\\\/\\\/aconteceunovale.com.br\\\/portal\\\/?p=140561#article\",\"isPartOf\":{\"@id\":\"https:\\\/\\\/aconteceunovale.com.br\\\/portal\\\/?p=140561\"},\"author\":{\"name\":\"Aconteceu no Vale\",\"@id\":\"https:\\\/\\\/aconteceunovale.com.br\\\/portal\\\/#\\\/schema\\\/person\\\/633529146f2c94272bef50ac2953d589\"},\"headline\":\"Temperaturas v\u00e3o ficar acima da m\u00e9dia hist\u00f3rica entre dezembro e fevereiro\",\"datePublished\":\"2018-12-11T02:03:49+00:00\",\"mainEntityOfPage\":{\"@id\":\"https:\\\/\\\/aconteceunovale.com.br\\\/portal\\\/?p=140561\"},\"wordCount\":198,\"commentCount\":0,\"image\":{\"@id\":\"https:\\\/\\\/aconteceunovale.com.br\\\/portal\\\/?p=140561#primaryimage\"},\"thumbnailUrl\":\"https:\\\/\\\/aconteceunovale.com.br\\\/portal\\\/wp-content\\\/uploads\\\/2018\\\/12\\\/temperatura_alta.png\",\"keywords\":[\"Clima em dezembro\",\"Clima em janeiro\",\"El Ni\u00f1o\",\"MCTIC\",\"Temperatura em dezembro\",\"Temperatura em janeiro\",\"temperaturas registradas em todo o Brasil v\u00e3o ficar acima da m\u00e9dia hist\u00f3rica para o per\u00edodo\",\"Temperaturas v\u00e3o ficar acima da m\u00e9dia hist\u00f3rica\",\"Temperaturas v\u00e3o ficar acima da m\u00e9dia hist\u00f3rica entre dezembro e fevereiro\"],\"articleSection\":[\"Brasil\"],\"inLanguage\":\"pt-BR\",\"potentialAction\":[{\"@type\":\"CommentAction\",\"name\":\"Comment\",\"target\":[\"https:\\\/\\\/aconteceunovale.com.br\\\/portal\\\/?p=140561#respond\"]}]},{\"@type\":\"WebPage\",\"@id\":\"https:\\\/\\\/aconteceunovale.com.br\\\/portal\\\/?p=140561\",\"url\":\"https:\\\/\\\/aconteceunovale.com.br\\\/portal\\\/?p=140561\",\"name\":\"Temperaturas v\u00e3o ficar acima da m\u00e9dia hist\u00f3rica entre dezembro e fevereiro - Aconteceu no Vale\",\"isPartOf\":{\"@id\":\"https:\\\/\\\/aconteceunovale.com.br\\\/portal\\\/#website\"},\"primaryImageOfPage\":{\"@id\":\"https:\\\/\\\/aconteceunovale.com.br\\\/portal\\\/?p=140561#primaryimage\"},\"image\":{\"@id\":\"https:\\\/\\\/aconteceunovale.com.br\\\/portal\\\/?p=140561#primaryimage\"},\"thumbnailUrl\":\"https:\\\/\\\/aconteceunovale.com.br\\\/portal\\\/wp-content\\\/uploads\\\/2018\\\/12\\\/temperatura_alta.png\",\"datePublished\":\"2018-12-11T02:03:49+00:00\",\"author\":{\"@id\":\"https:\\\/\\\/aconteceunovale.com.br\\\/portal\\\/#\\\/schema\\\/person\\\/633529146f2c94272bef50ac2953d589\"},\"breadcrumb\":{\"@id\":\"https:\\\/\\\/aconteceunovale.com.br\\\/portal\\\/?p=140561#breadcrumb\"},\"inLanguage\":\"pt-BR\",\"potentialAction\":[{\"@type\":\"ReadAction\",\"target\":[\"https:\\\/\\\/aconteceunovale.com.br\\\/portal\\\/?p=140561\"]}]},{\"@type\":\"ImageObject\",\"inLanguage\":\"pt-BR\",\"@id\":\"https:\\\/\\\/aconteceunovale.com.br\\\/portal\\\/?p=140561#primaryimage\",\"url\":\"https:\\\/\\\/aconteceunovale.com.br\\\/portal\\\/wp-content\\\/uploads\\\/2018\\\/12\\\/temperatura_alta.png\",\"contentUrl\":\"https:\\\/\\\/aconteceunovale.com.br\\\/portal\\\/wp-content\\\/uploads\\\/2018\\\/12\\\/temperatura_alta.png\",\"width\":678,\"height\":331},{\"@type\":\"BreadcrumbList\",\"@id\":\"https:\\\/\\\/aconteceunovale.com.br\\\/portal\\\/?p=140561#breadcrumb\",\"itemListElement\":[{\"@type\":\"ListItem\",\"position\":1,\"name\":\"In\u00edcio\",\"item\":\"https:\\\/\\\/aconteceunovale.com.br\\\/portal\\\/\"},{\"@type\":\"ListItem\",\"position\":2,\"name\":\"Temperaturas v\u00e3o ficar acima da m\u00e9dia hist\u00f3rica entre dezembro e fevereiro\"}]},{\"@type\":\"WebSite\",\"@id\":\"https:\\\/\\\/aconteceunovale.com.br\\\/portal\\\/#website\",\"url\":\"https:\\\/\\\/aconteceunovale.com.br\\\/portal\\\/\",\"name\":\"Aconteceu no Vale\",\"description\":\"Portal de Not\u00edcias\",\"potentialAction\":[{\"@type\":\"SearchAction\",\"target\":{\"@type\":\"EntryPoint\",\"urlTemplate\":\"https:\\\/\\\/aconteceunovale.com.br\\\/portal\\\/?s={search_term_string}\"},\"query-input\":{\"@type\":\"PropertyValueSpecification\",\"valueRequired\":true,\"valueName\":\"search_term_string\"}}],\"inLanguage\":\"pt-BR\"},{\"@type\":\"Person\",\"@id\":\"https:\\\/\\\/aconteceunovale.com.br\\\/portal\\\/#\\\/schema\\\/person\\\/633529146f2c94272bef50ac2953d589\",\"name\":\"Aconteceu no Vale\",\"description\":\"Equipe de reportagem do Aconteceu no Vale, portal de not\u00edcias do Vale do Jequitinhonha, em Minas Gerais. Cobrimos as 51 cidades do Vale desde 2013. Sugest\u00f5es de pauta e pedidos de corre\u00e7\u00e3o: contato@aconteceunovale.com.br\",\"sameAs\":[\"http:\\\/\\\/www.aconteceunovale.com.br\"],\"url\":\"https:\\\/\\\/aconteceunovale.com.br\\\/portal\\\/?author=1\"}]}<\/script>\n<!-- \/ Yoast SEO plugin. -->","yoast_head_json":{"title":"Temperaturas v\u00e3o ficar acima da m\u00e9dia hist\u00f3rica entre dezembro e fevereiro - Aconteceu no Vale","robots":{"index":"index","follow":"follow","max-snippet":"max-snippet:-1","max-image-preview":"max-image-preview:large","max-video-preview":"max-video-preview:-1"},"canonical":"https:\/\/aconteceunovale.com.br\/portal\/?p=140561","og_locale":"pt_BR","og_type":"article","og_title":"Temperaturas v\u00e3o ficar acima da m\u00e9dia hist\u00f3rica entre dezembro e fevereiro - Aconteceu no Vale","og_description":"Entre dezembro deste ano e fevereiro do ano que vem, as temperaturas registradas em todo o Brasil v\u00e3o ficar acima da m\u00e9dia hist\u00f3rica para o per\u00edodo, segundo previs\u00f5es do Minist\u00e9rio da Ci\u00eancia, Tecnologia, Inova\u00e7\u00f5es e Comunica\u00e7\u00f5es (MCTIC). A mudan\u00e7a ser\u00e1 causada pelo El Ni\u00f1o, fen\u00f4meno caracterizado pelo aquecimento das \u00e1guas superficiais da por\u00e7\u00e3o equatorial do [&hellip;]","og_url":"https:\/\/aconteceunovale.com.br\/portal\/?p=140561","og_site_name":"Aconteceu no Vale","article_publisher":"https:\/\/www.facebook.com\/aconteceunovale\/","article_published_time":"2018-12-11T02:03:49+00:00","og_image":[{"width":678,"height":331,"url":"https:\/\/aconteceunovale.com.br\/portal\/wp-content\/uploads\/2018\/12\/temperatura_alta.png","type":"image\/png"}],"author":"Aconteceu no Vale","twitter_card":"summary_large_image","twitter_creator":"@noticiadosvales","twitter_site":"@noticiadosvales","twitter_misc":{"Escrito por":"Aconteceu no Vale","Est. tempo de leitura":"1 minuto"},"schema":{"@context":"https:\/\/schema.org","@graph":[{"@type":"Article","@id":"https:\/\/aconteceunovale.com.br\/portal\/?p=140561#article","isPartOf":{"@id":"https:\/\/aconteceunovale.com.br\/portal\/?p=140561"},"author":{"name":"Aconteceu no Vale","@id":"https:\/\/aconteceunovale.com.br\/portal\/#\/schema\/person\/633529146f2c94272bef50ac2953d589"},"headline":"Temperaturas v\u00e3o ficar acima da m\u00e9dia hist\u00f3rica entre dezembro e fevereiro","datePublished":"2018-12-11T02:03:49+00:00","mainEntityOfPage":{"@id":"https:\/\/aconteceunovale.com.br\/portal\/?p=140561"},"wordCount":198,"commentCount":0,"image":{"@id":"https:\/\/aconteceunovale.com.br\/portal\/?p=140561#primaryimage"},"thumbnailUrl":"https:\/\/aconteceunovale.com.br\/portal\/wp-content\/uploads\/2018\/12\/temperatura_alta.png","keywords":["Clima em dezembro","Clima em janeiro","El Ni\u00f1o","MCTIC","Temperatura em dezembro","Temperatura em janeiro","temperaturas registradas em todo o Brasil v\u00e3o ficar acima da m\u00e9dia hist\u00f3rica para o per\u00edodo","Temperaturas v\u00e3o ficar acima da m\u00e9dia hist\u00f3rica","Temperaturas v\u00e3o ficar acima da m\u00e9dia hist\u00f3rica entre dezembro e fevereiro"],"articleSection":["Brasil"],"inLanguage":"pt-BR","potentialAction":[{"@type":"CommentAction","name":"Comment","target":["https:\/\/aconteceunovale.com.br\/portal\/?p=140561#respond"]}]},{"@type":"WebPage","@id":"https:\/\/aconteceunovale.com.br\/portal\/?p=140561","url":"https:\/\/aconteceunovale.com.br\/portal\/?p=140561","name":"Temperaturas v\u00e3o ficar acima da m\u00e9dia hist\u00f3rica entre dezembro e fevereiro - Aconteceu no Vale","isPartOf":{"@id":"https:\/\/aconteceunovale.com.br\/portal\/#website"},"primaryImageOfPage":{"@id":"https:\/\/aconteceunovale.com.br\/portal\/?p=140561#primaryimage"},"image":{"@id":"https:\/\/aconteceunovale.com.br\/portal\/?p=140561#primaryimage"},"thumbnailUrl":"https:\/\/aconteceunovale.com.br\/portal\/wp-content\/uploads\/2018\/12\/temperatura_alta.png","datePublished":"2018-12-11T02:03:49+00:00","author":{"@id":"https:\/\/aconteceunovale.com.br\/portal\/#\/schema\/person\/633529146f2c94272bef50ac2953d589"},"breadcrumb":{"@id":"https:\/\/aconteceunovale.com.br\/portal\/?p=140561#breadcrumb"},"inLanguage":"pt-BR","potentialAction":[{"@type":"ReadAction","target":["https:\/\/aconteceunovale.com.br\/portal\/?p=140561"]}]},{"@type":"ImageObject","inLanguage":"pt-BR","@id":"https:\/\/aconteceunovale.com.br\/portal\/?p=140561#primaryimage","url":"https:\/\/aconteceunovale.com.br\/portal\/wp-content\/uploads\/2018\/12\/temperatura_alta.png","contentUrl":"https:\/\/aconteceunovale.com.br\/portal\/wp-content\/uploads\/2018\/12\/temperatura_alta.png","width":678,"height":331},{"@type":"BreadcrumbList","@id":"https:\/\/aconteceunovale.com.br\/portal\/?p=140561#breadcrumb","itemListElement":[{"@type":"ListItem","position":1,"name":"In\u00edcio","item":"https:\/\/aconteceunovale.com.br\/portal\/"},{"@type":"ListItem","position":2,"name":"Temperaturas v\u00e3o ficar acima da m\u00e9dia hist\u00f3rica entre dezembro e fevereiro"}]},{"@type":"WebSite","@id":"https:\/\/aconteceunovale.com.br\/portal\/#website","url":"https:\/\/aconteceunovale.com.br\/portal\/","name":"Aconteceu no Vale","description":"Portal de Not\u00edcias","potentialAction":[{"@type":"SearchAction","target":{"@type":"EntryPoint","urlTemplate":"https:\/\/aconteceunovale.com.br\/portal\/?s={search_term_string}"},"query-input":{"@type":"PropertyValueSpecification","valueRequired":true,"valueName":"search_term_string"}}],"inLanguage":"pt-BR"},{"@type":"Person","@id":"https:\/\/aconteceunovale.com.br\/portal\/#\/schema\/person\/633529146f2c94272bef50ac2953d589","name":"Aconteceu no Vale","description":"Equipe de reportagem do Aconteceu no Vale, portal de not\u00edcias do Vale do Jequitinhonha, em Minas Gerais. Cobrimos as 51 cidades do Vale desde 2013. Sugest\u00f5es de pauta e pedidos de corre\u00e7\u00e3o: contato@aconteceunovale.com.br","sameAs":["http:\/\/www.aconteceunovale.com.br"],"url":"https:\/\/aconteceunovale.com.br\/portal\/?author=1"}]}},"_links":{"self":[{"href":"https:\/\/aconteceunovale.com.br\/portal\/index.php?rest_route=\/wp\/v2\/posts\/140561","targetHints":{"allow":["GET"]}}],"collection":[{"href":"https:\/\/aconteceunovale.com.br\/portal\/index.php?rest_route=\/wp\/v2\/posts"}],"about":[{"href":"https:\/\/aconteceunovale.com.br\/portal\/index.php?rest_route=\/wp\/v2\/types\/post"}],"author":[{"embeddable":true,"href":"https:\/\/aconteceunovale.com.br\/portal\/index.php?rest_route=\/wp\/v2\/users\/1"}],"replies":[{"embeddable":true,"href":"https:\/\/aconteceunovale.com.br\/portal\/index.php?rest_route=%2Fwp%2Fv2%2Fcomments&post=140561"}],"version-history":[{"count":0,"href":"https:\/\/aconteceunovale.com.br\/portal\/index.php?rest_route=\/wp\/v2\/posts\/140561\/revisions"}],"wp:featuredmedia":[{"embeddable":true,"href":"https:\/\/aconteceunovale.com.br\/portal\/index.php?rest_route=\/wp\/v2\/media\/140562"}],"wp:attachment":[{"href":"https:\/\/aconteceunovale.com.br\/portal\/index.php?rest_route=%2Fwp%2Fv2%2Fmedia&parent=140561"}],"wp:term":[{"taxonomy":"category","embeddable":true,"href":"https:\/\/aconteceunovale.com.br\/portal\/index.php?rest_route=%2Fwp%2Fv2%2Fcategories&post=140561"},{"taxonomy":"post_tag","embeddable":true,"href":"https:\/\/aconteceunovale.com.br\/portal\/index.php?rest_route=%2Fwp%2Fv2%2Ftags&post=140561"}],"curies":[{"name":"wp","href":"https:\/\/api.w.org\/{rel}","templated":true}]}}