{"id":140552,"date":"2018-12-10T22:40:34","date_gmt":"2018-12-11T00:40:34","guid":{"rendered":"http:\/\/aconteceunovale.com.br\/portal\/?p=140552"},"modified":"2018-12-10T22:40:34","modified_gmt":"2018-12-11T00:40:34","slug":"bolsonaro-e-mourao-sao-diplomados-pelo-tribunal-superior-eleitoral","status":"publish","type":"post","link":"https:\/\/aconteceunovale.com.br\/portal\/?p=140552","title":{"rendered":"Bolsonaro e Mour\u00e3o s\u00e3o diplomados pelo Tribunal Superior Eleitoral"},"content":{"rendered":"<p>O presidente eleito, Jair Bolsonaro (PSL), foi diplomado por volta das 16h30, desta segunda-feira (10\/12\/2018), em solenidade no Tribunal Superior Eleitoral (TSE), assim como o vice Hamilton Mour\u00e3o (PRTB). A diploma\u00e7\u00e3o \u00e9 o ato formal de confirma\u00e7\u00e3o de que os candidatos cumpriram todos os requisitos para exercer o mandato e poder\u00e3o tomar posse.<\/p>\n<p>Os diplomas s\u00e3o assinados pela presidente do TSE, ministra Rosa Weber. No documento constam nome do candidato, o partido ou a coliga\u00e7\u00e3o pela qual concorreu e o cargo para o qual foi eleito.<\/p>\n<p>Bolsonaro e Mour\u00e3o foram levados \u00e0 sess\u00e3o pelos ministros do TSE Lu\u00eds Roberto Barroso e Tarc\u00edsio Vieira de Carvalho Neto. Foram saudados com aplausos pelos presentes. Em seguida, a Banda dos Fuzileiros Navais executou o Hino Nacional. Bolsonaro acompanhou o hino com a m\u00e3o no peito.<\/p>\n<p><img decoding=\"async\" src=\"http:\/\/aconteceunovale.com.br\/portal\/wp-content\/uploads\/2018\/12\/bolsonaro_mourao.jpg\" alt=\"\" \/><em>Bolsonaro e Mour\u00e3o s\u00e3o diplomados pelo TSE &#8211; Valter Campanato\/Ag\u00eancia Brasil<\/em><br \/>\n<\/br><\/p>\n<p><strong><\/p>\n<h4>Bolsonaro pede confian\u00e7a daqueles que n\u00e3o votaram nele<\/h4>\n<p><\/strong><\/p>\n<p>No discurso de diploma\u00e7\u00e3o, Jair Bolsonaro prometeu governar para todos, sem qualquer distin\u00e7\u00e3o ou discrimina\u00e7\u00e3o. Bolsonaro pediu a confian\u00e7a daqueles que n\u00e3o votaram nele. Tamb\u00e9m afirmou que o voto popular \u00e9 um \u201ccompromisso inquebrant\u00e1vel\u201d. Segundo ele, a constru\u00e7\u00e3o de uma na\u00e7\u00e3o mais justa depende da \u201cruptura de pr\u00e1ticas que retardaram o progresso no pa\u00eds\u201d, como mentiras e manipula\u00e7\u00e3o.<\/p>\n<p>\u201cA partir de 1\u00ba de janeiro, serei o presidente dos 210 milh\u00f5es de brasileiros. Governarei em benef\u00edcio de todos sem distin\u00e7\u00e3o de origem social, ra\u00e7a, sexo, cor, idade ou religi\u00e3o\u201d, afirmou o presidente eleito durante a cerim\u00f4nia de diploma\u00e7\u00e3o no Tribunal Superior Eleitoral (TSE).<\/p>\n<p>Bolsonaro disse que a diploma\u00e7\u00e3o representa o reconhecimento da decis\u00e3o do eleitorado brasileiro, em \u201celei\u00e7\u00f5es livres e justas\u201d. Agradeceu o trabalho da Justi\u00e7a Eleitoral, o apoio da fam\u00edlia e os 57 milh\u00f5es de votos. Em primeiro lugar, agradeceu a Deus por estar vivo, ap\u00f3s ter sido esfaqueado no in\u00edcio da campanha eleitoral. <\/p>\n<p>Afirmou que cumprir\u00e1 sua determina\u00e7\u00e3o de transformar o pa\u00eds em um local de justi\u00e7a social. \u201cEu me dedicarei dia e noite a um objetivo que nos une: a constru\u00e7\u00e3o de um Brasil pr\u00f3spero,  justo, seguro e que ocupe o lugar que lhe cabe no mundo.\u201d<\/p>\n<p><img decoding=\"async\" src=\"http:\/\/aconteceunovale.com.br\/portal\/wp-content\/uploads\/2018\/12\/diplomacao_bolsonaro.jpg\" alt=\"\" \/><em>Cerim\u00f4nia de diploma\u00e7\u00e3o de Jair Bolsonaro &#8211; Valter Campanato\/Ag\u00eancia Brasil<\/em><br \/>\n<\/br><\/p>\n<p><strong>Democracia<\/strong><\/p>\n<p>O presidente eleito lembrou que o Brasil deu um exemplo de respeito \u00e0 democracia nas elei\u00e7\u00f5es de outubro. \u201cEm um momento de profundas incertezas, somos um exemplo que a transforma\u00e7\u00e3o pelo voto popular \u00e9 poss\u00edvel. Este processo \u00e9 poss\u00edvel. O nosso compromisso com o voto popular \u00e9 inquebrant\u00e1vel. Os desejos de mudan\u00e7as foram expressos nas elei\u00e7\u00f5es.\u201d<\/p>\n<p>Bolsonaro disse ainda que s\u00f3 com rupturas de algumas pr\u00e1ticas haver\u00e1 avan\u00e7os. \u201cA constru\u00e7\u00e3o de uma na\u00e7\u00e3o mais justa e desenvolvida requer uma ruptura com pr\u00e1ticas que retardaram o nosso progresso, n\u00e3o mais viol\u00eancia, n\u00e3o mais as mentiras, n\u00e3o mais manipula\u00e7\u00e3o ideol\u00f3gica, n\u00e3o mais submiss\u00e3o de nosso destino.\u201d<\/p>\n<p><strong>Novas tecnologias <\/strong><\/p>\n<p>Para o presidente eleito, as novas tecnologias demonstraram sua for\u00e7a nas urnas. \u201cAs elei\u00e7\u00f5es de outubro revelaram uma realidade distinta das pr\u00e1ticas do passado. O poder popular n\u00e3o precisa mais de intermedia\u00e7\u00e3o. As novas tecnologias permitiram uma elei\u00e7\u00e3o direta entre o eleitor e seus representantes. Esse novo ambiente, a cren\u00e7a na liberdade, \u00e9 a melhor garantia dos ideiais que balizam a nossa Constitui\u00e7\u00e3o.\u201d<\/p>\n<p><strong>Fam\u00edlia<\/strong><\/p>\n<p>Bolsonaro agradeceu o apoio da fam\u00edlia, citou a mulher Michelle, os cinco filhos e a m\u00e3e Olinda, de 91 anos. Ao mencionar o nome da ca\u00e7ula, Laura, 8 anos, acenou para a menina que estava sentada na plateia.<\/p>\n<p><strong>VER PRIMEIRO<\/strong><\/p>\n<p>Receba as not\u00edcias do Aconteceu no Vale em primeira m\u00e3o. Clique em curtir no endere\u00e7o <a href=\"https:\/\/www.facebook.com\/aconteceunovale\" target=\"_blank\"><font color=\"red\">www.facebook.com\/aconteceunovale<\/font><\/a> ou no box abaixo:<\/p>\n<div class=\"fb-like\" data-href=\"https:\/\/www.facebook.com\/aconteceunovale\" data-width=\"120\" data-layout=\"standard\" data-action=\"like\" data-size=\"small\" data-show-faces=\"true\" data-share=\"true\"><\/div>\n<p><\/br><\/p>\n<p><em>(Fonte: Ag\u00eancia Brasil)<\/em><\/p>\n","protected":false},"excerpt":{"rendered":"<p>O presidente eleito, Jair Bolsonaro (PSL), foi diplomado por volta das 16h30, desta segunda-feira (10\/12\/2018), em solenidade no Tribunal Superior Eleitoral (TSE), assim como o vice Hamilton Mour\u00e3o (PRTB). A diploma\u00e7\u00e3o \u00e9 o ato formal de confirma\u00e7\u00e3o de que os candidatos cumpriram todos os requisitos para exercer o mandato e poder\u00e3o tomar posse. Os diplomas [&hellip;]<\/p>\n","protected":false},"author":1,"featured_media":140553,"comment_status":"open","ping_status":"closed","sticky":false,"template":"","format":"standard","meta":{"amp_status":"","footnotes":""},"categories":[6,40240],"tags":[189195,189197,189198,189199,189196,185365,189194,185364,185362,189192,177538,26436,189193,125162,267],"class_list":["post-140552","post","type-post","status-publish","format-standard","has-post-thumbnail","hentry","category-br","category-politica","tag-bolsonaro-e-diplomado","tag-bolsonaro-e-mourao-sao-diplomados-pelo-tribunal-superior-eleitoral","tag-bolsonaro-pede-confianca-daqueles-que-nao-votaram-nele","tag-bolsonaro-prometeu-governar-para-todos","tag-cerimonia-de-diplomacao-de-jair-bolsonaro","tag-diplomacao","tag-diplomacao-bolsonaro","tag-diplomacao-de-bolsonaro","tag-diplomacao-de-jair-bolsonaro","tag-diplomacao-jair-bolsonaro","tag-hamilton-mourao","tag-jair-bolsonaro","tag-jair-bolsonaro-e-diplomado","tag-presidente-eleito","tag-tse"],"yoast_head":"<!-- This site is optimized with the Yoast SEO plugin v28.3 - https:\/\/yoast.com\/product\/yoast-seo-wordpress\/ -->\n<title>Bolsonaro e Mour\u00e3o s\u00e3o diplomados pelo Tribunal Superior Eleitoral - Aconteceu no Vale<\/title>\n<meta name=\"robots\" content=\"index, follow, max-snippet:-1, max-image-preview:large, max-video-preview:-1\" \/>\n<link rel=\"canonical\" href=\"https:\/\/aconteceunovale.com.br\/portal\/?p=140552\" \/>\n<meta property=\"og:locale\" content=\"pt_BR\" \/>\n<meta property=\"og:type\" content=\"article\" \/>\n<meta property=\"og:title\" content=\"Bolsonaro e Mour\u00e3o s\u00e3o diplomados pelo Tribunal Superior Eleitoral - Aconteceu no Vale\" \/>\n<meta property=\"og:description\" content=\"O presidente eleito, Jair Bolsonaro (PSL), foi diplomado por volta das 16h30, desta segunda-feira (10\/12\/2018), em solenidade no Tribunal Superior Eleitoral (TSE), assim como o vice Hamilton Mour\u00e3o (PRTB). A diploma\u00e7\u00e3o \u00e9 o ato formal de confirma\u00e7\u00e3o de que os candidatos cumpriram todos os requisitos para exercer o mandato e poder\u00e3o tomar posse. Os diplomas [&hellip;]\" \/>\n<meta property=\"og:url\" content=\"https:\/\/aconteceunovale.com.br\/portal\/?p=140552\" \/>\n<meta property=\"og:site_name\" content=\"Aconteceu no Vale\" \/>\n<meta property=\"article:publisher\" content=\"https:\/\/www.facebook.com\/aconteceunovale\/\" \/>\n<meta property=\"article:published_time\" content=\"2018-12-11T00:40:34+00:00\" \/>\n<meta property=\"og:image\" content=\"https:\/\/aconteceunovale.com.br\/portal\/wp-content\/uploads\/2018\/12\/bolsonaro_mourao.jpg\" \/>\n\t<meta property=\"og:image:width\" content=\"675\" \/>\n\t<meta property=\"og:image:height\" content=\"450\" \/>\n\t<meta property=\"og:image:type\" content=\"image\/jpeg\" \/>\n<meta name=\"author\" content=\"Aconteceu no Vale\" \/>\n<meta name=\"twitter:card\" content=\"summary_large_image\" \/>\n<meta name=\"twitter:creator\" content=\"@noticiadosvales\" \/>\n<meta name=\"twitter:site\" content=\"@noticiadosvales\" \/>\n<meta name=\"twitter:label1\" content=\"Escrito por\" \/>\n\t<meta name=\"twitter:data1\" content=\"Aconteceu no Vale\" \/>\n\t<meta name=\"twitter:label2\" content=\"Est. tempo de leitura\" \/>\n\t<meta name=\"twitter:data2\" content=\"3 minutos\" \/>\n<script type=\"application\/ld+json\" class=\"yoast-schema-graph\">{\"@context\":\"https:\\\/\\\/schema.org\",\"@graph\":[{\"@type\":\"Article\",\"@id\":\"https:\\\/\\\/aconteceunovale.com.br\\\/portal\\\/?p=140552#article\",\"isPartOf\":{\"@id\":\"https:\\\/\\\/aconteceunovale.com.br\\\/portal\\\/?p=140552\"},\"author\":{\"name\":\"Aconteceu no Vale\",\"@id\":\"https:\\\/\\\/aconteceunovale.com.br\\\/portal\\\/#\\\/schema\\\/person\\\/633529146f2c94272bef50ac2953d589\"},\"headline\":\"Bolsonaro e Mour\u00e3o s\u00e3o diplomados pelo Tribunal Superior Eleitoral\",\"datePublished\":\"2018-12-11T00:40:34+00:00\",\"mainEntityOfPage\":{\"@id\":\"https:\\\/\\\/aconteceunovale.com.br\\\/portal\\\/?p=140552\"},\"wordCount\":683,\"commentCount\":0,\"image\":{\"@id\":\"https:\\\/\\\/aconteceunovale.com.br\\\/portal\\\/?p=140552#primaryimage\"},\"thumbnailUrl\":\"https:\\\/\\\/aconteceunovale.com.br\\\/portal\\\/wp-content\\\/uploads\\\/2018\\\/12\\\/bolsonaro_mourao.jpg\",\"keywords\":[\"Bolsonaro \u00e9 diplomado\",\"Bolsonaro e Mour\u00e3o s\u00e3o diplomados pelo Tribunal Superior Eleitoral\",\"Bolsonaro pede confian\u00e7a daqueles que n\u00e3o votaram nele\",\"Bolsonaro prometeu governar para todos\",\"Cerim\u00f4nia de diploma\u00e7\u00e3o de Jair Bolsonaro\",\"diploma\u00e7\u00e3o\",\"Diploma\u00e7\u00e3o Bolsonaro\",\"Diploma\u00e7\u00e3o de Bolsonaro\",\"Diploma\u00e7\u00e3o de Jair Bolsonaro\",\"Diploma\u00e7\u00e3o Jair Bolsonaro\",\"Hamilton Mour\u00e3o\",\"Jair Bolsonaro\",\"Jair Bolsonaro \u00e9 diplomado\",\"presidente eleito\",\"TSE\"],\"articleSection\":[\"Brasil\",\"Pol\u00edtica\"],\"inLanguage\":\"pt-BR\",\"potentialAction\":[{\"@type\":\"CommentAction\",\"name\":\"Comment\",\"target\":[\"https:\\\/\\\/aconteceunovale.com.br\\\/portal\\\/?p=140552#respond\"]}]},{\"@type\":\"WebPage\",\"@id\":\"https:\\\/\\\/aconteceunovale.com.br\\\/portal\\\/?p=140552\",\"url\":\"https:\\\/\\\/aconteceunovale.com.br\\\/portal\\\/?p=140552\",\"name\":\"Bolsonaro e Mour\u00e3o s\u00e3o diplomados pelo Tribunal Superior Eleitoral - Aconteceu no Vale\",\"isPartOf\":{\"@id\":\"https:\\\/\\\/aconteceunovale.com.br\\\/portal\\\/#website\"},\"primaryImageOfPage\":{\"@id\":\"https:\\\/\\\/aconteceunovale.com.br\\\/portal\\\/?p=140552#primaryimage\"},\"image\":{\"@id\":\"https:\\\/\\\/aconteceunovale.com.br\\\/portal\\\/?p=140552#primaryimage\"},\"thumbnailUrl\":\"https:\\\/\\\/aconteceunovale.com.br\\\/portal\\\/wp-content\\\/uploads\\\/2018\\\/12\\\/bolsonaro_mourao.jpg\",\"datePublished\":\"2018-12-11T00:40:34+00:00\",\"author\":{\"@id\":\"https:\\\/\\\/aconteceunovale.com.br\\\/portal\\\/#\\\/schema\\\/person\\\/633529146f2c94272bef50ac2953d589\"},\"breadcrumb\":{\"@id\":\"https:\\\/\\\/aconteceunovale.com.br\\\/portal\\\/?p=140552#breadcrumb\"},\"inLanguage\":\"pt-BR\",\"potentialAction\":[{\"@type\":\"ReadAction\",\"target\":[\"https:\\\/\\\/aconteceunovale.com.br\\\/portal\\\/?p=140552\"]}]},{\"@type\":\"ImageObject\",\"inLanguage\":\"pt-BR\",\"@id\":\"https:\\\/\\\/aconteceunovale.com.br\\\/portal\\\/?p=140552#primaryimage\",\"url\":\"https:\\\/\\\/aconteceunovale.com.br\\\/portal\\\/wp-content\\\/uploads\\\/2018\\\/12\\\/bolsonaro_mourao.jpg\",\"contentUrl\":\"https:\\\/\\\/aconteceunovale.com.br\\\/portal\\\/wp-content\\\/uploads\\\/2018\\\/12\\\/bolsonaro_mourao.jpg\",\"width\":675,\"height\":450},{\"@type\":\"BreadcrumbList\",\"@id\":\"https:\\\/\\\/aconteceunovale.com.br\\\/portal\\\/?p=140552#breadcrumb\",\"itemListElement\":[{\"@type\":\"ListItem\",\"position\":1,\"name\":\"In\u00edcio\",\"item\":\"https:\\\/\\\/aconteceunovale.com.br\\\/portal\\\/\"},{\"@type\":\"ListItem\",\"position\":2,\"name\":\"Bolsonaro e Mour\u00e3o s\u00e3o diplomados pelo Tribunal Superior Eleitoral\"}]},{\"@type\":\"WebSite\",\"@id\":\"https:\\\/\\\/aconteceunovale.com.br\\\/portal\\\/#website\",\"url\":\"https:\\\/\\\/aconteceunovale.com.br\\\/portal\\\/\",\"name\":\"Aconteceu no Vale\",\"description\":\"Portal de Not\u00edcias\",\"potentialAction\":[{\"@type\":\"SearchAction\",\"target\":{\"@type\":\"EntryPoint\",\"urlTemplate\":\"https:\\\/\\\/aconteceunovale.com.br\\\/portal\\\/?s={search_term_string}\"},\"query-input\":{\"@type\":\"PropertyValueSpecification\",\"valueRequired\":true,\"valueName\":\"search_term_string\"}}],\"inLanguage\":\"pt-BR\"},{\"@type\":\"Person\",\"@id\":\"https:\\\/\\\/aconteceunovale.com.br\\\/portal\\\/#\\\/schema\\\/person\\\/633529146f2c94272bef50ac2953d589\",\"name\":\"Aconteceu no Vale\",\"description\":\"Equipe de reportagem do Aconteceu no Vale, portal de not\u00edcias do Vale do Jequitinhonha, em Minas Gerais. Cobrimos as 51 cidades do Vale desde 2013. Sugest\u00f5es de pauta e pedidos de corre\u00e7\u00e3o: contato@aconteceunovale.com.br\",\"sameAs\":[\"http:\\\/\\\/www.aconteceunovale.com.br\"],\"url\":\"https:\\\/\\\/aconteceunovale.com.br\\\/portal\\\/?author=1\"}]}<\/script>\n<!-- \/ Yoast SEO plugin. -->","yoast_head_json":{"title":"Bolsonaro e Mour\u00e3o s\u00e3o diplomados pelo Tribunal Superior Eleitoral - Aconteceu no Vale","robots":{"index":"index","follow":"follow","max-snippet":"max-snippet:-1","max-image-preview":"max-image-preview:large","max-video-preview":"max-video-preview:-1"},"canonical":"https:\/\/aconteceunovale.com.br\/portal\/?p=140552","og_locale":"pt_BR","og_type":"article","og_title":"Bolsonaro e Mour\u00e3o s\u00e3o diplomados pelo Tribunal Superior Eleitoral - Aconteceu no Vale","og_description":"O presidente eleito, Jair Bolsonaro (PSL), foi diplomado por volta das 16h30, desta segunda-feira (10\/12\/2018), em solenidade no Tribunal Superior Eleitoral (TSE), assim como o vice Hamilton Mour\u00e3o (PRTB). A diploma\u00e7\u00e3o \u00e9 o ato formal de confirma\u00e7\u00e3o de que os candidatos cumpriram todos os requisitos para exercer o mandato e poder\u00e3o tomar posse. Os diplomas [&hellip;]","og_url":"https:\/\/aconteceunovale.com.br\/portal\/?p=140552","og_site_name":"Aconteceu no Vale","article_publisher":"https:\/\/www.facebook.com\/aconteceunovale\/","article_published_time":"2018-12-11T00:40:34+00:00","og_image":[{"width":675,"height":450,"url":"https:\/\/aconteceunovale.com.br\/portal\/wp-content\/uploads\/2018\/12\/bolsonaro_mourao.jpg","type":"image\/jpeg"}],"author":"Aconteceu no Vale","twitter_card":"summary_large_image","twitter_creator":"@noticiadosvales","twitter_site":"@noticiadosvales","twitter_misc":{"Escrito por":"Aconteceu no Vale","Est. tempo de leitura":"3 minutos"},"schema":{"@context":"https:\/\/schema.org","@graph":[{"@type":"Article","@id":"https:\/\/aconteceunovale.com.br\/portal\/?p=140552#article","isPartOf":{"@id":"https:\/\/aconteceunovale.com.br\/portal\/?p=140552"},"author":{"name":"Aconteceu no Vale","@id":"https:\/\/aconteceunovale.com.br\/portal\/#\/schema\/person\/633529146f2c94272bef50ac2953d589"},"headline":"Bolsonaro e Mour\u00e3o s\u00e3o diplomados pelo Tribunal Superior Eleitoral","datePublished":"2018-12-11T00:40:34+00:00","mainEntityOfPage":{"@id":"https:\/\/aconteceunovale.com.br\/portal\/?p=140552"},"wordCount":683,"commentCount":0,"image":{"@id":"https:\/\/aconteceunovale.com.br\/portal\/?p=140552#primaryimage"},"thumbnailUrl":"https:\/\/aconteceunovale.com.br\/portal\/wp-content\/uploads\/2018\/12\/bolsonaro_mourao.jpg","keywords":["Bolsonaro \u00e9 diplomado","Bolsonaro e Mour\u00e3o s\u00e3o diplomados pelo Tribunal Superior Eleitoral","Bolsonaro pede confian\u00e7a daqueles que n\u00e3o votaram nele","Bolsonaro prometeu governar para todos","Cerim\u00f4nia de diploma\u00e7\u00e3o de Jair Bolsonaro","diploma\u00e7\u00e3o","Diploma\u00e7\u00e3o Bolsonaro","Diploma\u00e7\u00e3o de Bolsonaro","Diploma\u00e7\u00e3o de Jair Bolsonaro","Diploma\u00e7\u00e3o Jair Bolsonaro","Hamilton Mour\u00e3o","Jair Bolsonaro","Jair Bolsonaro \u00e9 diplomado","presidente eleito","TSE"],"articleSection":["Brasil","Pol\u00edtica"],"inLanguage":"pt-BR","potentialAction":[{"@type":"CommentAction","name":"Comment","target":["https:\/\/aconteceunovale.com.br\/portal\/?p=140552#respond"]}]},{"@type":"WebPage","@id":"https:\/\/aconteceunovale.com.br\/portal\/?p=140552","url":"https:\/\/aconteceunovale.com.br\/portal\/?p=140552","name":"Bolsonaro e Mour\u00e3o s\u00e3o diplomados pelo Tribunal Superior Eleitoral - Aconteceu no Vale","isPartOf":{"@id":"https:\/\/aconteceunovale.com.br\/portal\/#website"},"primaryImageOfPage":{"@id":"https:\/\/aconteceunovale.com.br\/portal\/?p=140552#primaryimage"},"image":{"@id":"https:\/\/aconteceunovale.com.br\/portal\/?p=140552#primaryimage"},"thumbnailUrl":"https:\/\/aconteceunovale.com.br\/portal\/wp-content\/uploads\/2018\/12\/bolsonaro_mourao.jpg","datePublished":"2018-12-11T00:40:34+00:00","author":{"@id":"https:\/\/aconteceunovale.com.br\/portal\/#\/schema\/person\/633529146f2c94272bef50ac2953d589"},"breadcrumb":{"@id":"https:\/\/aconteceunovale.com.br\/portal\/?p=140552#breadcrumb"},"inLanguage":"pt-BR","potentialAction":[{"@type":"ReadAction","target":["https:\/\/aconteceunovale.com.br\/portal\/?p=140552"]}]},{"@type":"ImageObject","inLanguage":"pt-BR","@id":"https:\/\/aconteceunovale.com.br\/portal\/?p=140552#primaryimage","url":"https:\/\/aconteceunovale.com.br\/portal\/wp-content\/uploads\/2018\/12\/bolsonaro_mourao.jpg","contentUrl":"https:\/\/aconteceunovale.com.br\/portal\/wp-content\/uploads\/2018\/12\/bolsonaro_mourao.jpg","width":675,"height":450},{"@type":"BreadcrumbList","@id":"https:\/\/aconteceunovale.com.br\/portal\/?p=140552#breadcrumb","itemListElement":[{"@type":"ListItem","position":1,"name":"In\u00edcio","item":"https:\/\/aconteceunovale.com.br\/portal\/"},{"@type":"ListItem","position":2,"name":"Bolsonaro e Mour\u00e3o s\u00e3o diplomados pelo Tribunal Superior Eleitoral"}]},{"@type":"WebSite","@id":"https:\/\/aconteceunovale.com.br\/portal\/#website","url":"https:\/\/aconteceunovale.com.br\/portal\/","name":"Aconteceu no Vale","description":"Portal de Not\u00edcias","potentialAction":[{"@type":"SearchAction","target":{"@type":"EntryPoint","urlTemplate":"https:\/\/aconteceunovale.com.br\/portal\/?s={search_term_string}"},"query-input":{"@type":"PropertyValueSpecification","valueRequired":true,"valueName":"search_term_string"}}],"inLanguage":"pt-BR"},{"@type":"Person","@id":"https:\/\/aconteceunovale.com.br\/portal\/#\/schema\/person\/633529146f2c94272bef50ac2953d589","name":"Aconteceu no Vale","description":"Equipe de reportagem do Aconteceu no Vale, portal de not\u00edcias do Vale do Jequitinhonha, em Minas Gerais. Cobrimos as 51 cidades do Vale desde 2013. Sugest\u00f5es de pauta e pedidos de corre\u00e7\u00e3o: contato@aconteceunovale.com.br","sameAs":["http:\/\/www.aconteceunovale.com.br"],"url":"https:\/\/aconteceunovale.com.br\/portal\/?author=1"}]}},"_links":{"self":[{"href":"https:\/\/aconteceunovale.com.br\/portal\/index.php?rest_route=\/wp\/v2\/posts\/140552","targetHints":{"allow":["GET"]}}],"collection":[{"href":"https:\/\/aconteceunovale.com.br\/portal\/index.php?rest_route=\/wp\/v2\/posts"}],"about":[{"href":"https:\/\/aconteceunovale.com.br\/portal\/index.php?rest_route=\/wp\/v2\/types\/post"}],"author":[{"embeddable":true,"href":"https:\/\/aconteceunovale.com.br\/portal\/index.php?rest_route=\/wp\/v2\/users\/1"}],"replies":[{"embeddable":true,"href":"https:\/\/aconteceunovale.com.br\/portal\/index.php?rest_route=%2Fwp%2Fv2%2Fcomments&post=140552"}],"version-history":[{"count":0,"href":"https:\/\/aconteceunovale.com.br\/portal\/index.php?rest_route=\/wp\/v2\/posts\/140552\/revisions"}],"wp:featuredmedia":[{"embeddable":true,"href":"https:\/\/aconteceunovale.com.br\/portal\/index.php?rest_route=\/wp\/v2\/media\/140553"}],"wp:attachment":[{"href":"https:\/\/aconteceunovale.com.br\/portal\/index.php?rest_route=%2Fwp%2Fv2%2Fmedia&parent=140552"}],"wp:term":[{"taxonomy":"category","embeddable":true,"href":"https:\/\/aconteceunovale.com.br\/portal\/index.php?rest_route=%2Fwp%2Fv2%2Fcategories&post=140552"},{"taxonomy":"post_tag","embeddable":true,"href":"https:\/\/aconteceunovale.com.br\/portal\/index.php?rest_route=%2Fwp%2Fv2%2Ftags&post=140552"}],"curies":[{"name":"wp","href":"https:\/\/api.w.org\/{rel}","templated":true}]}}