{"id":140542,"date":"2018-12-10T19:18:22","date_gmt":"2018-12-10T21:18:22","guid":{"rendered":"http:\/\/aconteceunovale.com.br\/portal\/?p=140542"},"modified":"2018-12-10T19:24:53","modified_gmt":"2018-12-10T21:24:53","slug":"jovem-morre-atropelado-por-trem-em-coronel-fabriciano-no-vale-do-aco","status":"publish","type":"post","link":"https:\/\/aconteceunovale.com.br\/portal\/?p=140542","title":{"rendered":"Jovem morre atropelado por trem em Coronel Fabriciano, no Vale do A\u00e7o"},"content":{"rendered":"<p>Um jovem de 21 anos morreu atropelado por um trem em Coronel Fabriciano, no Vale do A\u00e7o, na tarde desta segunda-feira (10\/12\/2018). De acordo o Corpo de Bombeiros, Felipe Martins Andrade fazia capina \u00e0s margens da Estrada de Ferro Vit\u00f3ria a Minas (EFVM), quando foi atingido pelo trem de passageiros da Vale que fazia o itiner\u00e1rio Belo Horizonte\/Cariacica.<\/p>\n<p>Ainda de acordo com o Corpo de Bombeiros, o primeiro atendimento foi feito por um passageiro do trem, que \u00e9 bombeiro em Resplendor. Quando o ve\u00edculo de socorro chegou ao local, a v\u00edtima j\u00e1 estava sem os sinais vitais. Felipe Andrade, que residia no Bairro Mangueiras, trabalhava para a empresa respons\u00e1vel pela ferrovia.<\/p>\n<p>Em nota, a Vale, empresa administradora da via, afirmou lamentar o incidente. Segundo a empresa, ao avistar o homem pr\u00f3ximo da linha, o maquinista que conduzia a composi\u00e7\u00e3o seguiu todos os procedimentos de seguran\u00e7a, alertando com buzina e far\u00f3is, e aplicando freios de emerg\u00eancia. <em>&#8220;Apesar de todas as medidas de urg\u00eancia e seguran\u00e7a, n\u00e3o foi poss\u00edvel evitar a ocorr\u00eancia&#8221;<\/em>.<\/p>\n<p>O acidente causou interdi\u00e7\u00e3o da via f\u00e9rrea e atrasou as viagens no sentido Belo Horizonte e em dire\u00e7\u00e3o ao Esp\u00edrito Santo.<\/p>\n<p><img decoding=\"async\" src=\"http:\/\/aconteceunovale.com.br\/portal\/wp-content\/uploads\/2018\/12\/atropelado_por_trem.jpeg\" alt=\"\" \/><em>Acidente aconteceu em Coronel Fabriciano \u2014 Foto: Corpo de Bombeiros\/Divulga\u00e7\u00e3o<\/em><br \/>\n<\/br><\/p>\n<p><strong>VER PRIMEIRO<\/strong><\/p>\n<p>Receba as not\u00edcias do Aconteceu no Vale em primeira m\u00e3o. Clique em curtir no endere\u00e7o <a href=\"https:\/\/www.facebook.com\/aconteceunovale\" target=\"_blank\"><font color=\"red\">www.facebook.com\/aconteceunovale<\/font><\/a> ou no box abaixo:<\/p>\n<div class=\"fb-like\" data-href=\"https:\/\/www.facebook.com\/aconteceunovale\" data-width=\"120\" data-layout=\"standard\" data-action=\"like\" data-size=\"small\" data-show-faces=\"true\" data-share=\"true\"><\/div>\n<p><\/br><\/p>\n<p><em>(Fonte: G1 Vales)<\/em><\/p>\n","protected":false},"excerpt":{"rendered":"<p>Um jovem de 21 anos morreu atropelado por um trem em Coronel Fabriciano, no Vale do A\u00e7o, na tarde desta segunda-feira (10\/12\/2018). De acordo o Corpo de Bombeiros, Felipe Martins Andrade fazia capina \u00e0s margens da Estrada de Ferro Vit\u00f3ria a Minas (EFVM), quando foi atingido pelo trem de passageiros da Vale que fazia o [&hellip;]<\/p>\n","protected":false},"author":1,"featured_media":140543,"comment_status":"open","ping_status":"closed","sticky":false,"template":"","format":"standard","meta":{"amp_status":"","footnotes":""},"categories":[121],"tags":[189173,189174,189172,1524,27760,26413,17199,189171,189175,189176,63064,309],"class_list":["post-140542","post","type-post","status-publish","format-standard","has-post-thumbnail","hentry","category-leste","tag-atropelado-por-trem-da-vale-em-coronel-fabriciano","tag-atropelado-por-trem-de-passageiros-em-coronel-fabriciano","tag-atropelado-por-trem-em-coronel-fabriciano","tag-coronel-fabriciano","tag-efvm","tag-estrada-de-ferro-vitoria-a-minas","tag-felipe-andrade","tag-felipe-martins-andrade","tag-jovem-morre-atropelado-por-trem-em-coronel-fabriciano","tag-jovem-morre-atropelado-por-trem-em-coronel-fabriciano-no-vale-do-aco","tag-no-vale-do-aco","tag-resplendor"],"yoast_head":"<!-- This site is optimized with the Yoast SEO plugin v28.3 - https:\/\/yoast.com\/product\/yoast-seo-wordpress\/ -->\n<title>Jovem morre atropelado por trem em Coronel Fabriciano, no Vale do A\u00e7o - Aconteceu no Vale<\/title>\n<meta name=\"robots\" content=\"index, follow, max-snippet:-1, max-image-preview:large, max-video-preview:-1\" \/>\n<link rel=\"canonical\" href=\"https:\/\/aconteceunovale.com.br\/portal\/?p=140542\" \/>\n<meta property=\"og:locale\" content=\"pt_BR\" \/>\n<meta property=\"og:type\" content=\"article\" \/>\n<meta property=\"og:title\" content=\"Jovem morre atropelado por trem em Coronel Fabriciano, no Vale do A\u00e7o - Aconteceu no Vale\" \/>\n<meta property=\"og:description\" content=\"Um jovem de 21 anos morreu atropelado por um trem em Coronel Fabriciano, no Vale do A\u00e7o, na tarde desta segunda-feira (10\/12\/2018). De acordo o Corpo de Bombeiros, Felipe Martins Andrade fazia capina \u00e0s margens da Estrada de Ferro Vit\u00f3ria a Minas (EFVM), quando foi atingido pelo trem de passageiros da Vale que fazia o [&hellip;]\" \/>\n<meta property=\"og:url\" content=\"https:\/\/aconteceunovale.com.br\/portal\/?p=140542\" \/>\n<meta property=\"og:site_name\" content=\"Aconteceu no Vale\" \/>\n<meta property=\"article:publisher\" content=\"https:\/\/www.facebook.com\/aconteceunovale\/\" \/>\n<meta property=\"article:published_time\" content=\"2018-12-10T21:18:22+00:00\" \/>\n<meta property=\"article:modified_time\" content=\"2018-12-10T21:24:53+00:00\" \/>\n<meta property=\"og:image\" content=\"https:\/\/aconteceunovale.com.br\/portal\/wp-content\/uploads\/2018\/12\/atropelado_por_trem.jpeg\" \/>\n\t<meta property=\"og:image:width\" content=\"638\" \/>\n\t<meta property=\"og:image:height\" content=\"450\" \/>\n\t<meta property=\"og:image:type\" content=\"image\/jpeg\" \/>\n<meta name=\"author\" content=\"Aconteceu no Vale\" \/>\n<meta name=\"twitter:card\" content=\"summary_large_image\" \/>\n<meta name=\"twitter:creator\" content=\"@noticiadosvales\" \/>\n<meta name=\"twitter:site\" content=\"@noticiadosvales\" \/>\n<meta name=\"twitter:label1\" content=\"Escrito por\" \/>\n\t<meta name=\"twitter:data1\" content=\"Aconteceu no Vale\" \/>\n\t<meta name=\"twitter:label2\" content=\"Est. tempo de leitura\" \/>\n\t<meta name=\"twitter:data2\" content=\"1 minuto\" \/>\n<script type=\"application\/ld+json\" class=\"yoast-schema-graph\">{\"@context\":\"https:\\\/\\\/schema.org\",\"@graph\":[{\"@type\":\"Article\",\"@id\":\"https:\\\/\\\/aconteceunovale.com.br\\\/portal\\\/?p=140542#article\",\"isPartOf\":{\"@id\":\"https:\\\/\\\/aconteceunovale.com.br\\\/portal\\\/?p=140542\"},\"author\":{\"name\":\"Aconteceu no Vale\",\"@id\":\"https:\\\/\\\/aconteceunovale.com.br\\\/portal\\\/#\\\/schema\\\/person\\\/633529146f2c94272bef50ac2953d589\"},\"headline\":\"Jovem morre atropelado por trem em Coronel Fabriciano, no Vale do A\u00e7o\",\"datePublished\":\"2018-12-10T21:18:22+00:00\",\"dateModified\":\"2018-12-10T21:24:53+00:00\",\"mainEntityOfPage\":{\"@id\":\"https:\\\/\\\/aconteceunovale.com.br\\\/portal\\\/?p=140542\"},\"wordCount\":264,\"commentCount\":0,\"image\":{\"@id\":\"https:\\\/\\\/aconteceunovale.com.br\\\/portal\\\/?p=140542#primaryimage\"},\"thumbnailUrl\":\"https:\\\/\\\/aconteceunovale.com.br\\\/portal\\\/wp-content\\\/uploads\\\/2018\\\/12\\\/atropelado_por_trem.jpeg\",\"keywords\":[\"Atropelado por trem da Vale em Coronel Fabriciano\",\"Atropelado por trem de passageiros em Coronel Fabriciano\",\"Atropelado por trem em Coronel Fabriciano\",\"Coronel Fabriciano\",\"EFVM\",\"Estrada de Ferro Vit\u00f3ria a Minas\",\"Felipe Andrade\",\"Felipe Martins Andrade\",\"Jovem morre atropelado por trem em Coronel Fabriciano\",\"Jovem morre atropelado por trem em Coronel Fabriciano no Vale do A\u00e7o\",\"no Vale do A\u00e7o\",\"Resplendor\"],\"articleSection\":[\"Leste de Minas\"],\"inLanguage\":\"pt-BR\",\"potentialAction\":[{\"@type\":\"CommentAction\",\"name\":\"Comment\",\"target\":[\"https:\\\/\\\/aconteceunovale.com.br\\\/portal\\\/?p=140542#respond\"]}]},{\"@type\":\"WebPage\",\"@id\":\"https:\\\/\\\/aconteceunovale.com.br\\\/portal\\\/?p=140542\",\"url\":\"https:\\\/\\\/aconteceunovale.com.br\\\/portal\\\/?p=140542\",\"name\":\"Jovem morre atropelado por trem em Coronel Fabriciano, no Vale do A\u00e7o - Aconteceu no Vale\",\"isPartOf\":{\"@id\":\"https:\\\/\\\/aconteceunovale.com.br\\\/portal\\\/#website\"},\"primaryImageOfPage\":{\"@id\":\"https:\\\/\\\/aconteceunovale.com.br\\\/portal\\\/?p=140542#primaryimage\"},\"image\":{\"@id\":\"https:\\\/\\\/aconteceunovale.com.br\\\/portal\\\/?p=140542#primaryimage\"},\"thumbnailUrl\":\"https:\\\/\\\/aconteceunovale.com.br\\\/portal\\\/wp-content\\\/uploads\\\/2018\\\/12\\\/atropelado_por_trem.jpeg\",\"datePublished\":\"2018-12-10T21:18:22+00:00\",\"dateModified\":\"2018-12-10T21:24:53+00:00\",\"author\":{\"@id\":\"https:\\\/\\\/aconteceunovale.com.br\\\/portal\\\/#\\\/schema\\\/person\\\/633529146f2c94272bef50ac2953d589\"},\"breadcrumb\":{\"@id\":\"https:\\\/\\\/aconteceunovale.com.br\\\/portal\\\/?p=140542#breadcrumb\"},\"inLanguage\":\"pt-BR\",\"potentialAction\":[{\"@type\":\"ReadAction\",\"target\":[\"https:\\\/\\\/aconteceunovale.com.br\\\/portal\\\/?p=140542\"]}]},{\"@type\":\"ImageObject\",\"inLanguage\":\"pt-BR\",\"@id\":\"https:\\\/\\\/aconteceunovale.com.br\\\/portal\\\/?p=140542#primaryimage\",\"url\":\"https:\\\/\\\/aconteceunovale.com.br\\\/portal\\\/wp-content\\\/uploads\\\/2018\\\/12\\\/atropelado_por_trem.jpeg\",\"contentUrl\":\"https:\\\/\\\/aconteceunovale.com.br\\\/portal\\\/wp-content\\\/uploads\\\/2018\\\/12\\\/atropelado_por_trem.jpeg\",\"width\":638,\"height\":450},{\"@type\":\"BreadcrumbList\",\"@id\":\"https:\\\/\\\/aconteceunovale.com.br\\\/portal\\\/?p=140542#breadcrumb\",\"itemListElement\":[{\"@type\":\"ListItem\",\"position\":1,\"name\":\"In\u00edcio\",\"item\":\"https:\\\/\\\/aconteceunovale.com.br\\\/portal\\\/\"},{\"@type\":\"ListItem\",\"position\":2,\"name\":\"Jovem morre atropelado por trem em Coronel Fabriciano, no Vale do A\u00e7o\"}]},{\"@type\":\"WebSite\",\"@id\":\"https:\\\/\\\/aconteceunovale.com.br\\\/portal\\\/#website\",\"url\":\"https:\\\/\\\/aconteceunovale.com.br\\\/portal\\\/\",\"name\":\"Aconteceu no Vale\",\"description\":\"Portal de Not\u00edcias\",\"potentialAction\":[{\"@type\":\"SearchAction\",\"target\":{\"@type\":\"EntryPoint\",\"urlTemplate\":\"https:\\\/\\\/aconteceunovale.com.br\\\/portal\\\/?s={search_term_string}\"},\"query-input\":{\"@type\":\"PropertyValueSpecification\",\"valueRequired\":true,\"valueName\":\"search_term_string\"}}],\"inLanguage\":\"pt-BR\"},{\"@type\":\"Person\",\"@id\":\"https:\\\/\\\/aconteceunovale.com.br\\\/portal\\\/#\\\/schema\\\/person\\\/633529146f2c94272bef50ac2953d589\",\"name\":\"Aconteceu no Vale\",\"description\":\"Equipe de reportagem do Aconteceu no Vale, portal de not\u00edcias do Vale do Jequitinhonha, em Minas Gerais. Cobrimos as 51 cidades do Vale desde 2013. Sugest\u00f5es de pauta e pedidos de corre\u00e7\u00e3o: contato@aconteceunovale.com.br\",\"sameAs\":[\"http:\\\/\\\/www.aconteceunovale.com.br\"],\"url\":\"https:\\\/\\\/aconteceunovale.com.br\\\/portal\\\/?author=1\"}]}<\/script>\n<!-- \/ Yoast SEO plugin. -->","yoast_head_json":{"title":"Jovem morre atropelado por trem em Coronel Fabriciano, no Vale do A\u00e7o - Aconteceu no Vale","robots":{"index":"index","follow":"follow","max-snippet":"max-snippet:-1","max-image-preview":"max-image-preview:large","max-video-preview":"max-video-preview:-1"},"canonical":"https:\/\/aconteceunovale.com.br\/portal\/?p=140542","og_locale":"pt_BR","og_type":"article","og_title":"Jovem morre atropelado por trem em Coronel Fabriciano, no Vale do A\u00e7o - Aconteceu no Vale","og_description":"Um jovem de 21 anos morreu atropelado por um trem em Coronel Fabriciano, no Vale do A\u00e7o, na tarde desta segunda-feira (10\/12\/2018). De acordo o Corpo de Bombeiros, Felipe Martins Andrade fazia capina \u00e0s margens da Estrada de Ferro Vit\u00f3ria a Minas (EFVM), quando foi atingido pelo trem de passageiros da Vale que fazia o [&hellip;]","og_url":"https:\/\/aconteceunovale.com.br\/portal\/?p=140542","og_site_name":"Aconteceu no Vale","article_publisher":"https:\/\/www.facebook.com\/aconteceunovale\/","article_published_time":"2018-12-10T21:18:22+00:00","article_modified_time":"2018-12-10T21:24:53+00:00","og_image":[{"width":638,"height":450,"url":"https:\/\/aconteceunovale.com.br\/portal\/wp-content\/uploads\/2018\/12\/atropelado_por_trem.jpeg","type":"image\/jpeg"}],"author":"Aconteceu no Vale","twitter_card":"summary_large_image","twitter_creator":"@noticiadosvales","twitter_site":"@noticiadosvales","twitter_misc":{"Escrito por":"Aconteceu no Vale","Est. tempo de leitura":"1 minuto"},"schema":{"@context":"https:\/\/schema.org","@graph":[{"@type":"Article","@id":"https:\/\/aconteceunovale.com.br\/portal\/?p=140542#article","isPartOf":{"@id":"https:\/\/aconteceunovale.com.br\/portal\/?p=140542"},"author":{"name":"Aconteceu no Vale","@id":"https:\/\/aconteceunovale.com.br\/portal\/#\/schema\/person\/633529146f2c94272bef50ac2953d589"},"headline":"Jovem morre atropelado por trem em Coronel Fabriciano, no Vale do A\u00e7o","datePublished":"2018-12-10T21:18:22+00:00","dateModified":"2018-12-10T21:24:53+00:00","mainEntityOfPage":{"@id":"https:\/\/aconteceunovale.com.br\/portal\/?p=140542"},"wordCount":264,"commentCount":0,"image":{"@id":"https:\/\/aconteceunovale.com.br\/portal\/?p=140542#primaryimage"},"thumbnailUrl":"https:\/\/aconteceunovale.com.br\/portal\/wp-content\/uploads\/2018\/12\/atropelado_por_trem.jpeg","keywords":["Atropelado por trem da Vale em Coronel Fabriciano","Atropelado por trem de passageiros em Coronel Fabriciano","Atropelado por trem em Coronel Fabriciano","Coronel Fabriciano","EFVM","Estrada de Ferro Vit\u00f3ria a Minas","Felipe Andrade","Felipe Martins Andrade","Jovem morre atropelado por trem em Coronel Fabriciano","Jovem morre atropelado por trem em Coronel Fabriciano no Vale do A\u00e7o","no Vale do A\u00e7o","Resplendor"],"articleSection":["Leste de Minas"],"inLanguage":"pt-BR","potentialAction":[{"@type":"CommentAction","name":"Comment","target":["https:\/\/aconteceunovale.com.br\/portal\/?p=140542#respond"]}]},{"@type":"WebPage","@id":"https:\/\/aconteceunovale.com.br\/portal\/?p=140542","url":"https:\/\/aconteceunovale.com.br\/portal\/?p=140542","name":"Jovem morre atropelado por trem em Coronel Fabriciano, no Vale do A\u00e7o - Aconteceu no Vale","isPartOf":{"@id":"https:\/\/aconteceunovale.com.br\/portal\/#website"},"primaryImageOfPage":{"@id":"https:\/\/aconteceunovale.com.br\/portal\/?p=140542#primaryimage"},"image":{"@id":"https:\/\/aconteceunovale.com.br\/portal\/?p=140542#primaryimage"},"thumbnailUrl":"https:\/\/aconteceunovale.com.br\/portal\/wp-content\/uploads\/2018\/12\/atropelado_por_trem.jpeg","datePublished":"2018-12-10T21:18:22+00:00","dateModified":"2018-12-10T21:24:53+00:00","author":{"@id":"https:\/\/aconteceunovale.com.br\/portal\/#\/schema\/person\/633529146f2c94272bef50ac2953d589"},"breadcrumb":{"@id":"https:\/\/aconteceunovale.com.br\/portal\/?p=140542#breadcrumb"},"inLanguage":"pt-BR","potentialAction":[{"@type":"ReadAction","target":["https:\/\/aconteceunovale.com.br\/portal\/?p=140542"]}]},{"@type":"ImageObject","inLanguage":"pt-BR","@id":"https:\/\/aconteceunovale.com.br\/portal\/?p=140542#primaryimage","url":"https:\/\/aconteceunovale.com.br\/portal\/wp-content\/uploads\/2018\/12\/atropelado_por_trem.jpeg","contentUrl":"https:\/\/aconteceunovale.com.br\/portal\/wp-content\/uploads\/2018\/12\/atropelado_por_trem.jpeg","width":638,"height":450},{"@type":"BreadcrumbList","@id":"https:\/\/aconteceunovale.com.br\/portal\/?p=140542#breadcrumb","itemListElement":[{"@type":"ListItem","position":1,"name":"In\u00edcio","item":"https:\/\/aconteceunovale.com.br\/portal\/"},{"@type":"ListItem","position":2,"name":"Jovem morre atropelado por trem em Coronel Fabriciano, no Vale do A\u00e7o"}]},{"@type":"WebSite","@id":"https:\/\/aconteceunovale.com.br\/portal\/#website","url":"https:\/\/aconteceunovale.com.br\/portal\/","name":"Aconteceu no Vale","description":"Portal de Not\u00edcias","potentialAction":[{"@type":"SearchAction","target":{"@type":"EntryPoint","urlTemplate":"https:\/\/aconteceunovale.com.br\/portal\/?s={search_term_string}"},"query-input":{"@type":"PropertyValueSpecification","valueRequired":true,"valueName":"search_term_string"}}],"inLanguage":"pt-BR"},{"@type":"Person","@id":"https:\/\/aconteceunovale.com.br\/portal\/#\/schema\/person\/633529146f2c94272bef50ac2953d589","name":"Aconteceu no Vale","description":"Equipe de reportagem do Aconteceu no Vale, portal de not\u00edcias do Vale do Jequitinhonha, em Minas Gerais. Cobrimos as 51 cidades do Vale desde 2013. Sugest\u00f5es de pauta e pedidos de corre\u00e7\u00e3o: contato@aconteceunovale.com.br","sameAs":["http:\/\/www.aconteceunovale.com.br"],"url":"https:\/\/aconteceunovale.com.br\/portal\/?author=1"}]}},"_links":{"self":[{"href":"https:\/\/aconteceunovale.com.br\/portal\/index.php?rest_route=\/wp\/v2\/posts\/140542","targetHints":{"allow":["GET"]}}],"collection":[{"href":"https:\/\/aconteceunovale.com.br\/portal\/index.php?rest_route=\/wp\/v2\/posts"}],"about":[{"href":"https:\/\/aconteceunovale.com.br\/portal\/index.php?rest_route=\/wp\/v2\/types\/post"}],"author":[{"embeddable":true,"href":"https:\/\/aconteceunovale.com.br\/portal\/index.php?rest_route=\/wp\/v2\/users\/1"}],"replies":[{"embeddable":true,"href":"https:\/\/aconteceunovale.com.br\/portal\/index.php?rest_route=%2Fwp%2Fv2%2Fcomments&post=140542"}],"version-history":[{"count":0,"href":"https:\/\/aconteceunovale.com.br\/portal\/index.php?rest_route=\/wp\/v2\/posts\/140542\/revisions"}],"wp:featuredmedia":[{"embeddable":true,"href":"https:\/\/aconteceunovale.com.br\/portal\/index.php?rest_route=\/wp\/v2\/media\/140543"}],"wp:attachment":[{"href":"https:\/\/aconteceunovale.com.br\/portal\/index.php?rest_route=%2Fwp%2Fv2%2Fmedia&parent=140542"}],"wp:term":[{"taxonomy":"category","embeddable":true,"href":"https:\/\/aconteceunovale.com.br\/portal\/index.php?rest_route=%2Fwp%2Fv2%2Fcategories&post=140542"},{"taxonomy":"post_tag","embeddable":true,"href":"https:\/\/aconteceunovale.com.br\/portal\/index.php?rest_route=%2Fwp%2Fv2%2Ftags&post=140542"}],"curies":[{"name":"wp","href":"https:\/\/api.w.org\/{rel}","templated":true}]}}