{"id":140539,"date":"2018-12-10T19:01:38","date_gmt":"2018-12-10T21:01:38","guid":{"rendered":"http:\/\/aconteceunovale.com.br\/portal\/?p=140539"},"modified":"2026-09-02T13:34:20","modified_gmt":"2026-09-02T16:34:20","slug":"homem-e-encontrado-morto-dentro-de-corrego-no-municipio-de-padre-paraiso-no-vale-do-jequitinhonha","status":"publish","type":"post","link":"https:\/\/aconteceunovale.com.br\/portal\/?p=140539","title":{"rendered":"Homem \u00e9 encontrado morto dentro de c\u00f3rrego no munic\u00edpio de Padre Para\u00edso, no Vale do Jequitinhonha"},"content":{"rendered":"<p>Um homem de 39 anos foi encontrado morto na manh\u00e3 desta segunda-feira (10\/12\/2018) no C\u00f3rrego Coqueiros, zona rural de Padre Para\u00edso, no Vale do Jequitinhonha. Segundo a Pol\u00edcia Militar (PM), a v\u00edtima, identificada como Jos\u00e9 Luiz Ferreira Pereira, estava na companhia de outras duas pessoas.<\/p>\n<p>Ainda segundo a PM, os tr\u00eas ocupantes do ve\u00edculo estavam no Bairro Encachoeirado e foram at\u00e9 o C\u00f3rrego Coqueiros durante a noite de ontem. Ao retornarem, por volta da meia-noite, o motorista do carro perdeu o controle, bateu em uma mureta e o ve\u00edculo ficou preso. Por causa da forte chuva durante a madrugada, os tr\u00eas resolveram dormir dentro do ve\u00edculo.<\/p>\n<p>De acordo com a PM, quando amanheceu, as duas pessoas que estavam com Jos\u00e9 Luiz sentiram a falta dele. Ao procurarem por perto, o encontram j\u00e1 sem vida, ca\u00eddo dentro de um c\u00f3rrego, \u00e0s margens da estrada. <\/p>\n<p>A dupla acionou a pol\u00edcia, que confirmou a morte de Jos\u00e9 Luiz por afogamento. Segundo a per\u00edcia, o corpo da v\u00edtima n\u00e3o apresentava marcas de agress\u00e3o e foi encaminhado para o Instituto M\u00e9dico Legal (IML) em Te\u00f3filo Otoni. O caso ser\u00e1 investigado pela Pol\u00edcia Civil.<\/p>\n<p><img decoding=\"async\" src=\"http:\/\/aconteceunovale.com.br\/portal\/wp-content\/uploads\/2018\/12\/corpo_coqueiros_pp.jpg\" alt=\"\" \/><em>Corpo estava no C\u00f3rrego Coqueiros \u2014 Foto: Policia Militar\/Divulga\u00e7\u00e3o<\/em><br \/>\n<\/br><\/p>\n<p><strong>VER PRIMEIRO<\/strong><\/p>\n<p>Receba as not\u00edcias do Aconteceu no Vale em primeira m\u00e3o. Clique em curtir no endere\u00e7o <a href=\"https:\/\/www.facebook.com\/aconteceunovale\" target=\"_blank\"><font color=\"red\">www.facebook.com\/aconteceunovale<\/font><\/a> ou no box abaixo:<\/p>\n<div class=\"fb-like\" data-href=\"https:\/\/www.facebook.com\/aconteceunovale\" data-width=\"120\" data-layout=\"standard\" data-action=\"like\" data-size=\"small\" data-show-faces=\"true\" data-share=\"true\"><\/div>\n<p><\/br><\/p>\n<p><em>(Com G1 Vales)<\/em><\/p>\n","protected":false},"excerpt":{"rendered":"<p>Um homem de 39 anos foi encontrado morto na manh\u00e3 desta segunda-feira (10\/12\/2018) no C\u00f3rrego Coqueiros, zona rural de Padre Para\u00edso, no Vale do Jequitinhonha. Segundo a Pol\u00edcia Militar (PM), a v\u00edtima, identificada como Jos\u00e9 Luiz Ferreira Pereira, estava na companhia de outras duas pessoas. Ainda segundo a PM, os tr\u00eas ocupantes do ve\u00edculo estavam [&hellip;]<\/p>\n","protected":false},"author":1,"featured_media":140540,"comment_status":"open","ping_status":"closed","sticky":false,"template":"","format":"standard","meta":{"amp_status":"","footnotes":""},"categories":[272564,120],"tags":[189168,189161,189165,189164,189166,189167,189169,189170,189163,189159,189162,541,189160],"class_list":["post-140539","post","type-post","status-publish","format-standard","has-post-thumbnail","hentry","category-padre-paraiso","category-jequi","tag-acidente-corrego-coqueiros","tag-acidente-padre-do-paraiso","tag-afogado-em-padre-do-paraiso","tag-afogamento-em-padre-do-paraiso","tag-corrego-coqueiros","tag-encontrado-morto-no-corrego-coqueiros","tag-homem-e-encontrado-morto-dentro-de-corrego-no-municipio-de-padre-paraiso","tag-homem-e-encontrado-morto-dentro-de-corrego-no-municipio-de-padre-paraiso-no-vale-do-jequitinhonha","tag-homem-encontrado-morto-em-padre-do-paraiso","tag-jose-luiz-ferreira-pereira","tag-morto-em-padre-do-paraiso","tag-no-vale-do-jequitinhonha","tag-padre-do-paraiso"],"yoast_head":"<!-- This site is optimized with the Yoast SEO plugin v28.3 - https:\/\/yoast.com\/product\/yoast-seo-wordpress\/ -->\n<title>Homem \u00e9 encontrado morto dentro de c\u00f3rrego no munic\u00edpio de Padre Para\u00edso, no Vale do Jequitinhonha - Aconteceu no Vale<\/title>\n<meta name=\"robots\" content=\"index, follow, max-snippet:-1, max-image-preview:large, max-video-preview:-1\" \/>\n<link rel=\"canonical\" href=\"https:\/\/aconteceunovale.com.br\/portal\/?p=140539\" \/>\n<meta property=\"og:locale\" content=\"pt_BR\" \/>\n<meta property=\"og:type\" content=\"article\" \/>\n<meta property=\"og:title\" content=\"Homem \u00e9 encontrado morto dentro de c\u00f3rrego no munic\u00edpio de Padre Para\u00edso, no Vale do Jequitinhonha - Aconteceu no Vale\" \/>\n<meta property=\"og:description\" content=\"Um homem de 39 anos foi encontrado morto na manh\u00e3 desta segunda-feira (10\/12\/2018) no C\u00f3rrego Coqueiros, zona rural de Padre Para\u00edso, no Vale do Jequitinhonha. Segundo a Pol\u00edcia Militar (PM), a v\u00edtima, identificada como Jos\u00e9 Luiz Ferreira Pereira, estava na companhia de outras duas pessoas. Ainda segundo a PM, os tr\u00eas ocupantes do ve\u00edculo estavam [&hellip;]\" \/>\n<meta property=\"og:url\" content=\"https:\/\/aconteceunovale.com.br\/portal\/?p=140539\" \/>\n<meta property=\"og:site_name\" content=\"Aconteceu no Vale\" \/>\n<meta property=\"article:publisher\" content=\"https:\/\/www.facebook.com\/aconteceunovale\/\" \/>\n<meta property=\"article:published_time\" content=\"2018-12-10T21:01:38+00:00\" \/>\n<meta property=\"article:modified_time\" content=\"2026-09-02T16:34:20+00:00\" \/>\n<meta property=\"og:image\" content=\"https:\/\/aconteceunovale.com.br\/portal\/wp-content\/uploads\/2018\/12\/corpo_coqueiros_pp.jpg\" \/>\n\t<meta property=\"og:image:width\" content=\"653\" \/>\n\t<meta property=\"og:image:height\" content=\"450\" \/>\n\t<meta property=\"og:image:type\" content=\"image\/jpeg\" \/>\n<meta name=\"author\" content=\"Aconteceu no Vale\" \/>\n<meta name=\"twitter:card\" content=\"summary_large_image\" \/>\n<meta name=\"twitter:creator\" content=\"@noticiadosvales\" \/>\n<meta name=\"twitter:site\" content=\"@noticiadosvales\" \/>\n<meta name=\"twitter:label1\" content=\"Escrito por\" \/>\n\t<meta name=\"twitter:data1\" content=\"Aconteceu no Vale\" \/>\n\t<meta name=\"twitter:label2\" content=\"Est. tempo de leitura\" \/>\n\t<meta name=\"twitter:data2\" content=\"1 minuto\" \/>\n<script type=\"application\/ld+json\" class=\"yoast-schema-graph\">{\"@context\":\"https:\\\/\\\/schema.org\",\"@graph\":[{\"@type\":\"Article\",\"@id\":\"https:\\\/\\\/aconteceunovale.com.br\\\/portal\\\/?p=140539#article\",\"isPartOf\":{\"@id\":\"https:\\\/\\\/aconteceunovale.com.br\\\/portal\\\/?p=140539\"},\"author\":{\"name\":\"Aconteceu no Vale\",\"@id\":\"https:\\\/\\\/aconteceunovale.com.br\\\/portal\\\/#\\\/schema\\\/person\\\/633529146f2c94272bef50ac2953d589\"},\"headline\":\"Homem \u00e9 encontrado morto dentro de c\u00f3rrego no munic\u00edpio de Padre Para\u00edso, no Vale do Jequitinhonha\",\"datePublished\":\"2018-12-10T21:01:38+00:00\",\"dateModified\":\"2026-09-02T16:34:20+00:00\",\"mainEntityOfPage\":{\"@id\":\"https:\\\/\\\/aconteceunovale.com.br\\\/portal\\\/?p=140539\"},\"wordCount\":266,\"commentCount\":0,\"image\":{\"@id\":\"https:\\\/\\\/aconteceunovale.com.br\\\/portal\\\/?p=140539#primaryimage\"},\"thumbnailUrl\":\"https:\\\/\\\/aconteceunovale.com.br\\\/portal\\\/wp-content\\\/uploads\\\/2018\\\/12\\\/corpo_coqueiros_pp.jpg\",\"keywords\":[\"Acidente C\u00f3rrego Coqueiros\",\"Acidente Padre do Para\u00edso\",\"Afogado em Padre do Para\u00edso\",\"Afogamento em Padre do Para\u00edso\",\"C\u00f3rrego Coqueiros\",\"Encontrado morto no C\u00f3rrego Coqueiros\",\"Homem \u00e9 encontrado morto dentro de c\u00f3rrego no munic\u00edpio de Padre Para\u00edso\",\"Homem \u00e9 encontrado morto dentro de c\u00f3rrego no munic\u00edpio de Padre Para\u00edso no Vale do Jequitinhonha\",\"Homem encontrado morto em Padre do Para\u00edso\",\"Jos\u00e9 Luiz Ferreira Pereira\",\"Morto em Padre do Para\u00edso\",\"no Vale do Jequitinhonha\",\"Padre do Para\u00edso\"],\"articleSection\":[\"Padre Para\u00edso\",\"Vale do Jequitinhonha\"],\"inLanguage\":\"pt-BR\",\"potentialAction\":[{\"@type\":\"CommentAction\",\"name\":\"Comment\",\"target\":[\"https:\\\/\\\/aconteceunovale.com.br\\\/portal\\\/?p=140539#respond\"]}]},{\"@type\":\"WebPage\",\"@id\":\"https:\\\/\\\/aconteceunovale.com.br\\\/portal\\\/?p=140539\",\"url\":\"https:\\\/\\\/aconteceunovale.com.br\\\/portal\\\/?p=140539\",\"name\":\"Homem \u00e9 encontrado morto dentro de c\u00f3rrego no munic\u00edpio de Padre Para\u00edso, no Vale do Jequitinhonha - Aconteceu no Vale\",\"isPartOf\":{\"@id\":\"https:\\\/\\\/aconteceunovale.com.br\\\/portal\\\/#website\"},\"primaryImageOfPage\":{\"@id\":\"https:\\\/\\\/aconteceunovale.com.br\\\/portal\\\/?p=140539#primaryimage\"},\"image\":{\"@id\":\"https:\\\/\\\/aconteceunovale.com.br\\\/portal\\\/?p=140539#primaryimage\"},\"thumbnailUrl\":\"https:\\\/\\\/aconteceunovale.com.br\\\/portal\\\/wp-content\\\/uploads\\\/2018\\\/12\\\/corpo_coqueiros_pp.jpg\",\"datePublished\":\"2018-12-10T21:01:38+00:00\",\"dateModified\":\"2026-09-02T16:34:20+00:00\",\"author\":{\"@id\":\"https:\\\/\\\/aconteceunovale.com.br\\\/portal\\\/#\\\/schema\\\/person\\\/633529146f2c94272bef50ac2953d589\"},\"breadcrumb\":{\"@id\":\"https:\\\/\\\/aconteceunovale.com.br\\\/portal\\\/?p=140539#breadcrumb\"},\"inLanguage\":\"pt-BR\",\"potentialAction\":[{\"@type\":\"ReadAction\",\"target\":[\"https:\\\/\\\/aconteceunovale.com.br\\\/portal\\\/?p=140539\"]}]},{\"@type\":\"ImageObject\",\"inLanguage\":\"pt-BR\",\"@id\":\"https:\\\/\\\/aconteceunovale.com.br\\\/portal\\\/?p=140539#primaryimage\",\"url\":\"https:\\\/\\\/aconteceunovale.com.br\\\/portal\\\/wp-content\\\/uploads\\\/2018\\\/12\\\/corpo_coqueiros_pp.jpg\",\"contentUrl\":\"https:\\\/\\\/aconteceunovale.com.br\\\/portal\\\/wp-content\\\/uploads\\\/2018\\\/12\\\/corpo_coqueiros_pp.jpg\",\"width\":653,\"height\":450},{\"@type\":\"BreadcrumbList\",\"@id\":\"https:\\\/\\\/aconteceunovale.com.br\\\/portal\\\/?p=140539#breadcrumb\",\"itemListElement\":[{\"@type\":\"ListItem\",\"position\":1,\"name\":\"In\u00edcio\",\"item\":\"https:\\\/\\\/aconteceunovale.com.br\\\/portal\\\/\"},{\"@type\":\"ListItem\",\"position\":2,\"name\":\"Homem \u00e9 encontrado morto dentro de c\u00f3rrego no munic\u00edpio de Padre Para\u00edso, no Vale do Jequitinhonha\"}]},{\"@type\":\"WebSite\",\"@id\":\"https:\\\/\\\/aconteceunovale.com.br\\\/portal\\\/#website\",\"url\":\"https:\\\/\\\/aconteceunovale.com.br\\\/portal\\\/\",\"name\":\"Aconteceu no Vale\",\"description\":\"Portal de Not\u00edcias\",\"potentialAction\":[{\"@type\":\"SearchAction\",\"target\":{\"@type\":\"EntryPoint\",\"urlTemplate\":\"https:\\\/\\\/aconteceunovale.com.br\\\/portal\\\/?s={search_term_string}\"},\"query-input\":{\"@type\":\"PropertyValueSpecification\",\"valueRequired\":true,\"valueName\":\"search_term_string\"}}],\"inLanguage\":\"pt-BR\"},{\"@type\":\"Person\",\"@id\":\"https:\\\/\\\/aconteceunovale.com.br\\\/portal\\\/#\\\/schema\\\/person\\\/633529146f2c94272bef50ac2953d589\",\"name\":\"Aconteceu no Vale\",\"description\":\"Equipe de reportagem do Aconteceu no Vale, portal de not\u00edcias do Vale do Jequitinhonha, em Minas Gerais. Cobrimos as 51 cidades do Vale desde 2013. Sugest\u00f5es de pauta e pedidos de corre\u00e7\u00e3o: contato@aconteceunovale.com.br\",\"sameAs\":[\"http:\\\/\\\/www.aconteceunovale.com.br\"],\"url\":\"https:\\\/\\\/aconteceunovale.com.br\\\/portal\\\/?author=1\"}]}<\/script>\n<!-- \/ Yoast SEO plugin. -->","yoast_head_json":{"title":"Homem \u00e9 encontrado morto dentro de c\u00f3rrego no munic\u00edpio de Padre Para\u00edso, no Vale do Jequitinhonha - Aconteceu no Vale","robots":{"index":"index","follow":"follow","max-snippet":"max-snippet:-1","max-image-preview":"max-image-preview:large","max-video-preview":"max-video-preview:-1"},"canonical":"https:\/\/aconteceunovale.com.br\/portal\/?p=140539","og_locale":"pt_BR","og_type":"article","og_title":"Homem \u00e9 encontrado morto dentro de c\u00f3rrego no munic\u00edpio de Padre Para\u00edso, no Vale do Jequitinhonha - Aconteceu no Vale","og_description":"Um homem de 39 anos foi encontrado morto na manh\u00e3 desta segunda-feira (10\/12\/2018) no C\u00f3rrego Coqueiros, zona rural de Padre Para\u00edso, no Vale do Jequitinhonha. Segundo a Pol\u00edcia Militar (PM), a v\u00edtima, identificada como Jos\u00e9 Luiz Ferreira Pereira, estava na companhia de outras duas pessoas. Ainda segundo a PM, os tr\u00eas ocupantes do ve\u00edculo estavam [&hellip;]","og_url":"https:\/\/aconteceunovale.com.br\/portal\/?p=140539","og_site_name":"Aconteceu no Vale","article_publisher":"https:\/\/www.facebook.com\/aconteceunovale\/","article_published_time":"2018-12-10T21:01:38+00:00","article_modified_time":"2026-09-02T16:34:20+00:00","og_image":[{"width":653,"height":450,"url":"https:\/\/aconteceunovale.com.br\/portal\/wp-content\/uploads\/2018\/12\/corpo_coqueiros_pp.jpg","type":"image\/jpeg"}],"author":"Aconteceu no Vale","twitter_card":"summary_large_image","twitter_creator":"@noticiadosvales","twitter_site":"@noticiadosvales","twitter_misc":{"Escrito por":"Aconteceu no Vale","Est. tempo de leitura":"1 minuto"},"schema":{"@context":"https:\/\/schema.org","@graph":[{"@type":"Article","@id":"https:\/\/aconteceunovale.com.br\/portal\/?p=140539#article","isPartOf":{"@id":"https:\/\/aconteceunovale.com.br\/portal\/?p=140539"},"author":{"name":"Aconteceu no Vale","@id":"https:\/\/aconteceunovale.com.br\/portal\/#\/schema\/person\/633529146f2c94272bef50ac2953d589"},"headline":"Homem \u00e9 encontrado morto dentro de c\u00f3rrego no munic\u00edpio de Padre Para\u00edso, no Vale do Jequitinhonha","datePublished":"2018-12-10T21:01:38+00:00","dateModified":"2026-09-02T16:34:20+00:00","mainEntityOfPage":{"@id":"https:\/\/aconteceunovale.com.br\/portal\/?p=140539"},"wordCount":266,"commentCount":0,"image":{"@id":"https:\/\/aconteceunovale.com.br\/portal\/?p=140539#primaryimage"},"thumbnailUrl":"https:\/\/aconteceunovale.com.br\/portal\/wp-content\/uploads\/2018\/12\/corpo_coqueiros_pp.jpg","keywords":["Acidente C\u00f3rrego Coqueiros","Acidente Padre do Para\u00edso","Afogado em Padre do Para\u00edso","Afogamento em Padre do Para\u00edso","C\u00f3rrego Coqueiros","Encontrado morto no C\u00f3rrego Coqueiros","Homem \u00e9 encontrado morto dentro de c\u00f3rrego no munic\u00edpio de Padre Para\u00edso","Homem \u00e9 encontrado morto dentro de c\u00f3rrego no munic\u00edpio de Padre Para\u00edso no Vale do Jequitinhonha","Homem encontrado morto em Padre do Para\u00edso","Jos\u00e9 Luiz Ferreira Pereira","Morto em Padre do Para\u00edso","no Vale do Jequitinhonha","Padre do Para\u00edso"],"articleSection":["Padre Para\u00edso","Vale do Jequitinhonha"],"inLanguage":"pt-BR","potentialAction":[{"@type":"CommentAction","name":"Comment","target":["https:\/\/aconteceunovale.com.br\/portal\/?p=140539#respond"]}]},{"@type":"WebPage","@id":"https:\/\/aconteceunovale.com.br\/portal\/?p=140539","url":"https:\/\/aconteceunovale.com.br\/portal\/?p=140539","name":"Homem \u00e9 encontrado morto dentro de c\u00f3rrego no munic\u00edpio de Padre Para\u00edso, no Vale do Jequitinhonha - Aconteceu no Vale","isPartOf":{"@id":"https:\/\/aconteceunovale.com.br\/portal\/#website"},"primaryImageOfPage":{"@id":"https:\/\/aconteceunovale.com.br\/portal\/?p=140539#primaryimage"},"image":{"@id":"https:\/\/aconteceunovale.com.br\/portal\/?p=140539#primaryimage"},"thumbnailUrl":"https:\/\/aconteceunovale.com.br\/portal\/wp-content\/uploads\/2018\/12\/corpo_coqueiros_pp.jpg","datePublished":"2018-12-10T21:01:38+00:00","dateModified":"2026-09-02T16:34:20+00:00","author":{"@id":"https:\/\/aconteceunovale.com.br\/portal\/#\/schema\/person\/633529146f2c94272bef50ac2953d589"},"breadcrumb":{"@id":"https:\/\/aconteceunovale.com.br\/portal\/?p=140539#breadcrumb"},"inLanguage":"pt-BR","potentialAction":[{"@type":"ReadAction","target":["https:\/\/aconteceunovale.com.br\/portal\/?p=140539"]}]},{"@type":"ImageObject","inLanguage":"pt-BR","@id":"https:\/\/aconteceunovale.com.br\/portal\/?p=140539#primaryimage","url":"https:\/\/aconteceunovale.com.br\/portal\/wp-content\/uploads\/2018\/12\/corpo_coqueiros_pp.jpg","contentUrl":"https:\/\/aconteceunovale.com.br\/portal\/wp-content\/uploads\/2018\/12\/corpo_coqueiros_pp.jpg","width":653,"height":450},{"@type":"BreadcrumbList","@id":"https:\/\/aconteceunovale.com.br\/portal\/?p=140539#breadcrumb","itemListElement":[{"@type":"ListItem","position":1,"name":"In\u00edcio","item":"https:\/\/aconteceunovale.com.br\/portal\/"},{"@type":"ListItem","position":2,"name":"Homem \u00e9 encontrado morto dentro de c\u00f3rrego no munic\u00edpio de Padre Para\u00edso, no Vale do Jequitinhonha"}]},{"@type":"WebSite","@id":"https:\/\/aconteceunovale.com.br\/portal\/#website","url":"https:\/\/aconteceunovale.com.br\/portal\/","name":"Aconteceu no Vale","description":"Portal de Not\u00edcias","potentialAction":[{"@type":"SearchAction","target":{"@type":"EntryPoint","urlTemplate":"https:\/\/aconteceunovale.com.br\/portal\/?s={search_term_string}"},"query-input":{"@type":"PropertyValueSpecification","valueRequired":true,"valueName":"search_term_string"}}],"inLanguage":"pt-BR"},{"@type":"Person","@id":"https:\/\/aconteceunovale.com.br\/portal\/#\/schema\/person\/633529146f2c94272bef50ac2953d589","name":"Aconteceu no Vale","description":"Equipe de reportagem do Aconteceu no Vale, portal de not\u00edcias do Vale do Jequitinhonha, em Minas Gerais. Cobrimos as 51 cidades do Vale desde 2013. Sugest\u00f5es de pauta e pedidos de corre\u00e7\u00e3o: contato@aconteceunovale.com.br","sameAs":["http:\/\/www.aconteceunovale.com.br"],"url":"https:\/\/aconteceunovale.com.br\/portal\/?author=1"}]}},"_links":{"self":[{"href":"https:\/\/aconteceunovale.com.br\/portal\/index.php?rest_route=\/wp\/v2\/posts\/140539","targetHints":{"allow":["GET"]}}],"collection":[{"href":"https:\/\/aconteceunovale.com.br\/portal\/index.php?rest_route=\/wp\/v2\/posts"}],"about":[{"href":"https:\/\/aconteceunovale.com.br\/portal\/index.php?rest_route=\/wp\/v2\/types\/post"}],"author":[{"embeddable":true,"href":"https:\/\/aconteceunovale.com.br\/portal\/index.php?rest_route=\/wp\/v2\/users\/1"}],"replies":[{"embeddable":true,"href":"https:\/\/aconteceunovale.com.br\/portal\/index.php?rest_route=%2Fwp%2Fv2%2Fcomments&post=140539"}],"version-history":[{"count":1,"href":"https:\/\/aconteceunovale.com.br\/portal\/index.php?rest_route=\/wp\/v2\/posts\/140539\/revisions"}],"predecessor-version":[{"id":201527,"href":"https:\/\/aconteceunovale.com.br\/portal\/index.php?rest_route=\/wp\/v2\/posts\/140539\/revisions\/201527"}],"wp:featuredmedia":[{"embeddable":true,"href":"https:\/\/aconteceunovale.com.br\/portal\/index.php?rest_route=\/wp\/v2\/media\/140540"}],"wp:attachment":[{"href":"https:\/\/aconteceunovale.com.br\/portal\/index.php?rest_route=%2Fwp%2Fv2%2Fmedia&parent=140539"}],"wp:term":[{"taxonomy":"category","embeddable":true,"href":"https:\/\/aconteceunovale.com.br\/portal\/index.php?rest_route=%2Fwp%2Fv2%2Fcategories&post=140539"},{"taxonomy":"post_tag","embeddable":true,"href":"https:\/\/aconteceunovale.com.br\/portal\/index.php?rest_route=%2Fwp%2Fv2%2Ftags&post=140539"}],"curies":[{"name":"wp","href":"https:\/\/api.w.org\/{rel}","templated":true}]}}