{"id":140530,"date":"2018-12-10T18:17:24","date_gmt":"2018-12-10T20:17:24","guid":{"rendered":"http:\/\/aconteceunovale.com.br\/portal\/?p=140530"},"modified":"2018-12-10T18:25:55","modified_gmt":"2018-12-10T20:25:55","slug":"romeu-zema-anuncia-secretarios-da-saude-impacto-social-e-ouvidoria-geral-do-estado","status":"publish","type":"post","link":"https:\/\/aconteceunovale.com.br\/portal\/?p=140530","title":{"rendered":"Romeu Zema anuncia secret\u00e1rios da Sa\u00fade, Impacto Social e Ouvidoria Geral do Estado"},"content":{"rendered":"<p>O governador eleito de Minas Gerais, Romeu Zema (NOVO), anunciou nesta segunda-feira (10\/12\/2018) os nomes dos secret\u00e1rios para a pr\u00f3xima gest\u00e3o estadual para as pastas de Sa\u00fade, Impacto Social e Ouvidoria Geral do Estado. <\/p>\n<p>Para a Secretaria de Sa\u00fade, o escolhido \u00e9 o m\u00e9dico Wagner Eduardo Ferreira, que encerra neste m\u00eas o mandato \u00e0 frente da Presid\u00eancia da Funda\u00e7\u00e3o Educacional Lucas Machado (FELUMA), entidade mantenedora do Hospital Universit\u00e1rio Ci\u00eancias M\u00e9dicas e da Faculdade de Ci\u00eancias M\u00e9dicas \u2013 (FCM-MG). <\/p>\n<p>A economista Elizabeth Juc\u00e1 ser\u00e1 a respons\u00e1vel pela pasta denominada de Impacto Social, que vai reunir as atuais secretarias de Trabalho e Desenvolvimento Social. <\/p>\n<p>J\u00e1 a Ouvidoria Geral do Estado, que \u00e9 respons\u00e1vel por receber, sugest\u00f5es, cr\u00edticas, den\u00fancias, reclama\u00e7\u00f5es relativas \u00e0 administra\u00e7\u00e3o estadual, ficar\u00e1 a cargo da advogada Simone Deoud. <\/p>\n<p>No dia 22 de novembro, o governador eleito Romeu Zema j\u00e1 havia confirmado as escolhas do contador Gustavo Barbosa para a Secretaria de Fazenda e do engenheiro Otto Alexandre Levy Reis para a pasta de Planejamento e Gest\u00e3o.<\/p>\n<p><strong><\/p>\n<h4>Wagner Eduardo Ferreira<\/h4>\n<p><\/strong><\/p>\n<p>Nascido em Belo Horizonte (MG), Wagner Eduardo Ferreira \u00e9 m\u00e9dico formado pela Faculdade de Ci\u00eancias M\u00e9dicas de Minas Gerais e bi\u00f3logo pela Universidade Federal de Minas Gerais (UFMG). Tem especializa\u00e7\u00e3o em cl\u00ednica m\u00e9dica na Santa Casa de Belo Horizonte e mestrado em infectologia pela Universidade de S\u00e3o Paulo (USP). \u00c9 professor assistente de Cl\u00ednica M\u00e9dica da Faculdade Ci\u00eancias M\u00e9dicas de Minas Gerais desde 1993 e \u00e9 o atual presidente da Funda\u00e7\u00e3o Educacional Lucas Machado, (FELUMA), entidade mantenedora do Hospital Universit\u00e1rio Ci\u00eancias M\u00e9dicas e da Faculdade de Ci\u00eancias M\u00e9dicas (FCM-MG). Wagner Eduardo Ferreira tamb\u00e9m foi presidente do MG Transplantes. Ele ainda participou do grupo que fundou e criou o Cons\u00f3rcio Intermunicipal de Sa\u00fade do Estado de Minas Gerais.<\/p>\n<p><img decoding=\"async\" src=\"http:\/\/aconteceunovale.com.br\/portal\/wp-content\/uploads\/2018\/12\/secretario_zema_10dez_1.jpg\" alt=\"\" \/><em>Wagner Eduardo Ferreira (Foto: Divulga\u00e7\u00e3o\/Novo)<\/em><br \/>\n<\/br><\/p>\n<p><strong><\/p>\n<h4>Elizabeth Juc\u00e1<\/h4>\n<p><\/strong><\/p>\n<p>Radicada em Juiz de Fora, na Zona da Mata, Elizabeth Juc\u00e1, \u00e9 servidora p\u00fablica. Ela j\u00e1 ocupou os cargos de controladora Geral do Munic\u00edpio e secret\u00e1ria de Planejamento e Gest\u00e3o e de Sa\u00fade. \u00c9 mestre em lideran\u00e7a e gest\u00e3o p\u00fablica, especialista em Finan\u00e7as pela Universidade Federal de Juiz de Fora (UFJF), onde tamb\u00e9m se graduou em Ci\u00eancias Econ\u00f4micas. Concursada como t\u00e9cnica de N\u00edvel Superior III, tamb\u00e9m \u00e9 professora da Faculdade Vianna J\u00fanior.<\/p>\n<p><img decoding=\"async\" src=\"http:\/\/aconteceunovale.com.br\/portal\/wp-content\/uploads\/2018\/12\/secretario_zema_10dez_2.jpg\" alt=\"\" \/><em>Elizabeth Juc\u00e1 (Foto: Divulga\u00e7\u00e3o\/Novo)<\/em><br \/>\n<\/br><\/p>\n<p><strong><\/p>\n<h4>Simone Deoud Siqueira<\/h4>\n<p><\/strong><\/p>\n<p>Simone Deoud Siqueira \u00e9 de Barbacena, na Zona da Mata. Graduada em direito pela Universidade Federal de Minas Gerais (UFMG), \u00e9 advogada com mais de 30 anos de experi\u00eancia. Atualmente \u00e9 consultora jur\u00eddica.<\/p>\n<p><img decoding=\"async\" src=\"http:\/\/aconteceunovale.com.br\/portal\/wp-content\/uploads\/2018\/12\/secretario_zema_10dez_3.jpg\" alt=\"\" \/><em>Simone Deoud Siqueira (Foto: Divulga\u00e7\u00e3o\/Novo)<\/em><br \/>\n<\/br><\/p>\n<p><strong>VER PRIMEIRO<\/strong><\/p>\n<p>Receba as not\u00edcias do Aconteceu no Vale em primeira m\u00e3o. Clique em curtir no endere\u00e7o <a href=\"https:\/\/www.facebook.com\/aconteceunovale\" target=\"_blank\"><font color=\"red\">www.facebook.com\/aconteceunovale<\/font><\/a> ou no box abaixo:<\/p>\n<div class=\"fb-like\" data-href=\"https:\/\/www.facebook.com\/aconteceunovale\" data-width=\"120\" data-layout=\"standard\" data-action=\"like\" data-size=\"small\" data-show-faces=\"true\" data-share=\"true\"><\/div>\n<p><\/br><\/p>\n<p><em>(Fonte: Novo \/ G1 Minas)<\/em><\/p>\n","protected":false},"excerpt":{"rendered":"<p>O governador eleito de Minas Gerais, Romeu Zema (NOVO), anunciou nesta segunda-feira (10\/12\/2018) os nomes dos secret\u00e1rios para a pr\u00f3xima gest\u00e3o estadual para as pastas de Sa\u00fade, Impacto Social e Ouvidoria Geral do Estado. Para a Secretaria de Sa\u00fade, o escolhido \u00e9 o m\u00e9dico Wagner Eduardo Ferreira, que encerra neste m\u00eas o mandato \u00e0 frente [&hellip;]<\/p>\n","protected":false},"author":1,"featured_media":140534,"comment_status":"open","ping_status":"closed","sticky":false,"template":"","format":"standard","meta":{"amp_status":"","footnotes":""},"categories":[123,40240],"tags":[194,187133,1018,189138,189141,187143,187137,187138,187144,189148,189152,189146,177497,189142,187145,187146,189151,189145,189149,187136,189147,189144,189150,189143,178207,189140,187140,187142,187141,187134,187135,189139,220,189137,181383,187139],"class_list":["post-140530","post","type-post","status-publish","format-standard","has-post-thumbnail","hentry","category-gerais","category-politica-2","tag-belo-horizonte","tag-conheca-os-dois-primeiros-secretarios-anunciados-por-romeu-zema","tag-destaque","tag-elizabeth-juca","tag-futuro-secretario-de-saude-de-minas-gerais","tag-governador-eleito-de-minas-gerais","tag-governo-romeu-zema","tag-governo-zema","tag-gustavo-barbosa","tag-informacoes-elizabeth-juca","tag-informacoes-simone-deoud","tag-informacoes-wagner-eduardo-ferreira","tag-novo","tag-novo-secretario-de-saude-de-minas-gerais","tag-otto-alexandre-levy-reis","tag-otto-levy-reis","tag-perfil-de-simone-deoud","tag-perfil-de-wagner-eduardo-ferreira","tag-perfil-elizabeth-juca","tag-primeiros-secretarios-anunciados-por-romeu-zema","tag-quem-e-elizabeth-juca","tag-quem-e-o-futuro-secretario-de-saude-de-minas","tag-quem-e-simone-deoud","tag-quem-e-wagner-eduardo-ferreira","tag-romeu-zema","tag-romeu-zema-anuncia-secretarios-da-saude-impacto-social-e-ouvidoria-geral-do-estado","tag-romeu-zema-anuncia-secretarios-de-fazenda-e-planejamento","tag-secretario-de-fazenda-romeu-zema","tag-secretario-de-planejamento-romeu-zema","tag-secretarios-anunciados-por-romeu-zema","tag-secretarios-romeu-zema","tag-simone-deoud","tag-uberaba","tag-wagner-eduardo-ferreira","tag-zema","tag-zema-anuncia-secretarios-de-fazenda-e-planejamento"],"_links":{"self":[{"href":"https:\/\/aconteceunovale.com.br\/portal\/index.php?rest_route=\/wp\/v2\/posts\/140530","targetHints":{"allow":["GET"]}}],"collection":[{"href":"https:\/\/aconteceunovale.com.br\/portal\/index.php?rest_route=\/wp\/v2\/posts"}],"about":[{"href":"https:\/\/aconteceunovale.com.br\/portal\/index.php?rest_route=\/wp\/v2\/types\/post"}],"author":[{"embeddable":true,"href":"https:\/\/aconteceunovale.com.br\/portal\/index.php?rest_route=\/wp\/v2\/users\/1"}],"replies":[{"embeddable":true,"href":"https:\/\/aconteceunovale.com.br\/portal\/index.php?rest_route=%2Fwp%2Fv2%2Fcomments&post=140530"}],"version-history":[{"count":0,"href":"https:\/\/aconteceunovale.com.br\/portal\/index.php?rest_route=\/wp\/v2\/posts\/140530\/revisions"}],"wp:featuredmedia":[{"embeddable":true,"href":"https:\/\/aconteceunovale.com.br\/portal\/index.php?rest_route=\/wp\/v2\/media\/140534"}],"wp:attachment":[{"href":"https:\/\/aconteceunovale.com.br\/portal\/index.php?rest_route=%2Fwp%2Fv2%2Fmedia&parent=140530"}],"wp:term":[{"taxonomy":"category","embeddable":true,"href":"https:\/\/aconteceunovale.com.br\/portal\/index.php?rest_route=%2Fwp%2Fv2%2Fcategories&post=140530"},{"taxonomy":"post_tag","embeddable":true,"href":"https:\/\/aconteceunovale.com.br\/portal\/index.php?rest_route=%2Fwp%2Fv2%2Ftags&post=140530"}],"curies":[{"name":"wp","href":"https:\/\/api.w.org\/{rel}","templated":true}]}}